{"id":56621,"date":"2025-12-11T17:44:01","date_gmt":"2025-12-11T23:44:01","guid":{"rendered":"https:\/\/labestiapolitica.com.mx\/?p=56621"},"modified":"2025-12-11T17:44:01","modified_gmt":"2025-12-11T23:44:01","slug":"pide-fanny-amador-voto-de-confianza-al-congreso-asegura-que-recuperara-credibilidad-judicial","status":"publish","type":"post","link":"https:\/\/labestiapolitica.com.mx\/?p=56621","title":{"rendered":"Pide Fanny Amador voto de confianza al Congreso; asegura que recuperar\u00e1 credibilidad judicial"},"content":{"rendered":"<p style=\"text-align: justify;\">Fabiola M\u00e1rquez\/\/La presidenta del Poder Judicial, Fanny Amador Montes, acudi\u00f3 al Congreso del Estado para entregar, en formato escrito, el informe anual de actividades correspondiente al \u00faltimo ejercicio.<\/p>\n<p style=\"text-align: justify;\">La magistrada se\u00f1al\u00f3 que este documento es solo una primera etapa, pues la rendici\u00f3n completa se realizar\u00e1 el 15 de diciembre, conforme lo establece la ley.<\/p>\n<p style=\"text-align: justify;\">Ese d\u00eda, explic\u00f3, presentar\u00e1 un informe m\u00e1s detallado ante el Pleno del Tribunal Superior de Justicia, el Tribunal de Disciplina y el \u00d3rgano de Administraci\u00f3n, donde se expondr\u00e1n de manera amplia los resultados del trabajo realizado durante el a\u00f1o por las distintas \u00e1reas del Poder Judicial. Amador Montes subray\u00f3 que en esta presentaci\u00f3n se dar\u00e1 cuenta del esfuerzo colectivo y de los avances alcanzados en las metas trazadas.<\/p>\n<p style=\"text-align: justify;\">Destac\u00f3 adem\u00e1s que el 2026 ser\u00e1 un a\u00f1o fundamental para consolidar la implementaci\u00f3n de los proyectos prioritarios que actualmente est\u00e1n en curso, y que buscan fortalecer la operaci\u00f3n interna, mejorar procesos y garantizar mayor eficiencia en la impartici\u00f3n de justicia.<\/p>\n<p style=\"text-align: justify;\">Cuestionada sobre el desaf\u00edo de recuperar la credibilidad del Poder Judicial ante una ciudadan\u00eda que exige instituciones m\u00e1s transparentes, la presidenta reconoci\u00f3 que todos los poderes p\u00fablicos atraviesan momentos complejos. Sin embargo, afirm\u00f3 que su reciente designaci\u00f3n abre un nuevo periodo para demostrar, a trav\u00e9s del trabajo y resultados concretos, que la instituci\u00f3n puede recuperar la confianza de la sociedad.<\/p>\n<p style=\"text-align: justify;\">\u201cAhora tenemos un periodo para demostrar que, a trav\u00e9s del trabajo, vamos a dar buenos resultados\u201d, sostuvo, al reiterar que su compromiso ser\u00e1 encabezar un Poder Judicial m\u00e1s eficiente, cercano y capaz de responder a las expectativas de los tlaxcaltecas.<\/p>\n","protected":false},"excerpt":{"rendered":"<p>Fabiola M\u00e1rquez\/\/La presidenta del Poder Judicial, Fanny Amador Montes, acudi\u00f3 al Congreso del Estado para entregar, en formato escrito, el informe anual de actividades correspondiente al \u00faltimo ejercicio. La magistrada se\u00f1al\u00f3 que este documento es solo una primera etapa, pues la rendici\u00f3n completa se realizar\u00e1 el 15 de diciembre, conforme lo establece la ley. Ese [&hellip;]<\/p>\n","protected":false},"author":3,"featured_media":56625,"comment_status":"open","ping_status":"open","sticky":false,"template":"","format":"standard","meta":{"footnotes":""},"categories":[3,7],"tags":[],"class_list":["post-56621","post","type-post","status-publish","format-standard","has-post-thumbnail","hentry","category-8-columnas","category-ciudadanos"],"amp_enabled":true,"_links":{"self":[{"href":"https:\/\/labestiapolitica.com.mx\/index.php?rest_route=\/wp\/v2\/posts\/56621","targetHints":{"allow":["GET"]}}],"collection":[{"href":"https:\/\/labestiapolitica.com.mx\/index.php?rest_route=\/wp\/v2\/posts"}],"about":[{"href":"https:\/\/labestiapolitica.com.mx\/index.php?rest_route=\/wp\/v2\/types\/post"}],"author":[{"embeddable":true,"href":"https:\/\/labestiapolitica.com.mx\/index.php?rest_route=\/wp\/v2\/users\/3"}],"replies":[{"embeddable":true,"href":"https:\/\/labestiapolitica.com.mx\/index.php?rest_route=%2Fwp%2Fv2%2Fcomments&post=56621"}],"version-history":[{"count":1,"href":"https:\/\/labestiapolitica.com.mx\/index.php?rest_route=\/wp\/v2\/posts\/56621\/revisions"}],"predecessor-version":[{"id":56626,"href":"https:\/\/labestiapolitica.com.mx\/index.php?rest_route=\/wp\/v2\/posts\/56621\/revisions\/56626"}],"wp:featuredmedia":[{"embeddable":true,"href":"https:\/\/labestiapolitica.com.mx\/index.php?rest_route=\/wp\/v2\/media\/56625"}],"wp:attachment":[{"href":"https:\/\/labestiapolitica.com.mx\/index.php?rest_route=%2Fwp%2Fv2%2Fmedia&parent=56621"}],"wp:term":[{"taxonomy":"category","embeddable":true,"href":"https:\/\/labestiapolitica.com.mx\/index.php?rest_route=%2Fwp%2Fv2%2Fcategories&post=56621"},{"taxonomy":"post_tag","embeddable":true,"href":"https:\/\/labestiapolitica.com.mx\/index.php?rest_route=%2Fwp%2Fv2%2Ftags&post=56621"}],"curies":[{"name":"wp","href":"https:\/\/api.w.org\/{rel}","templated":true}]}}