{"id":56624,"date":"2025-12-11T18:20:16","date_gmt":"2025-12-12T00:20:16","guid":{"rendered":"https:\/\/labestiapolitica.com.mx\/?p=56624"},"modified":"2025-12-11T18:20:16","modified_gmt":"2025-12-12T00:20:16","slug":"invitan-a-las-actividades-taurinas-dentro-de-aldea-magica-este-jueves-11-de-diciembre-en-huamantla","status":"publish","type":"post","link":"https:\/\/labestiapolitica.com.mx\/?p=56624","title":{"rendered":"Invitan a las actividades taurinas dentro de Aldea M\u00e1gica este jueves 11 de diciembre en Huamantla."},"content":{"rendered":"<p style=\"text-align: justify;\">El H. Ayuntamiento de Huamantla invita a toda la ciudadan\u00eda a participar en las actividades culturales y taurinas programadas para este jueves 11 de diciembre, dentro del marco de Aldea M\u00e1gica, un espacio que destaca el talento local, la tradici\u00f3n y la identidad huamantleca.<\/p>\n<p style=\"text-align: justify;\">Las actividades iniciar\u00e1n a las 17:00 horas con la inauguraci\u00f3n de la exposici\u00f3n de Artesanos Huamantlecos, donde se exhibir\u00e1n piezas elaboradas con t\u00e9cnicas tradicionales y contempor\u00e1neas.<\/p>\n<p style=\"text-align: justify;\">A las 17:15 horas, se llevar\u00e1 a cabo la inauguraci\u00f3n de la exposici\u00f3n \u201cArte y Tradici\u00f3n en Huamantla: Alebrijes Taurinos\u201d, inspirada en la Feria Internacional del Arte Ef\u00edmero y la Dalia, con obras del maestro Francisco Rivas, artista certificado por Swarovski.<\/p>\n<p style=\"text-align: justify;\">Posteriormente, a las 17:30 horas, se abrir\u00e1 la muestra pict\u00f3rica \u201cMaestros Huamantlecos e Invitados\u201d, que re\u00fane obras de creadores locales y artistas invitados, fortaleciendo el intercambio cultural y el reconocimiento al talento de la regi\u00f3n.<\/p>\n<p style=\"text-align: justify;\">Finalmente, a las 18:00 horas, se realizar\u00e1 el Conversatorio Taurino impartido por el maestro Isaac Fonseca, quien abordar\u00e1 la convocatoria del Concurso Nacional para la Creaci\u00f3n del Himno Taurino de M\u00e9xico. La charla ser\u00e1 moderada por el comunicador Ren\u00e9 Breton S\u00e1nchez.<\/p>\n<p style=\"text-align: justify;\">El Ayuntamiento de Huamantla reitera la invitaci\u00f3n a todas las familias, visitantes y amantes del arte y la tradici\u00f3n a disfrutar de estas actividades que forman parte de la programaci\u00f3n especial de Aldea M\u00e1gica 2025, fortaleciendo la cultura y reafirmando el orgullo huamantleco.<\/p>\n<p style=\"text-align: justify;\">#PorAmorAHuamantla \ud83d\udc9a\u2728<\/p>\n","protected":false},"excerpt":{"rendered":"<p>El H. Ayuntamiento de Huamantla invita a toda la ciudadan\u00eda a participar en las actividades culturales y taurinas programadas para este jueves 11 de diciembre, dentro del marco de Aldea M\u00e1gica, un espacio que destaca el talento local, la tradici\u00f3n y la identidad huamantleca. Las actividades iniciar\u00e1n a las 17:00 horas con la inauguraci\u00f3n de [&hellip;]<\/p>\n","protected":false},"author":5,"featured_media":56630,"comment_status":"open","ping_status":"open","sticky":false,"template":"","format":"standard","meta":{"footnotes":""},"categories":[7,220,216],"tags":[],"class_list":["post-56624","post","type-post","status-publish","format-standard","has-post-thumbnail","hentry","category-ciudadanos","category-huamantla","category-municipios"],"amp_enabled":true,"_links":{"self":[{"href":"https:\/\/labestiapolitica.com.mx\/index.php?rest_route=\/wp\/v2\/posts\/56624","targetHints":{"allow":["GET"]}}],"collection":[{"href":"https:\/\/labestiapolitica.com.mx\/index.php?rest_route=\/wp\/v2\/posts"}],"about":[{"href":"https:\/\/labestiapolitica.com.mx\/index.php?rest_route=\/wp\/v2\/types\/post"}],"author":[{"embeddable":true,"href":"https:\/\/labestiapolitica.com.mx\/index.php?rest_route=\/wp\/v2\/users\/5"}],"replies":[{"embeddable":true,"href":"https:\/\/labestiapolitica.com.mx\/index.php?rest_route=%2Fwp%2Fv2%2Fcomments&post=56624"}],"version-history":[{"count":1,"href":"https:\/\/labestiapolitica.com.mx\/index.php?rest_route=\/wp\/v2\/posts\/56624\/revisions"}],"predecessor-version":[{"id":56631,"href":"https:\/\/labestiapolitica.com.mx\/index.php?rest_route=\/wp\/v2\/posts\/56624\/revisions\/56631"}],"wp:featuredmedia":[{"embeddable":true,"href":"https:\/\/labestiapolitica.com.mx\/index.php?rest_route=\/wp\/v2\/media\/56630"}],"wp:attachment":[{"href":"https:\/\/labestiapolitica.com.mx\/index.php?rest_route=%2Fwp%2Fv2%2Fmedia&parent=56624"}],"wp:term":[{"taxonomy":"category","embeddable":true,"href":"https:\/\/labestiapolitica.com.mx\/index.php?rest_route=%2Fwp%2Fv2%2Fcategories&post=56624"},{"taxonomy":"post_tag","embeddable":true,"href":"https:\/\/labestiapolitica.com.mx\/index.php?rest_route=%2Fwp%2Fv2%2Ftags&post=56624"}],"curies":[{"name":"wp","href":"https:\/\/api.w.org\/{rel}","templated":true}]}}