{"id":56660,"date":"2025-12-11T19:05:29","date_gmt":"2025-12-12T01:05:29","guid":{"rendered":"https:\/\/labestiapolitica.com.mx\/?p=56660"},"modified":"2025-12-11T19:05:36","modified_gmt":"2025-12-12T01:05:36","slug":"56660","status":"publish","type":"post","link":"https:\/\/labestiapolitica.com.mx\/?p=56660","title":{"rendered":"Inici\u00f3 CEDHT queja de oficio contra servidor p\u00fablico que presuntamente agredi\u00f3 a un periodista."},"content":{"rendered":"<ul>\n<li style=\"text-align: justify;\"><em>Se hace la investigaci\u00f3n correspondiente para determinar responsabilidades del presunto agresor<\/em><\/li>\n<\/ul>\n<p style=\"text-align: justify;\">La Comisi\u00f3n Estatal de Derechos Humanos de Tlaxcala (CEDHT) inici\u00f3 una queja de oficio en contra de una persona servidora p\u00fablica de la Secretar\u00eda de Gobierno Estado de Tlaxcala, quien, de acuerdo con diversas notas publicadas en medios de comunicaci\u00f3n, agredi\u00f3 a un periodista que estaba en el ejercicio de sus funciones.<\/p>\n<p style=\"text-align: justify;\">A trav\u00e9s de la Defensor\u00eda I con sede en Tlaxcala, la Comisi\u00f3n inici\u00f3 una investigaci\u00f3n inmediata, solicitando informes, tanto a la autoridad se\u00f1alada en las notas period\u00edsticas como con la presunta v\u00edctima, para determinar si hubo o no violaci\u00f3n a derechos humanos.<\/p>\n<p style=\"text-align: justify;\">La presidenta de la CEDHT, Jakqueline Ordo\u00f1ez Brasdefer mencion\u00f3 que, desde febrero de 2022, la Comisi\u00f3n hizo suyo el pronunciamiento realizado por la Federaci\u00f3n Mexicana de Organismos P\u00fablicos de los Derechos Humanos (FMOPDH), en el sentido de que el Estado mexicano debe implementar medidas de protecci\u00f3n para garantizar la vida, integridad, libertad y seguridad de las personas en situaci\u00f3n de riesgo como consecuencia del ejercicio de la libertad de expresi\u00f3n y el periodismo.<\/p>\n<p>Agreg\u00f3 que nada justifica una agresi\u00f3n contra periodistas, quienes son la voz de la sociedad y quienes con motivo de su labor ponen en riesgo su integridad, seguridad personal y su vida.<\/p>\n","protected":false},"excerpt":{"rendered":"<p>Se hace la investigaci\u00f3n correspondiente para determinar responsabilidades del presunto agresor La Comisi\u00f3n Estatal de Derechos Humanos de Tlaxcala (CEDHT) inici\u00f3 una queja de oficio en contra de una persona servidora p\u00fablica de la Secretar\u00eda de Gobierno Estado de Tlaxcala, quien, de acuerdo con diversas notas publicadas en medios de comunicaci\u00f3n, agredi\u00f3 a un periodista [&hellip;]<\/p>\n","protected":false},"author":5,"featured_media":56661,"comment_status":"open","ping_status":"open","sticky":false,"template":"","format":"standard","meta":{"footnotes":""},"categories":[232],"tags":[],"class_list":["post-56660","post","type-post","status-publish","format-standard","has-post-thumbnail","hentry","category-derechos-humanos-tlaxcala"],"amp_enabled":true,"_links":{"self":[{"href":"https:\/\/labestiapolitica.com.mx\/index.php?rest_route=\/wp\/v2\/posts\/56660","targetHints":{"allow":["GET"]}}],"collection":[{"href":"https:\/\/labestiapolitica.com.mx\/index.php?rest_route=\/wp\/v2\/posts"}],"about":[{"href":"https:\/\/labestiapolitica.com.mx\/index.php?rest_route=\/wp\/v2\/types\/post"}],"author":[{"embeddable":true,"href":"https:\/\/labestiapolitica.com.mx\/index.php?rest_route=\/wp\/v2\/users\/5"}],"replies":[{"embeddable":true,"href":"https:\/\/labestiapolitica.com.mx\/index.php?rest_route=%2Fwp%2Fv2%2Fcomments&post=56660"}],"version-history":[{"count":2,"href":"https:\/\/labestiapolitica.com.mx\/index.php?rest_route=\/wp\/v2\/posts\/56660\/revisions"}],"predecessor-version":[{"id":56663,"href":"https:\/\/labestiapolitica.com.mx\/index.php?rest_route=\/wp\/v2\/posts\/56660\/revisions\/56663"}],"wp:featuredmedia":[{"embeddable":true,"href":"https:\/\/labestiapolitica.com.mx\/index.php?rest_route=\/wp\/v2\/media\/56661"}],"wp:attachment":[{"href":"https:\/\/labestiapolitica.com.mx\/index.php?rest_route=%2Fwp%2Fv2%2Fmedia&parent=56660"}],"wp:term":[{"taxonomy":"category","embeddable":true,"href":"https:\/\/labestiapolitica.com.mx\/index.php?rest_route=%2Fwp%2Fv2%2Fcategories&post=56660"},{"taxonomy":"post_tag","embeddable":true,"href":"https:\/\/labestiapolitica.com.mx\/index.php?rest_route=%2Fwp%2Fv2%2Ftags&post=56660"}],"curies":[{"name":"wp","href":"https:\/\/api.w.org\/{rel}","templated":true}]}}