{"id":56668,"date":"2025-12-12T09:13:59","date_gmt":"2025-12-12T15:13:59","guid":{"rendered":"https:\/\/labestiapolitica.com.mx\/?p=56668"},"modified":"2025-12-12T09:14:59","modified_gmt":"2025-12-12T15:14:59","slug":"hasta-donde-aguantamos-la-linea-entre-la-critica-profesional-y-la-amenaza-punible","status":"publish","type":"post","link":"https:\/\/labestiapolitica.com.mx\/?p=56668","title":{"rendered":"\u00bfHasta d\u00f3nde aguantamos? La l\u00ednea entre la cr\u00edtica profesional y la amenaza punible"},"content":{"rendered":"<p class=\"p1\" style=\"text-align: justify;\"><span class=\"s1\">Ayer durante<span class=\"Apple-converted-space\">\u00a0 <\/span>la conferencia magistral \u201cProtecci\u00f3n y atenci\u00f3n para personas defensoras de derechos humanos y periodistas\u201d, lanc\u00e9 un cuestionamiento que involucra a quienes hacemos columnas de opini\u00f3n, o notas sobre temas que calan susceptibilidades, pero tambi\u00e9n sobre aquellos que se han sentido en riesgo por realizar su labor period\u00edstica. <\/span><\/p>\n<p class=\"p1\" style=\"text-align: justify;\"><span class=\"s1\">No era una duda te\u00f3rica, surgida de un manual de \u00e9tica period\u00edstica. Era el eco de llamadas telef\u00f3nicas inc\u00f3modas, de mensajes que se leen entre l\u00edneas, de un nudo en el est\u00f3mago que se forma cuando el trabajo que uno hace con la cabeza y las convicciones, recibe como respuesta una reacci\u00f3n visceral que huele a intimidaci\u00f3n, no puedo generalizar, pero creo que a m\u00e1s de uno de mis compa\u00f1eros nos ha pasado. <\/span><\/p>\n<p class=\"p1\" style=\"text-align: justify;\"><span class=\"s1\">Desde mi trinchera, y s\u00e9 que hablo por varios colegas que hacen opini\u00f3n o cr\u00edtica, siempre he cre\u00eddo en una l\u00ednea clara: nuestra pluma (o nuestro teclado) se ocupa del trabajo p\u00fablico, de los actos profesionales, de las decisiones que afectan a otros. La vida privada es un territorio ajeno. Por eso, cuando un funcionario o servidor p\u00fablico nos exige bajar una columna, nos pide cambiar el tono o, en los casos m\u00e1s crudos, nos lanza una amenaza, la perplejidad es profunda. \u00bfEn qu\u00e9 momento la cr\u00edtica a una pol\u00edtica, a una gesti\u00f3n, a un discurso, se interpret\u00f3 como una declaraci\u00f3n de guerra personal? Nosotros no cruzamos esa frontera. Ellos, a veces, s\u00ed.<\/span><\/p>\n<p class=\"p1\" style=\"text-align: justify;\"><span class=\"s1\">Mi pregunta, as\u00ed sin maquillaje y sin retoques, nac\u00eda de la duda: \u00bfhasta d\u00f3nde aguantamos? He visto colegas, con justificad\u00edsimo miedo, decidir bajar un texto. Otros, nos aferramos a no ceder, convencidos de que nuestro oficio tiene un fundamento y un derecho. Pero la presi\u00f3n es real, y el desgaste, emocional y a veces f\u00edsico, tambi\u00e9n. \u00bfEs valent\u00eda o terquedad? \u00bfD\u00f3nde est\u00e1 el l\u00edmite entre la prudencia y la claudicaci\u00f3n?<\/span><\/p>\n<p class=\"p1\" style=\"text-align: justify;\"><span class=\"s1\">La respuesta de Tobyanne Ledesma me dio un marco, pero no me dejo del todo convencida. Me hizo ver que lo que sufrimos no es un \u00abmalentendido laboral\u00bb o un \u00abconflicto de percepciones\u00bb. Es algo con nombre y apellido: es una amenaza punible. Es un hecho que subraya que la intolerancia a la cr\u00edtica quiere silenciar cualquier forma de disenso, incluso la m\u00e1s puramente interpretativa y argumentativa. Su referencia al \u00abbloqueo informativo a trav\u00e9s de la amenaza\u00bb calz\u00f3 perfecto con lo que sentimos: no quieren un debate de ideas, quieren un silencio obediente.<\/span><\/p>\n<p class=\"p1\" style=\"text-align: justify;\"><span class=\"s1\">Tambi\u00e9n me dej\u00f3 una tarea y una exigencia. La tarea es interior: perder el miedo a nombrar la amenaza, a considerar la denuncia no como un acto de debilidad, sino de defensa leg\u00edtima de nuestro espacio.<\/span><\/p>\n","protected":false},"excerpt":{"rendered":"<p>Ayer durante\u00a0 la conferencia magistral \u201cProtecci\u00f3n y atenci\u00f3n para personas defensoras de derechos humanos y periodistas\u201d, lanc\u00e9 un cuestionamiento que involucra a quienes hacemos columnas de opini\u00f3n, o notas sobre temas que calan susceptibilidades, pero tambi\u00e9n sobre aquellos que se han sentido en riesgo por realizar su labor period\u00edstica. No era una duda te\u00f3rica, surgida [&hellip;]<\/p>\n","protected":false},"author":6,"featured_media":56669,"comment_status":"open","ping_status":"open","sticky":false,"template":"","format":"standard","meta":{"footnotes":""},"categories":[3,6],"tags":[],"class_list":["post-56668","post","type-post","status-publish","format-standard","has-post-thumbnail","hentry","category-8-columnas","category-opinion"],"amp_enabled":true,"_links":{"self":[{"href":"https:\/\/labestiapolitica.com.mx\/index.php?rest_route=\/wp\/v2\/posts\/56668","targetHints":{"allow":["GET"]}}],"collection":[{"href":"https:\/\/labestiapolitica.com.mx\/index.php?rest_route=\/wp\/v2\/posts"}],"about":[{"href":"https:\/\/labestiapolitica.com.mx\/index.php?rest_route=\/wp\/v2\/types\/post"}],"author":[{"embeddable":true,"href":"https:\/\/labestiapolitica.com.mx\/index.php?rest_route=\/wp\/v2\/users\/6"}],"replies":[{"embeddable":true,"href":"https:\/\/labestiapolitica.com.mx\/index.php?rest_route=%2Fwp%2Fv2%2Fcomments&post=56668"}],"version-history":[{"count":1,"href":"https:\/\/labestiapolitica.com.mx\/index.php?rest_route=\/wp\/v2\/posts\/56668\/revisions"}],"predecessor-version":[{"id":56670,"href":"https:\/\/labestiapolitica.com.mx\/index.php?rest_route=\/wp\/v2\/posts\/56668\/revisions\/56670"}],"wp:featuredmedia":[{"embeddable":true,"href":"https:\/\/labestiapolitica.com.mx\/index.php?rest_route=\/wp\/v2\/media\/56669"}],"wp:attachment":[{"href":"https:\/\/labestiapolitica.com.mx\/index.php?rest_route=%2Fwp%2Fv2%2Fmedia&parent=56668"}],"wp:term":[{"taxonomy":"category","embeddable":true,"href":"https:\/\/labestiapolitica.com.mx\/index.php?rest_route=%2Fwp%2Fv2%2Fcategories&post=56668"},{"taxonomy":"post_tag","embeddable":true,"href":"https:\/\/labestiapolitica.com.mx\/index.php?rest_route=%2Fwp%2Fv2%2Ftags&post=56668"}],"curies":[{"name":"wp","href":"https:\/\/api.w.org\/{rel}","templated":true}]}}