{"id":56671,"date":"2025-12-12T12:09:55","date_gmt":"2025-12-12T18:09:55","guid":{"rendered":"https:\/\/labestiapolitica.com.mx\/?p=56671"},"modified":"2025-12-12T12:09:55","modified_gmt":"2025-12-12T18:09:55","slug":"apizaco-avanza-y-se-prepara-para-nuevas-medidas-de-seguridad-afirma-javier-rivera-bonilla","status":"publish","type":"post","link":"https:\/\/labestiapolitica.com.mx\/?p=56671","title":{"rendered":"Apizaco avanza y se prepara para nuevas medidas de seguridad, afirma Javier Rivera Bonilla"},"content":{"rendered":"<p style=\"text-align: justify;\">Fabiola M\u00e1rquez\/\/En entrevista colectiva, tras la entrega de una nueva ambulancia, el presidente municipal de Apizaco, Javier Rivera Bonilla, destac\u00f3 que el ayuntamiento cerrar\u00e1 el a\u00f1o 2025 con avances que afirm\u00f3 \u201cno se hab\u00edan logrado en administraciones anteriores\u201d, particularmente en temas de infraestructura, servicios p\u00fablicos y seguridad.<\/p>\n<p style=\"text-align: justify;\">Rivera Bonilla subray\u00f3 que su gobierno ha logrado avanzar en rubros que llevaban a\u00f1os rezagados, como el mejoramiento vial, el reforzamiento operativo de las \u00e1reas de auxilio y la ampliaci\u00f3n de programas sociales para zonas vulnerables. \u201cNo fue sencillo, pero demostramos que cuando se administra con orden y disciplina se pueden obtener resultados tangibles\u201d, se\u00f1al\u00f3.<\/p>\n<p style=\"text-align: justify;\">El alcalde adelant\u00f3 que, para el pr\u00f3ximo a\u00f1o, su administraci\u00f3n ya trabaja en un nuevo esquema de coordinaci\u00f3n policial que involucrar\u00e1 tecnolog\u00eda, participaci\u00f3n ciudadana y acciones preventivas. Se\u00f1al\u00f3 que uno de los principales objetivos es combatir el ingreso y circulaci\u00f3n de armas, a trav\u00e9s de filtros, operativos conjuntos y un mayor intercambio de informaci\u00f3n con autoridades estatales y federales.<\/p>\n<p style=\"text-align: justify;\">\u201cHoy tenemos un municipio m\u00e1s vigilado y m\u00e1s preparado, pero no nos vamos a confiar. La seguridad es un tema que exige ajustes permanentes. Vamos a cerrar filas y reforzar las acciones para mantener a Apizaco como una de las ciudades m\u00e1s seguras de la regi\u00f3n\u201d, apunt\u00f3.<\/p>\n<p style=\"text-align: justify;\">Rivera Bonilla respald\u00f3 las recientes declaraciones del secretario de Seguridad federal, Omar Garc\u00eda Harfuch, quien destac\u00f3 que Tlaxcala se mantiene entre los estados con menor incidencia delictiva a nivel nacional. El edil afirm\u00f3 que este panorama favorece el desarrollo de municipios como Apizaco, pues permite que las estrategias locales tengan mayor impacto.<\/p>\n<p style=\"text-align: justify;\">\u201cCuando a nivel nacional se reconoce que Tlaxcala est\u00e1 en baja incidencia delictiva, eso habla del trabajo conjunto. Y Apizaco aporta su parte. Queremos seguir fortaleciendo este contexto y blindar a la ciudad frente a cualquier amenaza\u201d, se\u00f1al\u00f3<\/p>\n<p style=\"text-align: justify;\">Finalmente, el presidente municipal inform\u00f3 que el proyecto del puente a desnivel, considerado uno de los m\u00e1s importantes para mejorar la movilidad en el municipio, ya fue solicitado formalmente al Gobierno Federal. Asegur\u00f3 que la trascendencia de esta obra requiere la participaci\u00f3n de los tres niveles de gobierno, pues beneficiar\u00eda a miles de automovilistas y al sector comercial de la zona.<\/p>\n<p style=\"text-align: justify;\">\u201cEs una obra que Apizaco necesita con urgencia. Ya gestionamos el respaldo federal y estamos confiados en que, con la suma de esfuerzos, podr\u00e1 concretarse. Ser\u00e1 un cambio definitivo para el flujo vehicular y para la seguridad vial\u201d, afirm\u00f3 Rivera Bonilla.<\/p>\n<p style=\"text-align: justify;\">Con estos proyectos, el edil asegur\u00f3 que su administraci\u00f3n busca cerrar el a\u00f1o con resultados s\u00f3lidos y sentar las bases para un 2026 con mayores avances para la ciudadan\u00eda.<\/p>\n","protected":false},"excerpt":{"rendered":"<p>Fabiola M\u00e1rquez\/\/En entrevista colectiva, tras la entrega de una nueva ambulancia, el presidente municipal de Apizaco, Javier Rivera Bonilla, destac\u00f3 que el ayuntamiento cerrar\u00e1 el a\u00f1o 2025 con avances que afirm\u00f3 \u201cno se hab\u00edan logrado en administraciones anteriores\u201d, particularmente en temas de infraestructura, servicios p\u00fablicos y seguridad. Rivera Bonilla subray\u00f3 que su gobierno ha logrado [&hellip;]<\/p>\n","protected":false},"author":3,"featured_media":56672,"comment_status":"open","ping_status":"open","sticky":false,"template":"","format":"standard","meta":{"footnotes":""},"categories":[3,226,216],"tags":[],"class_list":["post-56671","post","type-post","status-publish","format-standard","has-post-thumbnail","hentry","category-8-columnas","category-apizaco","category-municipios"],"amp_enabled":true,"_links":{"self":[{"href":"https:\/\/labestiapolitica.com.mx\/index.php?rest_route=\/wp\/v2\/posts\/56671","targetHints":{"allow":["GET"]}}],"collection":[{"href":"https:\/\/labestiapolitica.com.mx\/index.php?rest_route=\/wp\/v2\/posts"}],"about":[{"href":"https:\/\/labestiapolitica.com.mx\/index.php?rest_route=\/wp\/v2\/types\/post"}],"author":[{"embeddable":true,"href":"https:\/\/labestiapolitica.com.mx\/index.php?rest_route=\/wp\/v2\/users\/3"}],"replies":[{"embeddable":true,"href":"https:\/\/labestiapolitica.com.mx\/index.php?rest_route=%2Fwp%2Fv2%2Fcomments&post=56671"}],"version-history":[{"count":1,"href":"https:\/\/labestiapolitica.com.mx\/index.php?rest_route=\/wp\/v2\/posts\/56671\/revisions"}],"predecessor-version":[{"id":56673,"href":"https:\/\/labestiapolitica.com.mx\/index.php?rest_route=\/wp\/v2\/posts\/56671\/revisions\/56673"}],"wp:featuredmedia":[{"embeddable":true,"href":"https:\/\/labestiapolitica.com.mx\/index.php?rest_route=\/wp\/v2\/media\/56672"}],"wp:attachment":[{"href":"https:\/\/labestiapolitica.com.mx\/index.php?rest_route=%2Fwp%2Fv2%2Fmedia&parent=56671"}],"wp:term":[{"taxonomy":"category","embeddable":true,"href":"https:\/\/labestiapolitica.com.mx\/index.php?rest_route=%2Fwp%2Fv2%2Fcategories&post=56671"},{"taxonomy":"post_tag","embeddable":true,"href":"https:\/\/labestiapolitica.com.mx\/index.php?rest_route=%2Fwp%2Fv2%2Ftags&post=56671"}],"curies":[{"name":"wp","href":"https:\/\/api.w.org\/{rel}","templated":true}]}}