{"id":56676,"date":"2025-12-12T12:42:58","date_gmt":"2025-12-12T18:42:58","guid":{"rendered":"https:\/\/labestiapolitica.com.mx\/?p=56676"},"modified":"2025-12-12T12:42:58","modified_gmt":"2025-12-12T18:42:58","slug":"tlaxcala-es-origen-raiz-y-destino-afirma-alfonso-sanchez-garcia-en-inicio-del-conversatorio-sobre-derechos-de-pueblos-originarios","status":"publish","type":"post","link":"https:\/\/labestiapolitica.com.mx\/?p=56676","title":{"rendered":"\u201cTlaxcala Es Origen, Ra\u00edz Y Destino\u201d, Afirma Alfonso S\u00e1nchez Garc\u00eda En Inicio Del Conversatorio Sobre Derechos De Pueblos Originarios"},"content":{"rendered":"<p style=\"text-align: justify;\">El presidente municipal de Tlaxcala, Alfonso S\u00e1nchez Garc\u00eda, fue anfitri\u00f3n en el protocolo de inicio del conversatorio sobre derechos de los pueblos originarios realizado en la capital, donde afirm\u00f3 que \u201chablar de los derechos ind\u00edgenas es reconocer la ra\u00edz misma de lo que somos como Estado y como naci\u00f3n\u201d.<\/p>\n<p style=\"text-align: justify;\">Durante el encuentro, en el que destac\u00f3 la presencia del secretario de Gobierno, Luis Antonio Ram\u00edrez Hern\u00e1ndez, en representaci\u00f3n del Gobierno del Estado, el edil capitalino destac\u00f3 que Tlaxcala conserva una herencia viva expresada en comunidades como Atlahapa, Tizatl\u00e1n y Metepec.<\/p>\n<p style=\"text-align: justify;\">En su oportunidad, el titular de la Segob en Tlaxcala se\u00f1al\u00f3 que la defensa de los derechos ind\u00edgenas define el presente y el futuro de Tlaxcala; adem\u00e1s, subray\u00f3 que la capital es un territorio hist\u00f3rico que alberga a los cuatro se\u00f1or\u00edos originarios, por lo que remarc\u00f3 que los tlaxcaltecas han sido pilares de identidad y cultura en M\u00e9xico y en diversas regiones del continente.<\/p>\n<p style=\"text-align: justify;\">Por su parte, la presidenta de la Comisi\u00f3n Estatal de Derechos Humanos (CEDH), Jakqueline Ord\u00f3\u00f1ez Brasdefer, destac\u00f3 la fuerza simb\u00f3lica de este evento, pues coincide con el cierre de los 16 d\u00edas de activismo y el D\u00eda Internacional de los Derechos Humanos.<\/p>\n<p style=\"text-align: justify;\">Luego, Ord\u00f3\u00f1ez Brasdefer reiter\u00f3 el compromiso de la CEDH por seguir acompa\u00f1ando y promoviendo los derechos de las comunidades ind\u00edgenas y, finalmente, agradeci\u00f3 al Ayuntamiento de Tlaxcala por abrir sus puertas como sede del conversatorio y reconoci\u00f3 que la permanencia, fuerza colectiva y transmisi\u00f3n de saberes de los pueblos originarios siguen dando forma a la identidad tlaxcalteca.<\/p>\n<p style=\"text-align: justify;\">Durante el evento destac\u00f3 la presencia del presidente de El Colegio de Tlaxcala (Coltlax), Seraf\u00edn R\u00edos Elorza; en representaci\u00f3n de la Coordinaci\u00f3n General de la Universidad Intercultural de Tlaxcala, as\u00ed como integrantes del Cabildo de Tlaxcala, panelistas provenientes de diferentes instituciones acad\u00e9micas, y del Grupo Camaxtli.<\/p>\n","protected":false},"excerpt":{"rendered":"<p>El presidente municipal de Tlaxcala, Alfonso S\u00e1nchez Garc\u00eda, fue anfitri\u00f3n en el protocolo de inicio del conversatorio sobre derechos de los pueblos originarios realizado en la capital, donde afirm\u00f3 que \u201chablar de los derechos ind\u00edgenas es reconocer la ra\u00edz misma de lo que somos como Estado y como naci\u00f3n\u201d. Durante el encuentro, en el que [&hellip;]<\/p>\n","protected":false},"author":3,"featured_media":56677,"comment_status":"open","ping_status":"open","sticky":false,"template":"","format":"standard","meta":{"footnotes":""},"categories":[216,214],"tags":[],"class_list":["post-56676","post","type-post","status-publish","format-standard","has-post-thumbnail","hentry","category-municipios","category-tlaxcala-capital"],"amp_enabled":true,"_links":{"self":[{"href":"https:\/\/labestiapolitica.com.mx\/index.php?rest_route=\/wp\/v2\/posts\/56676","targetHints":{"allow":["GET"]}}],"collection":[{"href":"https:\/\/labestiapolitica.com.mx\/index.php?rest_route=\/wp\/v2\/posts"}],"about":[{"href":"https:\/\/labestiapolitica.com.mx\/index.php?rest_route=\/wp\/v2\/types\/post"}],"author":[{"embeddable":true,"href":"https:\/\/labestiapolitica.com.mx\/index.php?rest_route=\/wp\/v2\/users\/3"}],"replies":[{"embeddable":true,"href":"https:\/\/labestiapolitica.com.mx\/index.php?rest_route=%2Fwp%2Fv2%2Fcomments&post=56676"}],"version-history":[{"count":1,"href":"https:\/\/labestiapolitica.com.mx\/index.php?rest_route=\/wp\/v2\/posts\/56676\/revisions"}],"predecessor-version":[{"id":56678,"href":"https:\/\/labestiapolitica.com.mx\/index.php?rest_route=\/wp\/v2\/posts\/56676\/revisions\/56678"}],"wp:featuredmedia":[{"embeddable":true,"href":"https:\/\/labestiapolitica.com.mx\/index.php?rest_route=\/wp\/v2\/media\/56677"}],"wp:attachment":[{"href":"https:\/\/labestiapolitica.com.mx\/index.php?rest_route=%2Fwp%2Fv2%2Fmedia&parent=56676"}],"wp:term":[{"taxonomy":"category","embeddable":true,"href":"https:\/\/labestiapolitica.com.mx\/index.php?rest_route=%2Fwp%2Fv2%2Fcategories&post=56676"},{"taxonomy":"post_tag","embeddable":true,"href":"https:\/\/labestiapolitica.com.mx\/index.php?rest_route=%2Fwp%2Fv2%2Ftags&post=56676"}],"curies":[{"name":"wp","href":"https:\/\/api.w.org\/{rel}","templated":true}]}}