{"id":58154,"date":"2026-01-13T10:55:47","date_gmt":"2026-01-13T16:55:47","guid":{"rendered":"https:\/\/labestiapolitica.com.mx\/?p=58154"},"modified":"2026-01-13T10:55:47","modified_gmt":"2026-01-13T16:55:47","slug":"%f0%9f%93%b0%f0%9f%a4%9d-pri-tlaxcala-refuerza-vinculo-con-medios-y-perfila-ruta-rumbo-a-2027","status":"publish","type":"post","link":"https:\/\/labestiapolitica.com.mx\/?p=58154","title":{"rendered":"\ud83d\udcf0\ud83e\udd1d PRI Tlaxcala refuerza v\u00ednculo con medios y perfila ruta rumbo a 2027"},"content":{"rendered":"<p style=\"text-align: justify;\" data-start=\"79\" data-end=\"463\">En un ejercicio de apertura y comunicaci\u00f3n directa, el Comit\u00e9 Directivo Estatal del Partido Revolucionario Institucional (PRI) en Tlaxcala llev\u00f3 a cabo una rueda de prensa con representantes de medios de comunicaci\u00f3n, con el objetivo de compartir informaci\u00f3n relevante y fortalecer la relaci\u00f3n de colaboraci\u00f3n para mantener informada a la ciudadan\u00eda de manera clara, oportuna y veraz.<\/p>\n<p style=\"text-align: justify;\" data-start=\"465\" data-end=\"834\">Durante el encuentro, la dirigencia estatal abord\u00f3 diversos temas estrat\u00e9gicos para la vida interna del partido y su proyecci\u00f3n rumbo al proceso electoral de 2027. Entre ellos, se destac\u00f3 la <strong data-start=\"656\" data-end=\"668\">Copa PRI<\/strong>, una iniciativa que impulsa la participaci\u00f3n de j\u00f3venes en actividades deportivas, fomentando valores como la disciplina, el trabajo en equipo y la sana convivencia.<\/p>\n<p style=\"text-align: justify;\" data-start=\"836\" data-end=\"1105\">Asimismo, se habl\u00f3 de la reciente presentaci\u00f3n del libro de Joaqu\u00edn Cisneros, espacio en el que se record\u00f3 el respaldo que el PRI brind\u00f3 durante su campa\u00f1a, refrendando el acompa\u00f1amiento pol\u00edtico y el impulso a proyectos que fortalecen la reflexi\u00f3n y el debate p\u00fablico.<\/p>\n<p style=\"text-align: justify;\" data-start=\"1107\" data-end=\"1410\">En el plano legislativo y pol\u00edtico, la dirigencia priista reconoci\u00f3 el trabajo de la <strong data-start=\"1192\" data-end=\"1233\"><span class=\"hover:entity-accent entity-underline inline cursor-pointer align-baseline\"><span class=\"whitespace-normal\">Anabell \u00c1valos Zempoalteca<\/span><\/span><\/strong>, a quien destacaron por su desempe\u00f1o en el Senado de la Rep\u00fablica, subrayando que cuenta con el apoyo y reconocimiento del partido por su labor en favor de Tlaxcala y del pa\u00eds.<\/p>\n<p style=\"text-align: justify;\" data-start=\"1412\" data-end=\"1895\">El presidente estatal del PRI, <strong data-start=\"1443\" data-end=\"1484\"><span class=\"hover:entity-accent entity-underline inline cursor-pointer align-baseline\"><span class=\"whitespace-normal\">Enrique Padilla S\u00e1nchez<\/span><\/span><\/strong>, inform\u00f3 que al partido le fueron asignados <strong data-start=\"1529\" data-end=\"1555\">1 mill\u00f3n 800 mil pesos<\/strong>, recurso que calific\u00f3 como significativo en el actual contexto financiero. No obstante, enfatiz\u00f3 que la estrategia ser\u00e1 optimizar cada peso para fortalecer la estructura partidista.<br data-start=\"1737\" data-end=\"1740\" \/>\u201cVamos a hacer m\u00e1s con menos\u201d, afirm\u00f3, al reiterar que el PRI trabaja con responsabilidad y visi\u00f3n para consolidarse como una opci\u00f3n s\u00f3lida de cara a 2027.<\/p>\n<p style=\"text-align: justify;\" data-start=\"1897\" data-end=\"2113\" data-is-last-node=\"\" data-is-only-node=\"\">Con este encuentro, el PRI Tlaxcala reafirm\u00f3 su compromiso con la transparencia, la cercan\u00eda con los medios de comunicaci\u00f3n y la construcci\u00f3n de un partido fuerte, organizado y en permanente contacto con la sociedad.<\/p>\n<p data-start=\"1897\" data-end=\"2113\" data-is-last-node=\"\" data-is-only-node=\"\"><a href=\"https:\/\/labestiapolitica.com.mx\/wp-content\/uploads\/2026\/01\/20260113_092504.heic\"><img decoding=\"async\" class=\"alignnone size-full wp-image-58156\" src=\"https:\/\/labestiapolitica.com.mx\/wp-content\/uploads\/2026\/01\/20260113_092504.heic\" alt=\"\" \/><\/a><a href=\"https:\/\/labestiapolitica.com.mx\/wp-content\/uploads\/2026\/01\/20260113_092504-1.heic\"><img decoding=\"async\" class=\"alignnone size-full wp-image-58157\" src=\"https:\/\/labestiapolitica.com.mx\/wp-content\/uploads\/2026\/01\/20260113_092504-1.heic\" alt=\"\" \/><\/a><img loading=\"lazy\" decoding=\"async\" class=\"alignnone size-full wp-image-58159\" src=\"https:\/\/labestiapolitica.com.mx\/wp-content\/uploads\/2026\/01\/WhatsApp-Image-2026-01-13-at-10.55.27-AM.jpeg\" alt=\"\" width=\"1600\" height=\"1200\" srcset=\"https:\/\/labestiapolitica.com.mx\/wp-content\/uploads\/2026\/01\/WhatsApp-Image-2026-01-13-at-10.55.27-AM.jpeg 1600w, https:\/\/labestiapolitica.com.mx\/wp-content\/uploads\/2026\/01\/WhatsApp-Image-2026-01-13-at-10.55.27-AM-300x225.jpeg 300w, https:\/\/labestiapolitica.com.mx\/wp-content\/uploads\/2026\/01\/WhatsApp-Image-2026-01-13-at-10.55.27-AM-1024x768.jpeg 1024w, https:\/\/labestiapolitica.com.mx\/wp-content\/uploads\/2026\/01\/WhatsApp-Image-2026-01-13-at-10.55.27-AM-768x576.jpeg 768w, https:\/\/labestiapolitica.com.mx\/wp-content\/uploads\/2026\/01\/WhatsApp-Image-2026-01-13-at-10.55.27-AM-1536x1152.jpeg 1536w\" sizes=\"auto, (max-width: 1600px) 100vw, 1600px\" \/><\/p>\n","protected":false},"excerpt":{"rendered":"<p>En un ejercicio de apertura y comunicaci\u00f3n directa, el Comit\u00e9 Directivo Estatal del Partido Revolucionario Institucional (PRI) en Tlaxcala llev\u00f3 a cabo una rueda de prensa con representantes de medios de comunicaci\u00f3n, con el objetivo de compartir informaci\u00f3n relevante y fortalecer la relaci\u00f3n de colaboraci\u00f3n para mantener informada a la ciudadan\u00eda de manera clara, oportuna [&hellip;]<\/p>\n","protected":false},"author":3,"featured_media":58155,"comment_status":"open","ping_status":"open","sticky":false,"template":"","format":"standard","meta":{"footnotes":""},"categories":[247,250],"tags":[],"class_list":["post-58154","post","type-post","status-publish","format-standard","has-post-thumbnail","hentry","category-politica","category-pri"],"amp_enabled":true,"_links":{"self":[{"href":"https:\/\/labestiapolitica.com.mx\/index.php?rest_route=\/wp\/v2\/posts\/58154","targetHints":{"allow":["GET"]}}],"collection":[{"href":"https:\/\/labestiapolitica.com.mx\/index.php?rest_route=\/wp\/v2\/posts"}],"about":[{"href":"https:\/\/labestiapolitica.com.mx\/index.php?rest_route=\/wp\/v2\/types\/post"}],"author":[{"embeddable":true,"href":"https:\/\/labestiapolitica.com.mx\/index.php?rest_route=\/wp\/v2\/users\/3"}],"replies":[{"embeddable":true,"href":"https:\/\/labestiapolitica.com.mx\/index.php?rest_route=%2Fwp%2Fv2%2Fcomments&post=58154"}],"version-history":[{"count":1,"href":"https:\/\/labestiapolitica.com.mx\/index.php?rest_route=\/wp\/v2\/posts\/58154\/revisions"}],"predecessor-version":[{"id":58160,"href":"https:\/\/labestiapolitica.com.mx\/index.php?rest_route=\/wp\/v2\/posts\/58154\/revisions\/58160"}],"wp:featuredmedia":[{"embeddable":true,"href":"https:\/\/labestiapolitica.com.mx\/index.php?rest_route=\/wp\/v2\/media\/58155"}],"wp:attachment":[{"href":"https:\/\/labestiapolitica.com.mx\/index.php?rest_route=%2Fwp%2Fv2%2Fmedia&parent=58154"}],"wp:term":[{"taxonomy":"category","embeddable":true,"href":"https:\/\/labestiapolitica.com.mx\/index.php?rest_route=%2Fwp%2Fv2%2Fcategories&post=58154"},{"taxonomy":"post_tag","embeddable":true,"href":"https:\/\/labestiapolitica.com.mx\/index.php?rest_route=%2Fwp%2Fv2%2Ftags&post=58154"}],"curies":[{"name":"wp","href":"https:\/\/api.w.org\/{rel}","templated":true}]}}