{"id":58167,"date":"2026-01-13T12:11:54","date_gmt":"2026-01-13T18:11:54","guid":{"rendered":"https:\/\/labestiapolitica.com.mx\/?p=58167"},"modified":"2026-01-13T12:11:54","modified_gmt":"2026-01-13T18:11:54","slug":"gobierno-estatal-refuerza-apoyo-a-las-juventudes-con-inversion-historica-en-la-uptx","status":"publish","type":"post","link":"https:\/\/labestiapolitica.com.mx\/?p=58167","title":{"rendered":"GOBIERNO ESTATAL REFUERZA APOYO A LAS JUVENTUDES CON INVERSI\u00d3N HIST\u00d3RICA EN LA UPTX"},"content":{"rendered":"<p style=\"text-align: justify;\" data-start=\"283\" data-end=\"500\"><em data-start=\"283\" data-end=\"500\">Con una inversi\u00f3n de 60 millones de pesos, la gobernadora Lorena Cu\u00e9llar Cisneros entreg\u00f3 infraestructura moderna, equipamiento especializado y unidades vehiculares para fortalecer la educaci\u00f3n superior en Tlaxcala.<\/em><\/p>\n<p style=\"text-align: justify;\" data-start=\"502\" data-end=\"851\">El Gobierno del Estado de Tlaxcala contin\u00faa impulsando acciones para ampliar las oportunidades de desarrollo de las juventudes, afirm\u00f3 la gobernadora Lorena Cu\u00e9llar Cisneros durante la entrega del edificio Unidad de Docencia Siete (UD7), un domo, equipamiento especializado y cuatro veh\u00edculos nuevos en la Universidad Polit\u00e9cnica de Tlaxcala (UPTx).<\/p>\n<p style=\"text-align: justify;\" data-start=\"853\" data-end=\"1144\">Durante el acto, la mandataria estatal subray\u00f3 que garantizar condiciones dignas y de calidad en los espacios educativos es una prioridad de su administraci\u00f3n, al considerar que la inversi\u00f3n en educaci\u00f3n representa una responsabilidad directa con el futuro de las y los j\u00f3venes tlaxcaltecas.<\/p>\n<p style=\"text-align: justify;\" data-start=\"1146\" data-end=\"1404\">\u201cEs fundamental que las y los estudiantes cuenten con todo lo necesario para su formaci\u00f3n. Hoy entregamos infraestructura, equipamiento y veh\u00edculos con una inversi\u00f3n de 60 millones de pesos, cuidando cada recurso y actuando con total transparencia\u201d, expres\u00f3.<\/p>\n<p style=\"text-align: justify;\" data-start=\"1406\" data-end=\"1819\">Detall\u00f3 que el nuevo edificio UD7 est\u00e1 equipado con aulas, laboratorios, oficinas para investigadores, una sala audiovisual y \u00e1reas comunes, lo que permitir\u00e1 fortalecer las actividades acad\u00e9micas y cient\u00edficas. Asimismo, destac\u00f3 que el domo servir\u00e1 como un espacio multifuncional para eventos acad\u00e9micos, culturales, deportivos y de convivencia, evitando gastos adicionales por la renta de instalaciones externas.<\/p>\n<p style=\"text-align: justify;\" data-start=\"1821\" data-end=\"2093\">Cu\u00e9llar Cisneros tambi\u00e9n resalt\u00f3 que Tlaxcala se mantiene entre las entidades con mayor crecimiento en generaci\u00f3n de empleo a nivel nacional, lo que representa un factor clave para que las y los egresados encuentren oportunidades laborales una vez concluidos sus estudios.<\/p>\n<p style=\"text-align: justify;\" data-start=\"2095\" data-end=\"2381\">Por su parte, la rectora de la UPTx, Rosal\u00eda Nayeli P\u00e9rez Estrada, agradeci\u00f3 el respaldo constante del Gobierno del Estado y de la federaci\u00f3n, y se\u00f1al\u00f3 que el equipamiento entregado impactar\u00e1 positivamente a m\u00e1s de 6 mil estudiantes, cerca de 400 trabajadores y 26 programas educativos.<\/p>\n<p style=\"text-align: justify;\" data-start=\"2383\" data-end=\"2604\">Indic\u00f3 que la nueva infraestructura permitir\u00e1 fortalecer laboratorios, \u00e1reas de c\u00f3mputo, espacios deportivos y herramientas especializadas, contribuyendo al desarrollo acad\u00e9mico y cient\u00edfico de la comunidad universitaria.<\/p>\n<p style=\"text-align: justify;\" data-start=\"2606\" data-end=\"2795\">\u201cLa Universidad Polit\u00e9cnica de Tlaxcala celebra hoy contar con un edificio moderno y funcional, dise\u00f1ado para atender las necesidades de estudiantes, docentes e investigadores\u201d, puntualiz\u00f3.<\/p>\n<p style=\"text-align: justify;\" data-start=\"2797\" data-end=\"3097\">En tanto, el secretario de Educaci\u00f3n P\u00fablica del Estado, Homero Meneses Hern\u00e1ndez, destac\u00f3 que la inversi\u00f3n en infraestructura educativa va m\u00e1s all\u00e1 de la obra f\u00edsica, ya que representa una apuesta por el desarrollo humano y el fortalecimiento de la educaci\u00f3n media superior y superior en la entidad.<\/p>\n<p style=\"text-align: justify;\" data-start=\"3099\" data-end=\"3379\">Durante el evento, se entregaron reconocimientos a estudiantes que realizar\u00e1n estancias acad\u00e9micas en Colombia, as\u00ed como a una docente que particip\u00f3 en actividades acad\u00e9micas en Escocia, quienes fueron reconocidos por representar a Tlaxcala y a la UPTx en el \u00e1mbito internacional.<\/p>\n<p style=\"text-align: justify;\" data-start=\"3381\" data-end=\"3651\">Finalmente, la gobernadora hizo entrega de cuatro unidades vehiculares, entre autom\u00f3viles y camionetas modelos 2025 y 2026, que se integran al parque vehicular universitario para apoyar traslados seguros en actividades acad\u00e9micas, administrativas y visitas industriales.<\/p>\n<p style=\"text-align: justify;\" data-start=\"3653\" data-end=\"3834\">Con estas acciones, el Gobierno del Estado de Tlaxcala reafirma su compromiso con una educaci\u00f3n superior de calidad, incluyente y orientada al desarrollo integral de las juventudes.<\/p>\n<p data-start=\"3653\" data-end=\"3834\"><img loading=\"lazy\" decoding=\"async\" class=\"alignnone size-full wp-image-58169\" src=\"https:\/\/labestiapolitica.com.mx\/wp-content\/uploads\/2026\/01\/WhatsApp-Image-2026-01-13-at-11.01.56-AM-4.jpeg\" alt=\"\" width=\"1280\" height=\"854\" srcset=\"https:\/\/labestiapolitica.com.mx\/wp-content\/uploads\/2026\/01\/WhatsApp-Image-2026-01-13-at-11.01.56-AM-4.jpeg 1280w, https:\/\/labestiapolitica.com.mx\/wp-content\/uploads\/2026\/01\/WhatsApp-Image-2026-01-13-at-11.01.56-AM-4-300x200.jpeg 300w, https:\/\/labestiapolitica.com.mx\/wp-content\/uploads\/2026\/01\/WhatsApp-Image-2026-01-13-at-11.01.56-AM-4-1024x683.jpeg 1024w, https:\/\/labestiapolitica.com.mx\/wp-content\/uploads\/2026\/01\/WhatsApp-Image-2026-01-13-at-11.01.56-AM-4-768x512.jpeg 768w\" sizes=\"auto, (max-width: 1280px) 100vw, 1280px\" \/> <img loading=\"lazy\" decoding=\"async\" class=\"alignnone size-full wp-image-58170\" src=\"https:\/\/labestiapolitica.com.mx\/wp-content\/uploads\/2026\/01\/WhatsApp-Image-2026-01-13-at-11.01.56-AM-3.jpeg\" alt=\"\" width=\"1280\" height=\"854\" srcset=\"https:\/\/labestiapolitica.com.mx\/wp-content\/uploads\/2026\/01\/WhatsApp-Image-2026-01-13-at-11.01.56-AM-3.jpeg 1280w, https:\/\/labestiapolitica.com.mx\/wp-content\/uploads\/2026\/01\/WhatsApp-Image-2026-01-13-at-11.01.56-AM-3-300x200.jpeg 300w, https:\/\/labestiapolitica.com.mx\/wp-content\/uploads\/2026\/01\/WhatsApp-Image-2026-01-13-at-11.01.56-AM-3-1024x683.jpeg 1024w, https:\/\/labestiapolitica.com.mx\/wp-content\/uploads\/2026\/01\/WhatsApp-Image-2026-01-13-at-11.01.56-AM-3-768x512.jpeg 768w\" sizes=\"auto, (max-width: 1280px) 100vw, 1280px\" \/> <img loading=\"lazy\" decoding=\"async\" class=\"alignnone size-full wp-image-58171\" src=\"https:\/\/labestiapolitica.com.mx\/wp-content\/uploads\/2026\/01\/WhatsApp-Image-2026-01-13-at-11.01.56-AM-2.jpeg\" alt=\"\" width=\"1280\" height=\"720\" srcset=\"https:\/\/labestiapolitica.com.mx\/wp-content\/uploads\/2026\/01\/WhatsApp-Image-2026-01-13-at-11.01.56-AM-2.jpeg 1280w, https:\/\/labestiapolitica.com.mx\/wp-content\/uploads\/2026\/01\/WhatsApp-Image-2026-01-13-at-11.01.56-AM-2-300x169.jpeg 300w, https:\/\/labestiapolitica.com.mx\/wp-content\/uploads\/2026\/01\/WhatsApp-Image-2026-01-13-at-11.01.56-AM-2-1024x576.jpeg 1024w, https:\/\/labestiapolitica.com.mx\/wp-content\/uploads\/2026\/01\/WhatsApp-Image-2026-01-13-at-11.01.56-AM-2-768x432.jpeg 768w\" sizes=\"auto, (max-width: 1280px) 100vw, 1280px\" \/> <img loading=\"lazy\" decoding=\"async\" class=\"alignnone size-full wp-image-58172\" src=\"https:\/\/labestiapolitica.com.mx\/wp-content\/uploads\/2026\/01\/WhatsApp-Image-2026-01-13-at-11.01.56-AM-1.jpeg\" alt=\"\" width=\"1280\" height=\"854\" srcset=\"https:\/\/labestiapolitica.com.mx\/wp-content\/uploads\/2026\/01\/WhatsApp-Image-2026-01-13-at-11.01.56-AM-1.jpeg 1280w, https:\/\/labestiapolitica.com.mx\/wp-content\/uploads\/2026\/01\/WhatsApp-Image-2026-01-13-at-11.01.56-AM-1-300x200.jpeg 300w, https:\/\/labestiapolitica.com.mx\/wp-content\/uploads\/2026\/01\/WhatsApp-Image-2026-01-13-at-11.01.56-AM-1-1024x683.jpeg 1024w, https:\/\/labestiapolitica.com.mx\/wp-content\/uploads\/2026\/01\/WhatsApp-Image-2026-01-13-at-11.01.56-AM-1-768x512.jpeg 768w\" sizes=\"auto, (max-width: 1280px) 100vw, 1280px\" \/> <img loading=\"lazy\" decoding=\"async\" class=\"alignnone size-full wp-image-58173\" src=\"https:\/\/labestiapolitica.com.mx\/wp-content\/uploads\/2026\/01\/WhatsApp-Image-2026-01-13-at-11.01.57-AM.jpeg\" alt=\"\" width=\"1040\" height=\"694\" srcset=\"https:\/\/labestiapolitica.com.mx\/wp-content\/uploads\/2026\/01\/WhatsApp-Image-2026-01-13-at-11.01.57-AM.jpeg 1040w, https:\/\/labestiapolitica.com.mx\/wp-content\/uploads\/2026\/01\/WhatsApp-Image-2026-01-13-at-11.01.57-AM-300x200.jpeg 300w, https:\/\/labestiapolitica.com.mx\/wp-content\/uploads\/2026\/01\/WhatsApp-Image-2026-01-13-at-11.01.57-AM-1024x683.jpeg 1024w, https:\/\/labestiapolitica.com.mx\/wp-content\/uploads\/2026\/01\/WhatsApp-Image-2026-01-13-at-11.01.57-AM-768x512.jpeg 768w\" sizes=\"auto, (max-width: 1040px) 100vw, 1040px\" \/> <img loading=\"lazy\" decoding=\"async\" class=\"alignnone size-full wp-image-58174\" src=\"https:\/\/labestiapolitica.com.mx\/wp-content\/uploads\/2026\/01\/WhatsApp-Image-2026-01-13-at-11.01.56-AM-5.jpeg\" alt=\"\" width=\"1280\" height=\"854\" srcset=\"https:\/\/labestiapolitica.com.mx\/wp-content\/uploads\/2026\/01\/WhatsApp-Image-2026-01-13-at-11.01.56-AM-5.jpeg 1280w, https:\/\/labestiapolitica.com.mx\/wp-content\/uploads\/2026\/01\/WhatsApp-Image-2026-01-13-at-11.01.56-AM-5-300x200.jpeg 300w, https:\/\/labestiapolitica.com.mx\/wp-content\/uploads\/2026\/01\/WhatsApp-Image-2026-01-13-at-11.01.56-AM-5-1024x683.jpeg 1024w, https:\/\/labestiapolitica.com.mx\/wp-content\/uploads\/2026\/01\/WhatsApp-Image-2026-01-13-at-11.01.56-AM-5-768x512.jpeg 768w\" sizes=\"auto, (max-width: 1280px) 100vw, 1280px\" \/> <img loading=\"lazy\" decoding=\"async\" class=\"alignnone size-full wp-image-58175\" src=\"https:\/\/labestiapolitica.com.mx\/wp-content\/uploads\/2026\/01\/WhatsApp-Image-2026-01-13-at-11.01.55-AM.jpeg\" alt=\"\" width=\"1280\" height=\"854\" srcset=\"https:\/\/labestiapolitica.com.mx\/wp-content\/uploads\/2026\/01\/WhatsApp-Image-2026-01-13-at-11.01.55-AM.jpeg 1280w, https:\/\/labestiapolitica.com.mx\/wp-content\/uploads\/2026\/01\/WhatsApp-Image-2026-01-13-at-11.01.55-AM-300x200.jpeg 300w, https:\/\/labestiapolitica.com.mx\/wp-content\/uploads\/2026\/01\/WhatsApp-Image-2026-01-13-at-11.01.55-AM-1024x683.jpeg 1024w, https:\/\/labestiapolitica.com.mx\/wp-content\/uploads\/2026\/01\/WhatsApp-Image-2026-01-13-at-11.01.55-AM-768x512.jpeg 768w\" sizes=\"auto, (max-width: 1280px) 100vw, 1280px\" \/> <img loading=\"lazy\" decoding=\"async\" class=\"alignnone size-full wp-image-58176\" src=\"https:\/\/labestiapolitica.com.mx\/wp-content\/uploads\/2026\/01\/WhatsApp-Image-2026-01-13-at-11.01.55-AM-2.jpeg\" alt=\"\" width=\"1280\" height=\"854\" srcset=\"https:\/\/labestiapolitica.com.mx\/wp-content\/uploads\/2026\/01\/WhatsApp-Image-2026-01-13-at-11.01.55-AM-2.jpeg 1280w, https:\/\/labestiapolitica.com.mx\/wp-content\/uploads\/2026\/01\/WhatsApp-Image-2026-01-13-at-11.01.55-AM-2-300x200.jpeg 300w, https:\/\/labestiapolitica.com.mx\/wp-content\/uploads\/2026\/01\/WhatsApp-Image-2026-01-13-at-11.01.55-AM-2-1024x683.jpeg 1024w, https:\/\/labestiapolitica.com.mx\/wp-content\/uploads\/2026\/01\/WhatsApp-Image-2026-01-13-at-11.01.55-AM-2-768x512.jpeg 768w\" sizes=\"auto, (max-width: 1280px) 100vw, 1280px\" \/> <img loading=\"lazy\" decoding=\"async\" class=\"alignnone size-full wp-image-58177\" src=\"https:\/\/labestiapolitica.com.mx\/wp-content\/uploads\/2026\/01\/WhatsApp-Image-2026-01-13-at-11.01.56-AM.jpeg\" alt=\"\" width=\"1280\" height=\"854\" srcset=\"https:\/\/labestiapolitica.com.mx\/wp-content\/uploads\/2026\/01\/WhatsApp-Image-2026-01-13-at-11.01.56-AM.jpeg 1280w, https:\/\/labestiapolitica.com.mx\/wp-content\/uploads\/2026\/01\/WhatsApp-Image-2026-01-13-at-11.01.56-AM-300x200.jpeg 300w, https:\/\/labestiapolitica.com.mx\/wp-content\/uploads\/2026\/01\/WhatsApp-Image-2026-01-13-at-11.01.56-AM-1024x683.jpeg 1024w, https:\/\/labestiapolitica.com.mx\/wp-content\/uploads\/2026\/01\/WhatsApp-Image-2026-01-13-at-11.01.56-AM-768x512.jpeg 768w\" sizes=\"auto, (max-width: 1280px) 100vw, 1280px\" \/> <img loading=\"lazy\" decoding=\"async\" class=\"alignnone size-full wp-image-58178\" src=\"https:\/\/labestiapolitica.com.mx\/wp-content\/uploads\/2026\/01\/WhatsApp-Image-2026-01-13-at-11.01.55-AM-3.jpeg\" alt=\"\" width=\"1280\" height=\"854\" srcset=\"https:\/\/labestiapolitica.com.mx\/wp-content\/uploads\/2026\/01\/WhatsApp-Image-2026-01-13-at-11.01.55-AM-3.jpeg 1280w, https:\/\/labestiapolitica.com.mx\/wp-content\/uploads\/2026\/01\/WhatsApp-Image-2026-01-13-at-11.01.55-AM-3-300x200.jpeg 300w, https:\/\/labestiapolitica.com.mx\/wp-content\/uploads\/2026\/01\/WhatsApp-Image-2026-01-13-at-11.01.55-AM-3-1024x683.jpeg 1024w, https:\/\/labestiapolitica.com.mx\/wp-content\/uploads\/2026\/01\/WhatsApp-Image-2026-01-13-at-11.01.55-AM-3-768x512.jpeg 768w\" sizes=\"auto, (max-width: 1280px) 100vw, 1280px\" \/><\/p>\n","protected":false},"excerpt":{"rendered":"<p>Con una inversi\u00f3n de 60 millones de pesos, la gobernadora Lorena Cu\u00e9llar Cisneros entreg\u00f3 infraestructura moderna, equipamiento especializado y unidades vehiculares para fortalecer la educaci\u00f3n superior en Tlaxcala. El Gobierno del Estado de Tlaxcala contin\u00faa impulsando acciones para ampliar las oportunidades de desarrollo de las juventudes, afirm\u00f3 la gobernadora Lorena Cu\u00e9llar Cisneros durante la entrega [&hellip;]<\/p>\n","protected":false},"author":3,"featured_media":58168,"comment_status":"open","ping_status":"open","sticky":false,"template":"","format":"standard","meta":{"footnotes":""},"categories":[236],"tags":[],"class_list":["post-58167","post","type-post","status-publish","format-standard","has-post-thumbnail","hentry","category-gobierno-de-tlaxcala"],"amp_enabled":true,"_links":{"self":[{"href":"https:\/\/labestiapolitica.com.mx\/index.php?rest_route=\/wp\/v2\/posts\/58167","targetHints":{"allow":["GET"]}}],"collection":[{"href":"https:\/\/labestiapolitica.com.mx\/index.php?rest_route=\/wp\/v2\/posts"}],"about":[{"href":"https:\/\/labestiapolitica.com.mx\/index.php?rest_route=\/wp\/v2\/types\/post"}],"author":[{"embeddable":true,"href":"https:\/\/labestiapolitica.com.mx\/index.php?rest_route=\/wp\/v2\/users\/3"}],"replies":[{"embeddable":true,"href":"https:\/\/labestiapolitica.com.mx\/index.php?rest_route=%2Fwp%2Fv2%2Fcomments&post=58167"}],"version-history":[{"count":1,"href":"https:\/\/labestiapolitica.com.mx\/index.php?rest_route=\/wp\/v2\/posts\/58167\/revisions"}],"predecessor-version":[{"id":58179,"href":"https:\/\/labestiapolitica.com.mx\/index.php?rest_route=\/wp\/v2\/posts\/58167\/revisions\/58179"}],"wp:featuredmedia":[{"embeddable":true,"href":"https:\/\/labestiapolitica.com.mx\/index.php?rest_route=\/wp\/v2\/media\/58168"}],"wp:attachment":[{"href":"https:\/\/labestiapolitica.com.mx\/index.php?rest_route=%2Fwp%2Fv2%2Fmedia&parent=58167"}],"wp:term":[{"taxonomy":"category","embeddable":true,"href":"https:\/\/labestiapolitica.com.mx\/index.php?rest_route=%2Fwp%2Fv2%2Fcategories&post=58167"},{"taxonomy":"post_tag","embeddable":true,"href":"https:\/\/labestiapolitica.com.mx\/index.php?rest_route=%2Fwp%2Fv2%2Ftags&post=58167"}],"curies":[{"name":"wp","href":"https:\/\/api.w.org\/{rel}","templated":true}]}}