{"id":58180,"date":"2026-01-13T12:14:59","date_gmt":"2026-01-13T18:14:59","guid":{"rendered":"https:\/\/labestiapolitica.com.mx\/?p=58180"},"modified":"2026-01-13T12:14:59","modified_gmt":"2026-01-13T18:14:59","slug":"la-paz-en-tlaxcala-es-fruto-del-trabajo-conjunto-entre-gobierno-y-sociedad-lorena-cuellar","status":"publish","type":"post","link":"https:\/\/labestiapolitica.com.mx\/?p=58180","title":{"rendered":"\u201cLA PAZ EN TLAXCALA ES FRUTO DEL TRABAJO CONJUNTO ENTRE GOBIERNO Y SOCIEDAD\u201d: LORENA CU\u00c9LLAR"},"content":{"rendered":"<p style=\"text-align: justify;\" data-start=\"274\" data-end=\"493\"><em data-start=\"274\" data-end=\"493\">Durante la 14\u00aa Reuni\u00f3n de la Mesa Interregional para la Construcci\u00f3n de la Paz, realizada en Zacatelco, la gobernadora destac\u00f3 los avances en seguridad y anunci\u00f3 la creaci\u00f3n de un Centro T\u00e1ctico de Formaci\u00f3n Policial.<\/em><\/p>\n<p style=\"text-align: justify;\" data-start=\"495\" data-end=\"879\">La paz y la seguridad que hoy distinguen a Tlaxcala son resultado de un esfuerzo permanente y coordinado entre autoridades estatales, municipales y la ciudadan\u00eda, afirm\u00f3 la gobernadora <strong data-start=\"680\" data-end=\"721\"><span class=\"hover:entity-accent entity-underline inline cursor-pointer align-baseline\"><span class=\"whitespace-normal\">Lorena Cu\u00e9llar Cisneros<\/span><\/span><\/strong>, al encabezar la 14\u00aa Reuni\u00f3n de la Mesa Interregional para la Construcci\u00f3n de la Paz, realizada en el municipio de <strong data-start=\"837\" data-end=\"878\"><span class=\"hover:entity-accent entity-underline inline cursor-pointer align-baseline\"><span class=\"whitespace-normal\">Zacatelco<\/span><\/span><\/strong>.<\/p>\n<p style=\"text-align: justify;\" data-start=\"881\" data-end=\"1169\">Durante el encuentro, la mandataria estatal subray\u00f3 que esta coordinaci\u00f3n ha permitido que la entidad mantenga el menor \u00edndice delictivo del pa\u00eds, incluso por debajo de estados hist\u00f3ricamente considerados seguros, lo que \u2014dijo\u2014 obliga a redoblar esfuerzos para conservar estos resultados.<\/p>\n<p style=\"text-align: justify;\" data-start=\"1171\" data-end=\"1459\">Explic\u00f3 que el fortalecimiento de la infraestructura de videovigilancia, junto con la coordinaci\u00f3n operativa entre corporaciones, ha sido clave para prevenir delitos como el robo de veh\u00edculos y a casa habitaci\u00f3n, al permitir intervenciones oportunas antes de que los il\u00edcitos se consumen.<\/p>\n<p style=\"text-align: justify;\" data-start=\"1461\" data-end=\"1755\">En este marco, Cu\u00e9llar Cisneros anunci\u00f3 la construcci\u00f3n de un Centro T\u00e1ctico de Formaci\u00f3n Policial, cuyo objetivo ser\u00e1 fortalecer la capacitaci\u00f3n, profesionalizaci\u00f3n y capacidad operativa de los cuerpos de seguridad estatales y municipales, como parte de una estrategia integral de largo plazo.<\/p>\n<p style=\"text-align: justify;\" data-start=\"1757\" data-end=\"2053\">La gobernadora resalt\u00f3 que, aunque Tlaxcala cuenta con el menor presupuesto estatal del pa\u00eds, se ha realizado una inversi\u00f3n hist\u00f3rica superior a los 10 mil millones de pesos en materia de seguridad, posicionando a la entidad como una de las que m\u00e1s recursos destina a este rubro a nivel nacional.<\/p>\n<p style=\"text-align: justify;\" data-start=\"2055\" data-end=\"2499\">Entre las acciones destacadas mencion\u00f3 la instalaci\u00f3n del mayor n\u00famero de arcos de seguridad en el pa\u00eds, as\u00ed como el fortalecimiento de los centros de control y vigilancia. No obstante, enfatiz\u00f3 que la seguridad no se construye \u00fanicamente con tecnolog\u00eda, sino atendiendo las causas de fondo, como el consumo de drogas, la violencia derivada de ri\u00f1as, la regulaci\u00f3n de establecimientos nocturnos y la prevenci\u00f3n desde los hogares y las escuelas.<\/p>\n<p style=\"text-align: justify;\" data-start=\"2501\" data-end=\"2930\">En este sentido, afirm\u00f3 que Tlaxcala se ha convertido en un referente nacional al impulsar modelos integrales de prevenci\u00f3n que ya son observados para su posible r\u00e9plica en otras entidades, e hizo un llamado a los municipios a reforzar la presencia territorial, rehabilitar espacios deportivos, promover actividades culturales y familiares, mejorar la iluminaci\u00f3n mediante senderos seguros y fortalecer la prevenci\u00f3n comunitaria.<\/p>\n<p style=\"text-align: justify;\" data-start=\"2932\" data-end=\"3195\">Cu\u00e9llar Cisneros reconoci\u00f3 que existe una brecha entre la percepci\u00f3n ciudadana y los indicadores reales de seguridad, por lo que exhort\u00f3 a las autoridades municipales a socializar los resultados y acciones emprendidas para fortalecer la confianza de la poblaci\u00f3n.<\/p>\n<p style=\"text-align: justify;\" data-start=\"3197\" data-end=\"3600\">Por su parte, el secretario de Gobierno, <strong data-start=\"3238\" data-end=\"3279\"><span class=\"hover:entity-accent entity-underline inline cursor-pointer align-baseline\"><span class=\"whitespace-normal\">Luis Antonio Ram\u00edrez Hern\u00e1ndez<\/span><\/span><\/strong>, destac\u00f3 que la seguridad inicia en el \u00e1mbito local y que los presidentes municipales son el primer contacto con la ciudadan\u00eda. Inform\u00f3 que, durante 39 meses consecutivos \u2014de septiembre de 2021 a noviembre de 2025\u2014, Tlaxcala se ha mantenido en el lugar 32 a nivel nacional como la entidad con menor incidencia delictiva.<\/p>\n<p style=\"text-align: justify;\" data-start=\"3602\" data-end=\"3945\">El secretario de Seguridad Ciudadana, <strong data-start=\"3640\" data-end=\"3681\"><span class=\"hover:entity-accent entity-underline inline cursor-pointer align-baseline\"><span class=\"whitespace-normal\">Alberto Mart\u00edn Perea Marrufo<\/span><\/span><\/strong>, se\u00f1al\u00f3 que uno de los principales retos es armonizar los resultados estad\u00edsticos con la percepci\u00f3n ciudadana, por lo que llam\u00f3 a los cabildos a avanzar en la homologaci\u00f3n de bandos municipales, particularmente en temas como la regulaci\u00f3n del uso de motocicletas.<\/p>\n<p style=\"text-align: justify;\" data-start=\"3947\" data-end=\"4299\">En tanto, la fiscal general del estado, <strong data-start=\"3987\" data-end=\"4028\"><span class=\"hover:entity-accent entity-underline inline cursor-pointer align-baseline\"><span class=\"whitespace-normal\">Ernestina Carro Rold\u00e1n<\/span><\/span><\/strong>, present\u00f3 el comportamiento de la incidencia delictiva desde 2015 y destac\u00f3 que 2025 registr\u00f3 la cifra m\u00e1s baja en la historia reciente, con una reducci\u00f3n del 27.3 por ciento respecto a 2024. En el caso del robo de veh\u00edculos, inform\u00f3 una disminuci\u00f3n del 55.2 por ciento.<\/p>\n<p style=\"text-align: justify;\" data-start=\"4301\" data-end=\"4633\">Finalmente, autoridades estatales y federales coincidieron en que la coordinaci\u00f3n interinstitucional, la corresponsabilidad con los municipios y la cercan\u00eda con la ciudadan\u00eda son pilares fundamentales para mantener a Tlaxcala como un estado seguro y seguir cerrando el paso a la violencia con acciones concretas desde el territorio.<\/p>\n<p data-start=\"4301\" data-end=\"4633\"><img loading=\"lazy\" decoding=\"async\" class=\"alignnone size-full wp-image-58182\" src=\"https:\/\/labestiapolitica.com.mx\/wp-content\/uploads\/2026\/01\/WhatsApp-Image-2026-01-13-at-11.02.37-AM-3.jpeg\" alt=\"\" width=\"1280\" height=\"854\" srcset=\"https:\/\/labestiapolitica.com.mx\/wp-content\/uploads\/2026\/01\/WhatsApp-Image-2026-01-13-at-11.02.37-AM-3.jpeg 1280w, https:\/\/labestiapolitica.com.mx\/wp-content\/uploads\/2026\/01\/WhatsApp-Image-2026-01-13-at-11.02.37-AM-3-300x200.jpeg 300w, https:\/\/labestiapolitica.com.mx\/wp-content\/uploads\/2026\/01\/WhatsApp-Image-2026-01-13-at-11.02.37-AM-3-1024x683.jpeg 1024w, https:\/\/labestiapolitica.com.mx\/wp-content\/uploads\/2026\/01\/WhatsApp-Image-2026-01-13-at-11.02.37-AM-3-768x512.jpeg 768w\" sizes=\"auto, (max-width: 1280px) 100vw, 1280px\" \/> <img loading=\"lazy\" decoding=\"async\" class=\"alignnone size-full wp-image-58183\" src=\"https:\/\/labestiapolitica.com.mx\/wp-content\/uploads\/2026\/01\/WhatsApp-Image-2026-01-13-at-11.02.37-AM-2.jpeg\" alt=\"\" width=\"1280\" height=\"854\" srcset=\"https:\/\/labestiapolitica.com.mx\/wp-content\/uploads\/2026\/01\/WhatsApp-Image-2026-01-13-at-11.02.37-AM-2.jpeg 1280w, https:\/\/labestiapolitica.com.mx\/wp-content\/uploads\/2026\/01\/WhatsApp-Image-2026-01-13-at-11.02.37-AM-2-300x200.jpeg 300w, https:\/\/labestiapolitica.com.mx\/wp-content\/uploads\/2026\/01\/WhatsApp-Image-2026-01-13-at-11.02.37-AM-2-1024x683.jpeg 1024w, https:\/\/labestiapolitica.com.mx\/wp-content\/uploads\/2026\/01\/WhatsApp-Image-2026-01-13-at-11.02.37-AM-2-768x512.jpeg 768w\" sizes=\"auto, (max-width: 1280px) 100vw, 1280px\" \/> <img loading=\"lazy\" decoding=\"async\" class=\"alignnone size-full wp-image-58184\" src=\"https:\/\/labestiapolitica.com.mx\/wp-content\/uploads\/2026\/01\/WhatsApp-Image-2026-01-13-at-11.02.37-AM-1.jpeg\" alt=\"\" width=\"1280\" height=\"854\" srcset=\"https:\/\/labestiapolitica.com.mx\/wp-content\/uploads\/2026\/01\/WhatsApp-Image-2026-01-13-at-11.02.37-AM-1.jpeg 1280w, https:\/\/labestiapolitica.com.mx\/wp-content\/uploads\/2026\/01\/WhatsApp-Image-2026-01-13-at-11.02.37-AM-1-300x200.jpeg 300w, https:\/\/labestiapolitica.com.mx\/wp-content\/uploads\/2026\/01\/WhatsApp-Image-2026-01-13-at-11.02.37-AM-1-1024x683.jpeg 1024w, https:\/\/labestiapolitica.com.mx\/wp-content\/uploads\/2026\/01\/WhatsApp-Image-2026-01-13-at-11.02.37-AM-1-768x512.jpeg 768w\" sizes=\"auto, (max-width: 1280px) 100vw, 1280px\" \/> <img loading=\"lazy\" decoding=\"async\" class=\"alignnone size-full wp-image-58185\" src=\"https:\/\/labestiapolitica.com.mx\/wp-content\/uploads\/2026\/01\/WhatsApp-Image-2026-01-13-at-11.02.36-AM.jpeg\" alt=\"\" width=\"1280\" height=\"854\" srcset=\"https:\/\/labestiapolitica.com.mx\/wp-content\/uploads\/2026\/01\/WhatsApp-Image-2026-01-13-at-11.02.36-AM.jpeg 1280w, https:\/\/labestiapolitica.com.mx\/wp-content\/uploads\/2026\/01\/WhatsApp-Image-2026-01-13-at-11.02.36-AM-300x200.jpeg 300w, https:\/\/labestiapolitica.com.mx\/wp-content\/uploads\/2026\/01\/WhatsApp-Image-2026-01-13-at-11.02.36-AM-1024x683.jpeg 1024w, https:\/\/labestiapolitica.com.mx\/wp-content\/uploads\/2026\/01\/WhatsApp-Image-2026-01-13-at-11.02.36-AM-768x512.jpeg 768w\" sizes=\"auto, (max-width: 1280px) 100vw, 1280px\" \/> <img loading=\"lazy\" decoding=\"async\" class=\"alignnone size-full wp-image-58186\" src=\"https:\/\/labestiapolitica.com.mx\/wp-content\/uploads\/2026\/01\/WhatsApp-Image-2026-01-13-at-11.02.37-AM.jpeg\" alt=\"\" width=\"1040\" height=\"694\" srcset=\"https:\/\/labestiapolitica.com.mx\/wp-content\/uploads\/2026\/01\/WhatsApp-Image-2026-01-13-at-11.02.37-AM.jpeg 1040w, https:\/\/labestiapolitica.com.mx\/wp-content\/uploads\/2026\/01\/WhatsApp-Image-2026-01-13-at-11.02.37-AM-300x200.jpeg 300w, https:\/\/labestiapolitica.com.mx\/wp-content\/uploads\/2026\/01\/WhatsApp-Image-2026-01-13-at-11.02.37-AM-1024x683.jpeg 1024w, https:\/\/labestiapolitica.com.mx\/wp-content\/uploads\/2026\/01\/WhatsApp-Image-2026-01-13-at-11.02.37-AM-768x512.jpeg 768w\" sizes=\"auto, (max-width: 1040px) 100vw, 1040px\" \/> <img loading=\"lazy\" decoding=\"async\" class=\"alignnone size-full wp-image-58187\" src=\"https:\/\/labestiapolitica.com.mx\/wp-content\/uploads\/2026\/01\/WhatsApp-Image-2026-01-13-at-11.02.36-AM-1.jpeg\" alt=\"\" width=\"1280\" height=\"854\" srcset=\"https:\/\/labestiapolitica.com.mx\/wp-content\/uploads\/2026\/01\/WhatsApp-Image-2026-01-13-at-11.02.36-AM-1.jpeg 1280w, https:\/\/labestiapolitica.com.mx\/wp-content\/uploads\/2026\/01\/WhatsApp-Image-2026-01-13-at-11.02.36-AM-1-300x200.jpeg 300w, https:\/\/labestiapolitica.com.mx\/wp-content\/uploads\/2026\/01\/WhatsApp-Image-2026-01-13-at-11.02.36-AM-1-1024x683.jpeg 1024w, https:\/\/labestiapolitica.com.mx\/wp-content\/uploads\/2026\/01\/WhatsApp-Image-2026-01-13-at-11.02.36-AM-1-768x512.jpeg 768w\" sizes=\"auto, (max-width: 1280px) 100vw, 1280px\" \/> <img loading=\"lazy\" decoding=\"async\" class=\"alignnone size-full wp-image-58188\" src=\"https:\/\/labestiapolitica.com.mx\/wp-content\/uploads\/2026\/01\/WhatsApp-Image-2026-01-13-at-11.02.38-AM-1.jpeg\" alt=\"\" width=\"1280\" height=\"854\" srcset=\"https:\/\/labestiapolitica.com.mx\/wp-content\/uploads\/2026\/01\/WhatsApp-Image-2026-01-13-at-11.02.38-AM-1.jpeg 1280w, https:\/\/labestiapolitica.com.mx\/wp-content\/uploads\/2026\/01\/WhatsApp-Image-2026-01-13-at-11.02.38-AM-1-300x200.jpeg 300w, https:\/\/labestiapolitica.com.mx\/wp-content\/uploads\/2026\/01\/WhatsApp-Image-2026-01-13-at-11.02.38-AM-1-1024x683.jpeg 1024w, https:\/\/labestiapolitica.com.mx\/wp-content\/uploads\/2026\/01\/WhatsApp-Image-2026-01-13-at-11.02.38-AM-1-768x512.jpeg 768w\" sizes=\"auto, (max-width: 1280px) 100vw, 1280px\" \/><\/p>\n","protected":false},"excerpt":{"rendered":"<p>Durante la 14\u00aa Reuni\u00f3n de la Mesa Interregional para la Construcci\u00f3n de la Paz, realizada en Zacatelco, la gobernadora destac\u00f3 los avances en seguridad y anunci\u00f3 la creaci\u00f3n de un Centro T\u00e1ctico de Formaci\u00f3n Policial. La paz y la seguridad que hoy distinguen a Tlaxcala son resultado de un esfuerzo permanente y coordinado entre autoridades [&hellip;]<\/p>\n","protected":false},"author":3,"featured_media":58181,"comment_status":"open","ping_status":"open","sticky":false,"template":"","format":"standard","meta":{"footnotes":""},"categories":[236],"tags":[],"class_list":["post-58180","post","type-post","status-publish","format-standard","has-post-thumbnail","hentry","category-gobierno-de-tlaxcala"],"amp_enabled":true,"_links":{"self":[{"href":"https:\/\/labestiapolitica.com.mx\/index.php?rest_route=\/wp\/v2\/posts\/58180","targetHints":{"allow":["GET"]}}],"collection":[{"href":"https:\/\/labestiapolitica.com.mx\/index.php?rest_route=\/wp\/v2\/posts"}],"about":[{"href":"https:\/\/labestiapolitica.com.mx\/index.php?rest_route=\/wp\/v2\/types\/post"}],"author":[{"embeddable":true,"href":"https:\/\/labestiapolitica.com.mx\/index.php?rest_route=\/wp\/v2\/users\/3"}],"replies":[{"embeddable":true,"href":"https:\/\/labestiapolitica.com.mx\/index.php?rest_route=%2Fwp%2Fv2%2Fcomments&post=58180"}],"version-history":[{"count":1,"href":"https:\/\/labestiapolitica.com.mx\/index.php?rest_route=\/wp\/v2\/posts\/58180\/revisions"}],"predecessor-version":[{"id":58189,"href":"https:\/\/labestiapolitica.com.mx\/index.php?rest_route=\/wp\/v2\/posts\/58180\/revisions\/58189"}],"wp:featuredmedia":[{"embeddable":true,"href":"https:\/\/labestiapolitica.com.mx\/index.php?rest_route=\/wp\/v2\/media\/58181"}],"wp:attachment":[{"href":"https:\/\/labestiapolitica.com.mx\/index.php?rest_route=%2Fwp%2Fv2%2Fmedia&parent=58180"}],"wp:term":[{"taxonomy":"category","embeddable":true,"href":"https:\/\/labestiapolitica.com.mx\/index.php?rest_route=%2Fwp%2Fv2%2Fcategories&post=58180"},{"taxonomy":"post_tag","embeddable":true,"href":"https:\/\/labestiapolitica.com.mx\/index.php?rest_route=%2Fwp%2Fv2%2Ftags&post=58180"}],"curies":[{"name":"wp","href":"https:\/\/api.w.org\/{rel}","templated":true}]}}