{"id":58239,"date":"2026-01-13T16:01:54","date_gmt":"2026-01-13T22:01:54","guid":{"rendered":"https:\/\/labestiapolitica.com.mx\/?p=58239"},"modified":"2026-01-13T16:01:54","modified_gmt":"2026-01-13T22:01:54","slug":"%f0%9f%9a%80%e2%9c%a8-respaldo-de-la-gobernadora-a-juventudes-se-traduce-en-apoyos-directos-con-aumento-presupuestal-del-itj-%f0%9f%92%99%f0%9f%93%9a","status":"publish","type":"post","link":"https:\/\/labestiapolitica.com.mx\/?p=58239","title":{"rendered":"\ud83d\ude80\u2728 Respaldo de la gobernadora a juventudes se traduce en apoyos directos con aumento presupuestal del ITJ \ud83d\udc99\ud83d\udcda"},"content":{"rendered":"<p style=\"text-align: justify;\" data-start=\"255\" data-end=\"471\"><em data-start=\"255\" data-end=\"471\">El fortalecimiento financiero del Instituto Tlaxcalteca de la Juventud permitir\u00e1 ampliar programas de prevenci\u00f3n, inclusi\u00f3n digital, salud visual, movilidad internacional y emprendimiento juvenil en todo el estado.<\/em><\/p>\n<p style=\"text-align: justify;\" data-start=\"473\" data-end=\"805\">El respaldo de la gobernadora <span class=\"hover:entity-accent entity-underline inline cursor-pointer align-baseline\"><span class=\"whitespace-normal\">Lorena Cu\u00e9llar Cisneros<\/span><\/span> a las juventudes tlaxcaltecas se refleja en el incremento hist\u00f3rico del presupuesto del <span class=\"hover:entity-accent entity-underline inline cursor-pointer align-baseline\"><span class=\"whitespace-normal\">Instituto Tlaxcalteca de la Juventud<\/span><\/span> (ITJ), el cual pas\u00f3 de 8 millones 819 mil pesos al inicio de la administraci\u00f3n a 25 millones 829 mil pesos para el ejercicio 2026.<\/p>\n<p style=\"text-align: justify;\" data-start=\"807\" data-end=\"1147\">Este fortalecimiento permitir\u00e1 consolidar apoyos directos, ampliar el n\u00famero de beneficiarios y reforzar la pol\u00edtica p\u00fablica enfocada en las y los j\u00f3venes del estado, inform\u00f3 la directora del ITJ, <span class=\"hover:entity-accent entity-underline inline cursor-pointer align-baseline\"><span class=\"whitespace-normal\">Lucero Morales Tzompa<\/span><\/span>, durante su participaci\u00f3n en el Di\u00e1logo Circular realizado en la Coordinaci\u00f3n de Comunicaci\u00f3n (CCOM).<\/p>\n<p style=\"text-align: justify;\" data-start=\"1149\" data-end=\"1460\">La titular del instituto destac\u00f3 que el incremento presupuestal ha sido clave para ampliar la cobertura y el impacto de los programas institucionales, especialmente en \u00e1reas como educaci\u00f3n preventiva, acceso a tecnolog\u00eda, salud visual y generaci\u00f3n de oportunidades para el desarrollo integral de las juventudes.<\/p>\n<p style=\"text-align: justify;\" data-start=\"1462\" data-end=\"1604\">\u201cEste respaldo nos permite llegar a donde antes no se llegaba y convertir el presupuesto en beneficios reales para las y los j\u00f3venes\u201d, afirm\u00f3.<\/p>\n<p style=\"text-align: justify;\" data-start=\"1606\" data-end=\"2145\">De cara a 2026, Morales Tzompa adelant\u00f3 que se fortalecer\u00e1n acciones estrat\u00e9gicas como la apertura de la convocatoria \u201cTlaxcaltecas por el Mundo\u201d en febrero; la continuidad del programa \u201cJuventudes Conectadas\u201d, mediante el cual el gobierno cubre hasta el 80 por ciento del costo de equipos de c\u00f3mputo para estudiantes universitarios; as\u00ed como el arranque, en enero, de \u201cTablets para Todos\u201d y \u201cHerramientas para tu Futuro\u201d, dirigidos a estudiantes de secundaria, bachillerato y j\u00f3venes con oficios o actividades productivas.<\/p>\n<p style=\"text-align: justify;\" data-start=\"2147\" data-end=\"2566\">Asimismo, se\u00f1al\u00f3 que \u201cTlaxcaltequios\u201d se desarrollar\u00e1 de manera mensual; el Mes de la Juventud contar\u00e1 con m\u00e1s de 30 actividades durante agosto; se impulsar\u00e1 la estrategia \u201cMercados J\u00f3venes\u201d para abrir espacios de comercializaci\u00f3n a artesanos y emprendedores, y continuar\u00e1 de forma permanente el programa \u201cVisualizando tu Futuro\u201d, que facilita el acceso a cirug\u00edas de salud visual con cuotas accesibles.<\/p>\n<p style=\"text-align: justify;\" data-start=\"2568\" data-end=\"2826\">La directora del ITJ subray\u00f3 que el objetivo del aumento presupuestal es incrementar el n\u00famero de apoyos directos, con una meta de beneficiar a 5 mil j\u00f3venes de manera directa y generar un impacto estimado en alrededor de 60 mil juventudes en todo el estado.<\/p>\n<p style=\"text-align: justify;\" data-start=\"2828\" data-end=\"3231\">Finalmente, present\u00f3 los resultados obtenidos durante 2025, entre los que destacan la rehabilitaci\u00f3n de 45 espacios juveniles a trav\u00e9s de Tlaxcaltequios; la entrega de mil 250 laptops a estudiantes universitarios de escasos recursos; la realizaci\u00f3n de m\u00e1s de 600 cirug\u00edas para j\u00f3venes con miop\u00eda y astigmatismo, as\u00ed como la participaci\u00f3n de m\u00e1s de 400 j\u00f3venes en programas de voluntariado internacional.<\/p>\n<p style=\"text-align: justify;\" data-start=\"3233\" data-end=\"3475\">Con estas acciones, el Gobierno del Estado refrenda que la pol\u00edtica p\u00fablica en favor de las juventudes se traduce en hechos, programas permanentes y apoyos directos, colocando a las y los j\u00f3venes en el centro de la transformaci\u00f3n de Tlaxcala.<\/p>\n<p data-start=\"3233\" data-end=\"3475\"><img loading=\"lazy\" decoding=\"async\" class=\"alignnone size-full wp-image-58241\" src=\"https:\/\/labestiapolitica.com.mx\/wp-content\/uploads\/2026\/01\/WhatsApp-Image-2026-01-13-at-3.16.43-PM-1.jpeg\" alt=\"\" width=\"1040\" height=\"694\" srcset=\"https:\/\/labestiapolitica.com.mx\/wp-content\/uploads\/2026\/01\/WhatsApp-Image-2026-01-13-at-3.16.43-PM-1.jpeg 1040w, https:\/\/labestiapolitica.com.mx\/wp-content\/uploads\/2026\/01\/WhatsApp-Image-2026-01-13-at-3.16.43-PM-1-300x200.jpeg 300w, https:\/\/labestiapolitica.com.mx\/wp-content\/uploads\/2026\/01\/WhatsApp-Image-2026-01-13-at-3.16.43-PM-1-1024x683.jpeg 1024w, https:\/\/labestiapolitica.com.mx\/wp-content\/uploads\/2026\/01\/WhatsApp-Image-2026-01-13-at-3.16.43-PM-1-768x512.jpeg 768w\" sizes=\"auto, (max-width: 1040px) 100vw, 1040px\" \/> <img loading=\"lazy\" decoding=\"async\" class=\"alignnone size-full wp-image-58242\" src=\"https:\/\/labestiapolitica.com.mx\/wp-content\/uploads\/2026\/01\/WhatsApp-Image-2026-01-13-at-3.16.43-PM-2.jpeg\" alt=\"\" width=\"1040\" height=\"694\" srcset=\"https:\/\/labestiapolitica.com.mx\/wp-content\/uploads\/2026\/01\/WhatsApp-Image-2026-01-13-at-3.16.43-PM-2.jpeg 1040w, https:\/\/labestiapolitica.com.mx\/wp-content\/uploads\/2026\/01\/WhatsApp-Image-2026-01-13-at-3.16.43-PM-2-300x200.jpeg 300w, https:\/\/labestiapolitica.com.mx\/wp-content\/uploads\/2026\/01\/WhatsApp-Image-2026-01-13-at-3.16.43-PM-2-1024x683.jpeg 1024w, https:\/\/labestiapolitica.com.mx\/wp-content\/uploads\/2026\/01\/WhatsApp-Image-2026-01-13-at-3.16.43-PM-2-768x512.jpeg 768w\" sizes=\"auto, (max-width: 1040px) 100vw, 1040px\" \/> <img loading=\"lazy\" decoding=\"async\" class=\"alignnone size-full wp-image-58243\" src=\"https:\/\/labestiapolitica.com.mx\/wp-content\/uploads\/2026\/01\/WhatsApp-Image-2026-01-13-at-3.16.42-PM-1.jpeg\" alt=\"\" width=\"1040\" height=\"694\" srcset=\"https:\/\/labestiapolitica.com.mx\/wp-content\/uploads\/2026\/01\/WhatsApp-Image-2026-01-13-at-3.16.42-PM-1.jpeg 1040w, https:\/\/labestiapolitica.com.mx\/wp-content\/uploads\/2026\/01\/WhatsApp-Image-2026-01-13-at-3.16.42-PM-1-300x200.jpeg 300w, https:\/\/labestiapolitica.com.mx\/wp-content\/uploads\/2026\/01\/WhatsApp-Image-2026-01-13-at-3.16.42-PM-1-1024x683.jpeg 1024w, https:\/\/labestiapolitica.com.mx\/wp-content\/uploads\/2026\/01\/WhatsApp-Image-2026-01-13-at-3.16.42-PM-1-768x512.jpeg 768w\" sizes=\"auto, (max-width: 1040px) 100vw, 1040px\" \/> <img loading=\"lazy\" decoding=\"async\" class=\"alignnone size-full wp-image-58244\" src=\"https:\/\/labestiapolitica.com.mx\/wp-content\/uploads\/2026\/01\/WhatsApp-Image-2026-01-13-at-3.16.42-PM.jpeg\" alt=\"\" width=\"1040\" height=\"694\" srcset=\"https:\/\/labestiapolitica.com.mx\/wp-content\/uploads\/2026\/01\/WhatsApp-Image-2026-01-13-at-3.16.42-PM.jpeg 1040w, https:\/\/labestiapolitica.com.mx\/wp-content\/uploads\/2026\/01\/WhatsApp-Image-2026-01-13-at-3.16.42-PM-300x200.jpeg 300w, https:\/\/labestiapolitica.com.mx\/wp-content\/uploads\/2026\/01\/WhatsApp-Image-2026-01-13-at-3.16.42-PM-1024x683.jpeg 1024w, https:\/\/labestiapolitica.com.mx\/wp-content\/uploads\/2026\/01\/WhatsApp-Image-2026-01-13-at-3.16.42-PM-768x512.jpeg 768w\" sizes=\"auto, (max-width: 1040px) 100vw, 1040px\" \/><\/p>\n","protected":false},"excerpt":{"rendered":"<p>El fortalecimiento financiero del Instituto Tlaxcalteca de la Juventud permitir\u00e1 ampliar programas de prevenci\u00f3n, inclusi\u00f3n digital, salud visual, movilidad internacional y emprendimiento juvenil en todo el estado. El respaldo de la gobernadora Lorena Cu\u00e9llar Cisneros a las juventudes tlaxcaltecas se refleja en el incremento hist\u00f3rico del presupuesto del Instituto Tlaxcalteca de la Juventud (ITJ), el [&hellip;]<\/p>\n","protected":false},"author":3,"featured_media":58240,"comment_status":"open","ping_status":"open","sticky":false,"template":"","format":"standard","meta":{"footnotes":""},"categories":[236],"tags":[],"class_list":["post-58239","post","type-post","status-publish","format-standard","has-post-thumbnail","hentry","category-gobierno-de-tlaxcala"],"amp_enabled":true,"_links":{"self":[{"href":"https:\/\/labestiapolitica.com.mx\/index.php?rest_route=\/wp\/v2\/posts\/58239","targetHints":{"allow":["GET"]}}],"collection":[{"href":"https:\/\/labestiapolitica.com.mx\/index.php?rest_route=\/wp\/v2\/posts"}],"about":[{"href":"https:\/\/labestiapolitica.com.mx\/index.php?rest_route=\/wp\/v2\/types\/post"}],"author":[{"embeddable":true,"href":"https:\/\/labestiapolitica.com.mx\/index.php?rest_route=\/wp\/v2\/users\/3"}],"replies":[{"embeddable":true,"href":"https:\/\/labestiapolitica.com.mx\/index.php?rest_route=%2Fwp%2Fv2%2Fcomments&post=58239"}],"version-history":[{"count":1,"href":"https:\/\/labestiapolitica.com.mx\/index.php?rest_route=\/wp\/v2\/posts\/58239\/revisions"}],"predecessor-version":[{"id":58245,"href":"https:\/\/labestiapolitica.com.mx\/index.php?rest_route=\/wp\/v2\/posts\/58239\/revisions\/58245"}],"wp:featuredmedia":[{"embeddable":true,"href":"https:\/\/labestiapolitica.com.mx\/index.php?rest_route=\/wp\/v2\/media\/58240"}],"wp:attachment":[{"href":"https:\/\/labestiapolitica.com.mx\/index.php?rest_route=%2Fwp%2Fv2%2Fmedia&parent=58239"}],"wp:term":[{"taxonomy":"category","embeddable":true,"href":"https:\/\/labestiapolitica.com.mx\/index.php?rest_route=%2Fwp%2Fv2%2Fcategories&post=58239"},{"taxonomy":"post_tag","embeddable":true,"href":"https:\/\/labestiapolitica.com.mx\/index.php?rest_route=%2Fwp%2Fv2%2Ftags&post=58239"}],"curies":[{"name":"wp","href":"https:\/\/api.w.org\/{rel}","templated":true}]}}