{"id":58246,"date":"2026-01-13T16:04:22","date_gmt":"2026-01-13T22:04:22","guid":{"rendered":"https:\/\/labestiapolitica.com.mx\/?p=58246"},"modified":"2026-01-13T16:04:22","modified_gmt":"2026-01-13T22:04:22","slug":"%f0%9f%9a%a8%f0%9f%93%b9-nuevo-c2-en-santa-cruz-tlaxcala-fortalece-videovigilancia-para-mas-seguridad-y-atencion-a-emergencias-%f0%9f%91%ae%e2%99%80%ef%b8%8f%f0%9f%9a%91","status":"publish","type":"post","link":"https:\/\/labestiapolitica.com.mx\/?p=58246","title":{"rendered":"\ud83d\udea8\ud83d\udcf9 Nuevo C2 en Santa Cruz Tlaxcala fortalece videovigilancia para m\u00e1s seguridad y atenci\u00f3n a emergencias \ud83d\udc6e\u200d\u2640\ufe0f\ud83d\ude91"},"content":{"rendered":"<p style=\"text-align: justify;\" data-start=\"276\" data-end=\"438\"><em data-start=\"276\" data-end=\"438\">Durante el acto inaugural, la gobernadora Lorena Cu\u00e9llar destac\u00f3 que para su administraci\u00f3n es prioritario cuidar a las familias y preservar la paz en Tlaxcala.<\/em><\/p>\n<p style=\"text-align: justify;\" data-start=\"440\" data-end=\"753\">El Gobierno del Estado inaugur\u00f3 el Centro de Control y Comando Municipal (C2) de <span class=\"hover:entity-accent entity-underline inline cursor-pointer align-baseline\"><span class=\"whitespace-normal\">Santa Cruz Tlaxcala<\/span><\/span>, como parte de la estrategia integral para fortalecer la seguridad p\u00fablica y mejorar la atenci\u00f3n a emergencias en la entidad, a trav\u00e9s del <span class=\"hover:entity-accent entity-underline inline cursor-pointer align-baseline\"><span class=\"whitespace-normal\">Secretariado Ejecutivo del Sistema Estatal de Seguridad P\u00fablica<\/span><\/span> (SESESP).<\/p>\n<p style=\"text-align: justify;\" data-start=\"755\" data-end=\"1032\">Este nuevo centro de mando se integra a la red estatal de videovigilancia interconectada al <span class=\"hover:entity-accent entity-underline inline cursor-pointer align-baseline\"><span class=\"whitespace-normal\">Centro de Control, Comando, Comunicaciones, C\u00f3mputo, Coordinaci\u00f3n e Inteligencia<\/span><\/span>, lo que permitir\u00e1 mejorar el monitoreo en tiempo real, fortalecer la coordinaci\u00f3n operativa y agilizar la respuesta ante situaciones de riesgo.<\/p>\n<p style=\"text-align: justify;\" data-start=\"1034\" data-end=\"1373\">Durante el acto inaugural, la gobernadora <span class=\"hover:entity-accent entity-underline inline cursor-pointer align-baseline\"><span class=\"whitespace-normal\">Lorena Cu\u00e9llar Cisneros<\/span><\/span> destac\u00f3 que, desde el inicio de su administraci\u00f3n, la seguridad se estableci\u00f3 como un eje prioritario de gobierno, lo que ha derivado en una inversi\u00f3n sin precedentes para fortalecer las instituciones, la infraestructura y la tecnolog\u00eda en todo el estado.<\/p>\n<p style=\"text-align: justify;\" data-start=\"1375\" data-end=\"1628\">La mandataria estatal subray\u00f3 que, pese a contar con el menor presupuesto del pa\u00eds, Tlaxcala ha destinado el mayor n\u00famero de recursos de su historia al rubro de seguridad, con el objetivo de garantizar la paz y tranquilidad de las familias tlaxcaltecas.<\/p>\n<p style=\"text-align: justify;\" data-start=\"1630\" data-end=\"1869\">\u201cDesde el principio dispusimos el mayor n\u00famero de recursos de la historia; somos el estado que m\u00e1s ha invertido en seguridad en todo el pa\u00eds, porque para nosotros es prioritario cuidar a las familias y mantener la paz en Tlaxcala\u201d, afirm\u00f3.<\/p>\n<p style=\"text-align: justify;\" data-start=\"1871\" data-end=\"2181\">Como parte de esta estrategia integral, Cu\u00e9llar Cisneros resalt\u00f3 la transformaci\u00f3n del sistema de procuraci\u00f3n de justicia mediante la creaci\u00f3n de nuevas fiscal\u00edas especializadas, la incorporaci\u00f3n de personal capacitado y el equipamiento necesario para brindar una atenci\u00f3n m\u00e1s \u00e1gil y eficiente a la ciudadan\u00eda.<\/p>\n<p style=\"text-align: justify;\" data-start=\"2183\" data-end=\"2679\">Asimismo, detall\u00f3 el fortalecimiento del C5i con la pr\u00f3xima contrataci\u00f3n de m\u00e1s personal operativo, as\u00ed como la construcci\u00f3n de infraestructura estrat\u00e9gica como la Ciudad de la Seguridad, la Academia de Polic\u00eda, la instalaci\u00f3n del mayor n\u00famero de arcos lectores del pa\u00eds, la red estatal de videovigilancia y la intervenci\u00f3n de vialidades clave como el Arco Norte, acciones que han contribuido a disminuir la incidencia delictiva y reforzar la coordinaci\u00f3n entre los distintos \u00f3rdenes de gobierno.<\/p>\n<p style=\"text-align: justify;\" data-start=\"2681\" data-end=\"2980\">Por su parte, el titular del SESESP, <span class=\"hover:entity-accent entity-underline inline cursor-pointer align-baseline\"><span class=\"whitespace-normal\">Maximino Hern\u00e1ndez Pulido<\/span><\/span>, inform\u00f3 que con la puesta en operaci\u00f3n del C2 de Santa Cruz Tlaxcala se consolida el centro n\u00famero 39 de un total de 60, lo que permitir\u00e1 alcanzar la cobertura total de los municipios del estado durante el presente a\u00f1o.<\/p>\n<p style=\"text-align: justify;\" data-start=\"2982\" data-end=\"3270\">Indic\u00f3 que este avance forma parte de la inversi\u00f3n hist\u00f3rica impulsada por la actual administraci\u00f3n estatal, la cual cuadruplica la realizada en gobiernos anteriores y posiciona a Tlaxcala como la entidad que, de manera proporcional, destina m\u00e1s recursos estatales a la seguridad p\u00fablica.<\/p>\n<p style=\"text-align: justify;\" data-start=\"3272\" data-end=\"3509\">A\u00f1adi\u00f3 que el nuevo C2 contar\u00e1 con 30 c\u00e1maras de videovigilancia estrat\u00e9gicamente ubicadas, con capacidad de monitoreo en tiempo real e interconectadas al C5i, lo que permitir\u00e1 una reacci\u00f3n inmediata ante emergencias reportadas al 9-1-1.<\/p>\n<p style=\"text-align: justify;\" data-start=\"3511\" data-end=\"3869\">Con la incorporaci\u00f3n de tecnolog\u00eda, infraestructura especializada y personal capacitado, se ampl\u00eda la cobertura de vigilancia, se agiliza la toma de decisiones y se fortalece el trabajo coordinado entre los tres \u00f3rdenes de gobierno, refrendando el compromiso del Estado con la construcci\u00f3n de entornos m\u00e1s seguros y tranquilos para las familias tlaxcaltecas.<\/p>\n<p data-start=\"3511\" data-end=\"3869\"><img loading=\"lazy\" decoding=\"async\" class=\"alignnone size-full wp-image-58248\" src=\"https:\/\/labestiapolitica.com.mx\/wp-content\/uploads\/2026\/01\/WhatsApp-Image-2026-01-13-at-3.16.44-PM-2.jpeg\" alt=\"\" width=\"1280\" height=\"853\" srcset=\"https:\/\/labestiapolitica.com.mx\/wp-content\/uploads\/2026\/01\/WhatsApp-Image-2026-01-13-at-3.16.44-PM-2.jpeg 1280w, https:\/\/labestiapolitica.com.mx\/wp-content\/uploads\/2026\/01\/WhatsApp-Image-2026-01-13-at-3.16.44-PM-2-300x200.jpeg 300w, https:\/\/labestiapolitica.com.mx\/wp-content\/uploads\/2026\/01\/WhatsApp-Image-2026-01-13-at-3.16.44-PM-2-1024x682.jpeg 1024w, https:\/\/labestiapolitica.com.mx\/wp-content\/uploads\/2026\/01\/WhatsApp-Image-2026-01-13-at-3.16.44-PM-2-768x512.jpeg 768w\" sizes=\"auto, (max-width: 1280px) 100vw, 1280px\" \/> <img loading=\"lazy\" decoding=\"async\" class=\"alignnone size-full wp-image-58249\" src=\"https:\/\/labestiapolitica.com.mx\/wp-content\/uploads\/2026\/01\/WhatsApp-Image-2026-01-13-at-3.16.44-PM-1.jpeg\" alt=\"\" width=\"853\" height=\"1280\" srcset=\"https:\/\/labestiapolitica.com.mx\/wp-content\/uploads\/2026\/01\/WhatsApp-Image-2026-01-13-at-3.16.44-PM-1.jpeg 853w, https:\/\/labestiapolitica.com.mx\/wp-content\/uploads\/2026\/01\/WhatsApp-Image-2026-01-13-at-3.16.44-PM-1-200x300.jpeg 200w, https:\/\/labestiapolitica.com.mx\/wp-content\/uploads\/2026\/01\/WhatsApp-Image-2026-01-13-at-3.16.44-PM-1-682x1024.jpeg 682w, https:\/\/labestiapolitica.com.mx\/wp-content\/uploads\/2026\/01\/WhatsApp-Image-2026-01-13-at-3.16.44-PM-1-768x1152.jpeg 768w\" sizes=\"auto, (max-width: 853px) 100vw, 853px\" \/> <img loading=\"lazy\" decoding=\"async\" class=\"alignnone size-full wp-image-58250\" src=\"https:\/\/labestiapolitica.com.mx\/wp-content\/uploads\/2026\/01\/WhatsApp-Image-2026-01-13-at-3.16.43-PM-5.jpeg\" alt=\"\" width=\"1280\" height=\"853\" srcset=\"https:\/\/labestiapolitica.com.mx\/wp-content\/uploads\/2026\/01\/WhatsApp-Image-2026-01-13-at-3.16.43-PM-5.jpeg 1280w, https:\/\/labestiapolitica.com.mx\/wp-content\/uploads\/2026\/01\/WhatsApp-Image-2026-01-13-at-3.16.43-PM-5-300x200.jpeg 300w, https:\/\/labestiapolitica.com.mx\/wp-content\/uploads\/2026\/01\/WhatsApp-Image-2026-01-13-at-3.16.43-PM-5-1024x682.jpeg 1024w, https:\/\/labestiapolitica.com.mx\/wp-content\/uploads\/2026\/01\/WhatsApp-Image-2026-01-13-at-3.16.43-PM-5-768x512.jpeg 768w\" sizes=\"auto, (max-width: 1280px) 100vw, 1280px\" \/> <img loading=\"lazy\" decoding=\"async\" class=\"alignnone size-full wp-image-58251\" src=\"https:\/\/labestiapolitica.com.mx\/wp-content\/uploads\/2026\/01\/WhatsApp-Image-2026-01-13-at-3.16.43-PM-4.jpeg\" alt=\"\" width=\"1280\" height=\"853\" srcset=\"https:\/\/labestiapolitica.com.mx\/wp-content\/uploads\/2026\/01\/WhatsApp-Image-2026-01-13-at-3.16.43-PM-4.jpeg 1280w, https:\/\/labestiapolitica.com.mx\/wp-content\/uploads\/2026\/01\/WhatsApp-Image-2026-01-13-at-3.16.43-PM-4-300x200.jpeg 300w, https:\/\/labestiapolitica.com.mx\/wp-content\/uploads\/2026\/01\/WhatsApp-Image-2026-01-13-at-3.16.43-PM-4-1024x682.jpeg 1024w, https:\/\/labestiapolitica.com.mx\/wp-content\/uploads\/2026\/01\/WhatsApp-Image-2026-01-13-at-3.16.43-PM-4-768x512.jpeg 768w\" sizes=\"auto, (max-width: 1280px) 100vw, 1280px\" \/> <img loading=\"lazy\" decoding=\"async\" class=\"alignnone size-full wp-image-58252\" src=\"https:\/\/labestiapolitica.com.mx\/wp-content\/uploads\/2026\/01\/WhatsApp-Image-2026-01-13-at-3.16.43-PM-3.jpeg\" alt=\"\" width=\"1280\" height=\"853\" srcset=\"https:\/\/labestiapolitica.com.mx\/wp-content\/uploads\/2026\/01\/WhatsApp-Image-2026-01-13-at-3.16.43-PM-3.jpeg 1280w, https:\/\/labestiapolitica.com.mx\/wp-content\/uploads\/2026\/01\/WhatsApp-Image-2026-01-13-at-3.16.43-PM-3-300x200.jpeg 300w, https:\/\/labestiapolitica.com.mx\/wp-content\/uploads\/2026\/01\/WhatsApp-Image-2026-01-13-at-3.16.43-PM-3-1024x682.jpeg 1024w, https:\/\/labestiapolitica.com.mx\/wp-content\/uploads\/2026\/01\/WhatsApp-Image-2026-01-13-at-3.16.43-PM-3-768x512.jpeg 768w\" sizes=\"auto, (max-width: 1280px) 100vw, 1280px\" \/><\/p>\n","protected":false},"excerpt":{"rendered":"<p>Durante el acto inaugural, la gobernadora Lorena Cu\u00e9llar destac\u00f3 que para su administraci\u00f3n es prioritario cuidar a las familias y preservar la paz en Tlaxcala. El Gobierno del Estado inaugur\u00f3 el Centro de Control y Comando Municipal (C2) de Santa Cruz Tlaxcala, como parte de la estrategia integral para fortalecer la seguridad p\u00fablica y mejorar [&hellip;]<\/p>\n","protected":false},"author":3,"featured_media":58247,"comment_status":"open","ping_status":"open","sticky":false,"template":"","format":"standard","meta":{"footnotes":""},"categories":[236],"tags":[],"class_list":["post-58246","post","type-post","status-publish","format-standard","has-post-thumbnail","hentry","category-gobierno-de-tlaxcala"],"amp_enabled":true,"_links":{"self":[{"href":"https:\/\/labestiapolitica.com.mx\/index.php?rest_route=\/wp\/v2\/posts\/58246","targetHints":{"allow":["GET"]}}],"collection":[{"href":"https:\/\/labestiapolitica.com.mx\/index.php?rest_route=\/wp\/v2\/posts"}],"about":[{"href":"https:\/\/labestiapolitica.com.mx\/index.php?rest_route=\/wp\/v2\/types\/post"}],"author":[{"embeddable":true,"href":"https:\/\/labestiapolitica.com.mx\/index.php?rest_route=\/wp\/v2\/users\/3"}],"replies":[{"embeddable":true,"href":"https:\/\/labestiapolitica.com.mx\/index.php?rest_route=%2Fwp%2Fv2%2Fcomments&post=58246"}],"version-history":[{"count":1,"href":"https:\/\/labestiapolitica.com.mx\/index.php?rest_route=\/wp\/v2\/posts\/58246\/revisions"}],"predecessor-version":[{"id":58253,"href":"https:\/\/labestiapolitica.com.mx\/index.php?rest_route=\/wp\/v2\/posts\/58246\/revisions\/58253"}],"wp:featuredmedia":[{"embeddable":true,"href":"https:\/\/labestiapolitica.com.mx\/index.php?rest_route=\/wp\/v2\/media\/58247"}],"wp:attachment":[{"href":"https:\/\/labestiapolitica.com.mx\/index.php?rest_route=%2Fwp%2Fv2%2Fmedia&parent=58246"}],"wp:term":[{"taxonomy":"category","embeddable":true,"href":"https:\/\/labestiapolitica.com.mx\/index.php?rest_route=%2Fwp%2Fv2%2Fcategories&post=58246"},{"taxonomy":"post_tag","embeddable":true,"href":"https:\/\/labestiapolitica.com.mx\/index.php?rest_route=%2Fwp%2Fv2%2Ftags&post=58246"}],"curies":[{"name":"wp","href":"https:\/\/api.w.org\/{rel}","templated":true}]}}