{"id":58380,"date":"2026-01-14T18:49:50","date_gmt":"2026-01-15T00:49:50","guid":{"rendered":"https:\/\/labestiapolitica.com.mx\/?p=58380"},"modified":"2026-01-14T18:49:50","modified_gmt":"2026-01-15T00:49:50","slug":"refuerzan-gobiernos-estatal-y-federal-revision-de-rutas-de-evacuacion-del-volcan-popocatepetl","status":"publish","type":"post","link":"https:\/\/labestiapolitica.com.mx\/?p=58380","title":{"rendered":"Refuerzan gobiernos estatal y federal revisi\u00f3n de rutas de evacuaci\u00f3n del volc\u00e1n Popocat\u00e9petl."},"content":{"rendered":"<p style=\"text-align: justify;\">Se realiz\u00f3 un recorrido de evaluaci\u00f3n para verificar el estado de las rutas de evacuaci\u00f3n y refugios temporales en Tlaxcala, como parte de las acciones preventivas impulsadas por el Gobierno de M\u00e9xico para salvaguardar a la poblaci\u00f3n ante una posible emergencia volc\u00e1nica_<\/p>\n<p style=\"text-align: justify;\">Autoridades de los tres niveles de gobierno, encabezadas por la coordinadora nacional de Protecci\u00f3n Civil, Laura Vel\u00e1zquez Alz\u00faa, llevaron a cabo un recorrido de evaluaci\u00f3n de rutas de evacuaci\u00f3n en Tlaxcala, con el objetivo de verificar las condiciones de vialidad, se\u00f1al\u00e9tica y operatividad de los refugios temporales, como parte de las acciones preventivas ante la actividad del volc\u00e1n Popocat\u00e9petl.<\/p>\n<p style=\"text-align: justify;\">La funcionaria federal se\u00f1al\u00f3 que estas acciones se derivan del di\u00e1logo sostenido previamente con la gobernadora Lorena Cu\u00e9llar Cisneros, en el que se abordaron las medidas preventivas que se implementan en el estado y que forman parte de las estrategias del Plan Homologado Popocat\u00e9petl.<\/p>\n<p style=\"text-align: justify;\">Vel\u00e1zquez Alz\u00faa destac\u00f3 que, aun cuando la entidad no se localiza al pie del volc\u00e1n, s\u00ed enfrenta afectaciones por la ca\u00edda de ceniza, lo que hace indispensable mantener un alto nivel de preparaci\u00f3n.<\/p>\n<p style=\"text-align: justify;\">\u201cQueremos estar preparados ante cualquier emergencia y reforzar la coordinaci\u00f3n de todos los niveles de gobierno. El Popocat\u00e9petl es un volc\u00e1n activo y debemos estar listos para evacuar si es necesario\u201d, expres\u00f3.<\/p>\n<p style=\"text-align: justify;\">La titular de la Coordinaci\u00f3n Nacional de Protecci\u00f3n Civil (CNPC) detall\u00f3 que se cuenta con un mapa de las siete rutas de evacuaci\u00f3n, las cuales ser\u00e1n verificadas en su totalidad para corroborar que el Plan Homologado Popocat\u00e9petl se aplique de manera efectiva.<\/p>\n<p style=\"text-align: justify;\">Asimismo, destac\u00f3 que, por instrucciones de la presidenta Claudia Sheinbaum Pardo, se realiza una revisi\u00f3n minuciosa para garantizar que las rutas se encuentren en buenas condiciones, libres de obst\u00e1culos y con se\u00f1al\u00e9tica visible, adem\u00e1s de asegurar que los refugios temporales est\u00e9n en condiciones de operar.<\/p>\n<p style=\"text-align: justify;\">\u201cEstamos al pendiente, unidos y coordinados, revisando a detalle estas rutas para salvaguardar a la poblaci\u00f3n\u201d, afirm\u00f3.<\/p>\n<p style=\"text-align: justify;\">En tanto, el coordinador estatal de Protecci\u00f3n Civil, Juvencio Nieto Galicia, reconoci\u00f3 el respaldo de la CNPC, as\u00ed como el apoyo permanente de las Fuerzas Armadas, al se\u00f1alar que estas acciones forman parte de una revisi\u00f3n integral de las siete rutas de evacuaci\u00f3n y 25 refugios temporales con los que cuenta actualmente la entidad, con capacidad para atender a m\u00e1s de 17 mil personas.<\/p>\n<p style=\"text-align: justify;\">A\u00f1adi\u00f3 que se trabaja para incorporar dos refugios m\u00e1s en los municipios de Terrenate y Tlaxco, con lo que se alcanzar\u00eda un total de 27 espacios habilitados para la atenci\u00f3n de la poblaci\u00f3n.<\/p>\n<p style=\"text-align: justify;\">Nieto Galicia explic\u00f3 que, como parte de esta jornada, se recorri\u00f3 la ruta n\u00famero 3, la cual conduce al refugio temporal de Panotla, a fin de verificar que el trayecto se encuentre en condiciones adecuadas de operaci\u00f3n.<\/p>\n<p style=\"text-align: justify;\">\u201cEste recorrido forma parte de la revisi\u00f3n que realizamos de manera coordinada con la Federaci\u00f3n, para constatar que las rutas y los refugios puedan operar correctamente, con el acompa\u00f1amiento de compa\u00f1eros de atenci\u00f3n a emergencias, as\u00ed como de la Secretar\u00eda de la Defensa Nacional y la Guardia Nacional\u201d, puntualiz\u00f3.<\/p>\n<p style=\"text-align: justify;\">En Tlaxcala existen siete rutas estatales de evacuaci\u00f3n, trazadas para garantizar una salida ordenada y segura de la poblaci\u00f3n en caso de emergencia. De acuerdo con el mapa presentado, las rutas conectan puntos estrat\u00e9gicos como Calpulalpan, Villa Alta, Panotla, Apizaco, Santa Cruz Tlaxcala, Yauhquemehcan, Xoxtla, Panzacola y Domingo Arenas.<\/p>\n<p style=\"text-align: justify;\">La informaci\u00f3n t\u00e9cnica detalla que las rutas tienen longitudes que van de los 16.8 a los 52.8 kil\u00f3metros, con tiempos de recorrido estimados entre 30 y 60 minutos. Entre ellas destacan la de Villa Alta\u2013Panotla, por ser la m\u00e1s corta y r\u00e1pida, as\u00ed como la Villa Alta\u2013Calpulalpan, la de mayor extensi\u00f3n.<\/p>\n<p style=\"text-align: justify;\">Tras el recorrido de la ruta 3, que comprende de Villa Alta al refugio temporal de Panotla, la coordinadora nacional de Protecci\u00f3n Civil dio a conocer que se encuentra en \u00f3ptimas condiciones, con un trayecto de 17 kil\u00f3metros que se recorri\u00f3 en aproximadamente 32 minutos.<\/p>\n<p style=\"text-align: justify;\">\u201cLa principal recomendaci\u00f3n a la poblaci\u00f3n es que respete estas rutas y se mantenga bien informada a trav\u00e9s de los canales oficiales en caso de cualquier emergencia\u201d, enfatiz\u00f3 Laura Vel\u00e1zquez Alz\u00faa.<\/p>\n<p style=\"text-align: justify;\">Durante las pr\u00f3ximas semanas, las autoridades recorrer\u00e1n la totalidad de las rutas para garantizar la atenci\u00f3n oportuna a la poblaci\u00f3n.<\/p>\n<p style=\"text-align: justify;\">Al recorrido asistieron el General de Brigada de Estado Mayor, Ra\u00fal Mart\u00ednez Gonz\u00e1lez, coordinador de la Guardia Nacional en Tlaxcala; el coronel de Arma Blindada, Alfredo Montiel S\u00e1nchez, en representaci\u00f3n de la 23 Zona Militar; y el presidente municipal de Panotla, Idelfonso Carro Rold\u00e1n.<\/p>\n","protected":false},"excerpt":{"rendered":"<p>Se realiz\u00f3 un recorrido de evaluaci\u00f3n para verificar el estado de las rutas de evacuaci\u00f3n y refugios temporales en Tlaxcala, como parte de las acciones preventivas impulsadas por el Gobierno de M\u00e9xico para salvaguardar a la poblaci\u00f3n ante una posible emergencia volc\u00e1nica_ Autoridades de los tres niveles de gobierno, encabezadas por la coordinadora nacional de [&hellip;]<\/p>\n","protected":false},"author":5,"featured_media":58381,"comment_status":"open","ping_status":"open","sticky":false,"template":"","format":"standard","meta":{"footnotes":""},"categories":[236],"tags":[],"class_list":["post-58380","post","type-post","status-publish","format-standard","has-post-thumbnail","hentry","category-gobierno-de-tlaxcala"],"amp_enabled":true,"_links":{"self":[{"href":"https:\/\/labestiapolitica.com.mx\/index.php?rest_route=\/wp\/v2\/posts\/58380","targetHints":{"allow":["GET"]}}],"collection":[{"href":"https:\/\/labestiapolitica.com.mx\/index.php?rest_route=\/wp\/v2\/posts"}],"about":[{"href":"https:\/\/labestiapolitica.com.mx\/index.php?rest_route=\/wp\/v2\/types\/post"}],"author":[{"embeddable":true,"href":"https:\/\/labestiapolitica.com.mx\/index.php?rest_route=\/wp\/v2\/users\/5"}],"replies":[{"embeddable":true,"href":"https:\/\/labestiapolitica.com.mx\/index.php?rest_route=%2Fwp%2Fv2%2Fcomments&post=58380"}],"version-history":[{"count":1,"href":"https:\/\/labestiapolitica.com.mx\/index.php?rest_route=\/wp\/v2\/posts\/58380\/revisions"}],"predecessor-version":[{"id":58382,"href":"https:\/\/labestiapolitica.com.mx\/index.php?rest_route=\/wp\/v2\/posts\/58380\/revisions\/58382"}],"wp:featuredmedia":[{"embeddable":true,"href":"https:\/\/labestiapolitica.com.mx\/index.php?rest_route=\/wp\/v2\/media\/58381"}],"wp:attachment":[{"href":"https:\/\/labestiapolitica.com.mx\/index.php?rest_route=%2Fwp%2Fv2%2Fmedia&parent=58380"}],"wp:term":[{"taxonomy":"category","embeddable":true,"href":"https:\/\/labestiapolitica.com.mx\/index.php?rest_route=%2Fwp%2Fv2%2Fcategories&post=58380"},{"taxonomy":"post_tag","embeddable":true,"href":"https:\/\/labestiapolitica.com.mx\/index.php?rest_route=%2Fwp%2Fv2%2Ftags&post=58380"}],"curies":[{"name":"wp","href":"https:\/\/api.w.org\/{rel}","templated":true}]}}