{"id":58409,"date":"2026-01-15T10:00:00","date_gmt":"2026-01-15T16:00:00","guid":{"rendered":"https:\/\/labestiapolitica.com.mx\/?p=58409"},"modified":"2026-01-15T10:00:00","modified_gmt":"2026-01-15T16:00:00","slug":"%f0%9f%94%8d%f0%9f%a4%9d-instalan-esquema-de-atencion-conjunta-para-agilizar-la-busqueda-de-personas-en-tlaxcala-%f0%9f%9a%a8%f0%9f%93%8d","status":"publish","type":"post","link":"https:\/\/labestiapolitica.com.mx\/?p=58409","title":{"rendered":"\ud83d\udd0d\ud83e\udd1d Instalan esquema de atenci\u00f3n conjunta para agilizar la b\u00fasqueda de personas en Tlaxcala \ud83d\udea8\ud83d\udccd"},"content":{"rendered":"<p style=\"text-align: justify;\" data-start=\"272\" data-end=\"454\"><em data-start=\"272\" data-end=\"454\">La Comisi\u00f3n Estatal de B\u00fasqueda y la Fiscal\u00eda Especializada establecen mesas de an\u00e1lisis t\u00e9cnico para brindar atenci\u00f3n inmediata y digna a los familiares de personas desaparecidas.<\/em><\/p>\n<p style=\"text-align: justify;\" data-start=\"456\" data-end=\"821\">Con el objetivo de fortalecer los procesos de b\u00fasqueda y mejorar la atenci\u00f3n a los familiares de personas desaparecidas o no localizadas, autoridades estatales instalaron un esquema de atenci\u00f3n conjunta entre la <strong data-start=\"668\" data-end=\"709\"><span class=\"hover:entity-accent entity-underline inline cursor-pointer align-baseline\"><span class=\"whitespace-normal\">Comisi\u00f3n Estatal de B\u00fasqueda de Personas<\/span><\/span><\/strong> (CEBP) y la <strong data-start=\"722\" data-end=\"763\"><span class=\"hover:entity-accent entity-underline inline cursor-pointer align-baseline\"><span class=\"whitespace-normal\">Fiscal\u00eda Especializada en Personas Desaparecidas y No Localizadas<\/span><\/span><\/strong>, adscrita a la <strong data-start=\"779\" data-end=\"820\"><span class=\"hover:entity-accent entity-underline inline cursor-pointer align-baseline\"><span class=\"whitespace-normal\">Fiscal\u00eda General de Justicia del Estado<\/span><\/span><\/strong>.<\/p>\n<p style=\"text-align: justify;\" data-start=\"823\" data-end=\"1118\">Este nuevo modelo de coordinaci\u00f3n tiene como finalidad agilizar la activaci\u00f3n de los protocolos de b\u00fasqueda, optimizar el intercambio de informaci\u00f3n y garantizar una atenci\u00f3n m\u00e1s oportuna, especializada y con enfoque humanitario para las familias que enfrentan la desaparici\u00f3n de un ser querido.<\/p>\n<p style=\"text-align: justify;\" data-start=\"1120\" data-end=\"1403\">Como parte de este esquema, se estableci\u00f3 la presencia permanente de personal especializado de la Comisi\u00f3n Estatal de B\u00fasqueda en la sede de la Fiscal\u00eda Especializada, lo que permitir\u00e1 una actuaci\u00f3n inmediata desde el primer reporte y una comunicaci\u00f3n directa entre ambas instancias.<\/p>\n<p style=\"text-align: justify;\" data-start=\"1405\" data-end=\"1720\">Asimismo, se acord\u00f3 la instalaci\u00f3n de mesas de an\u00e1lisis t\u00e9cnico integradas por personal de ambas dependencias, con el prop\u00f3sito de evaluar cada caso de manera individual, definir estrategias de b\u00fasqueda acordes a las circunstancias y fortalecer las acciones de localizaci\u00f3n desde una perspectiva interinstitucional.<\/p>\n<p style=\"text-align: justify;\" data-start=\"1722\" data-end=\"1987\">Las autoridades se\u00f1alaron que este esfuerzo conjunto busca evitar duplicidad de funciones, reducir tiempos de respuesta y brindar certeza a las familias, priorizando siempre la dignidad, el acompa\u00f1amiento y el respeto a los derechos humanos durante todo el proceso.<\/p>\n<p style=\"text-align: justify;\" data-start=\"1989\" data-end=\"2328\">Con la puesta en marcha de este esquema de atenci\u00f3n conjunta, el Gobierno del Estado de Tlaxcala refrenda su compromiso de fortalecer los mecanismos de b\u00fasqueda de personas, consolidar la coordinaci\u00f3n institucional y colocar en el centro de las acciones a las v\u00edctimas y a sus familiares, con una atenci\u00f3n m\u00e1s eficiente, sensible y humana.<\/p>\n<p style=\"text-align: justify;\">\n<p><img loading=\"lazy\" decoding=\"async\" class=\"alignnone size-full wp-image-58411\" src=\"https:\/\/labestiapolitica.com.mx\/wp-content\/uploads\/2026\/01\/WhatsApp-Image-2026-01-15-at-9.12.22-AM.jpeg\" alt=\"\" width=\"1600\" height=\"1200\" srcset=\"https:\/\/labestiapolitica.com.mx\/wp-content\/uploads\/2026\/01\/WhatsApp-Image-2026-01-15-at-9.12.22-AM.jpeg 1600w, https:\/\/labestiapolitica.com.mx\/wp-content\/uploads\/2026\/01\/WhatsApp-Image-2026-01-15-at-9.12.22-AM-300x225.jpeg 300w, https:\/\/labestiapolitica.com.mx\/wp-content\/uploads\/2026\/01\/WhatsApp-Image-2026-01-15-at-9.12.22-AM-1024x768.jpeg 1024w, https:\/\/labestiapolitica.com.mx\/wp-content\/uploads\/2026\/01\/WhatsApp-Image-2026-01-15-at-9.12.22-AM-768x576.jpeg 768w, https:\/\/labestiapolitica.com.mx\/wp-content\/uploads\/2026\/01\/WhatsApp-Image-2026-01-15-at-9.12.22-AM-1536x1152.jpeg 1536w\" sizes=\"auto, (max-width: 1600px) 100vw, 1600px\" \/> <img loading=\"lazy\" decoding=\"async\" class=\"alignnone size-full wp-image-58412\" src=\"https:\/\/labestiapolitica.com.mx\/wp-content\/uploads\/2026\/01\/WhatsApp-Image-2026-01-15-at-9.12.23-AM-1.jpeg\" alt=\"\" width=\"916\" height=\"1600\" srcset=\"https:\/\/labestiapolitica.com.mx\/wp-content\/uploads\/2026\/01\/WhatsApp-Image-2026-01-15-at-9.12.23-AM-1.jpeg 916w, https:\/\/labestiapolitica.com.mx\/wp-content\/uploads\/2026\/01\/WhatsApp-Image-2026-01-15-at-9.12.23-AM-1-172x300.jpeg 172w, https:\/\/labestiapolitica.com.mx\/wp-content\/uploads\/2026\/01\/WhatsApp-Image-2026-01-15-at-9.12.23-AM-1-586x1024.jpeg 586w, https:\/\/labestiapolitica.com.mx\/wp-content\/uploads\/2026\/01\/WhatsApp-Image-2026-01-15-at-9.12.23-AM-1-768x1341.jpeg 768w, https:\/\/labestiapolitica.com.mx\/wp-content\/uploads\/2026\/01\/WhatsApp-Image-2026-01-15-at-9.12.23-AM-1-879x1536.jpeg 879w\" sizes=\"auto, (max-width: 916px) 100vw, 916px\" \/> <img loading=\"lazy\" decoding=\"async\" class=\"alignnone size-full wp-image-58413\" src=\"https:\/\/labestiapolitica.com.mx\/wp-content\/uploads\/2026\/01\/WhatsApp-Image-2026-01-15-at-9.12.24-AM-2.jpeg\" alt=\"\" width=\"1280\" height=\"960\" srcset=\"https:\/\/labestiapolitica.com.mx\/wp-content\/uploads\/2026\/01\/WhatsApp-Image-2026-01-15-at-9.12.24-AM-2.jpeg 1280w, https:\/\/labestiapolitica.com.mx\/wp-content\/uploads\/2026\/01\/WhatsApp-Image-2026-01-15-at-9.12.24-AM-2-300x225.jpeg 300w, https:\/\/labestiapolitica.com.mx\/wp-content\/uploads\/2026\/01\/WhatsApp-Image-2026-01-15-at-9.12.24-AM-2-1024x768.jpeg 1024w, https:\/\/labestiapolitica.com.mx\/wp-content\/uploads\/2026\/01\/WhatsApp-Image-2026-01-15-at-9.12.24-AM-2-768x576.jpeg 768w\" sizes=\"auto, (max-width: 1280px) 100vw, 1280px\" \/> <img loading=\"lazy\" decoding=\"async\" class=\"alignnone size-full wp-image-58414\" src=\"https:\/\/labestiapolitica.com.mx\/wp-content\/uploads\/2026\/01\/WhatsApp-Image-2026-01-15-at-9.12.24-AM-1.jpeg\" alt=\"\" width=\"1600\" height=\"1200\" srcset=\"https:\/\/labestiapolitica.com.mx\/wp-content\/uploads\/2026\/01\/WhatsApp-Image-2026-01-15-at-9.12.24-AM-1.jpeg 1600w, https:\/\/labestiapolitica.com.mx\/wp-content\/uploads\/2026\/01\/WhatsApp-Image-2026-01-15-at-9.12.24-AM-1-300x225.jpeg 300w, https:\/\/labestiapolitica.com.mx\/wp-content\/uploads\/2026\/01\/WhatsApp-Image-2026-01-15-at-9.12.24-AM-1-1024x768.jpeg 1024w, https:\/\/labestiapolitica.com.mx\/wp-content\/uploads\/2026\/01\/WhatsApp-Image-2026-01-15-at-9.12.24-AM-1-768x576.jpeg 768w, https:\/\/labestiapolitica.com.mx\/wp-content\/uploads\/2026\/01\/WhatsApp-Image-2026-01-15-at-9.12.24-AM-1-1536x1152.jpeg 1536w\" sizes=\"auto, (max-width: 1600px) 100vw, 1600px\" \/> <img loading=\"lazy\" decoding=\"async\" class=\"alignnone size-full wp-image-58415\" src=\"https:\/\/labestiapolitica.com.mx\/wp-content\/uploads\/2026\/01\/WhatsApp-Image-2026-01-15-at-9.12.24-AM.jpeg\" alt=\"\" width=\"1280\" height=\"1280\" srcset=\"https:\/\/labestiapolitica.com.mx\/wp-content\/uploads\/2026\/01\/WhatsApp-Image-2026-01-15-at-9.12.24-AM.jpeg 1280w, https:\/\/labestiapolitica.com.mx\/wp-content\/uploads\/2026\/01\/WhatsApp-Image-2026-01-15-at-9.12.24-AM-300x300.jpeg 300w, https:\/\/labestiapolitica.com.mx\/wp-content\/uploads\/2026\/01\/WhatsApp-Image-2026-01-15-at-9.12.24-AM-1024x1024.jpeg 1024w, https:\/\/labestiapolitica.com.mx\/wp-content\/uploads\/2026\/01\/WhatsApp-Image-2026-01-15-at-9.12.24-AM-150x150.jpeg 150w, https:\/\/labestiapolitica.com.mx\/wp-content\/uploads\/2026\/01\/WhatsApp-Image-2026-01-15-at-9.12.24-AM-768x768.jpeg 768w\" sizes=\"auto, (max-width: 1280px) 100vw, 1280px\" \/><\/p>\n","protected":false},"excerpt":{"rendered":"<p>La Comisi\u00f3n Estatal de B\u00fasqueda y la Fiscal\u00eda Especializada establecen mesas de an\u00e1lisis t\u00e9cnico para brindar atenci\u00f3n inmediata y digna a los familiares de personas desaparecidas. Con el objetivo de fortalecer los procesos de b\u00fasqueda y mejorar la atenci\u00f3n a los familiares de personas desaparecidas o no localizadas, autoridades estatales instalaron un esquema de atenci\u00f3n [&hellip;]<\/p>\n","protected":false},"author":3,"featured_media":58410,"comment_status":"open","ping_status":"open","sticky":false,"template":"","format":"standard","meta":{"footnotes":""},"categories":[236],"tags":[],"class_list":["post-58409","post","type-post","status-publish","format-standard","has-post-thumbnail","hentry","category-gobierno-de-tlaxcala"],"amp_enabled":true,"_links":{"self":[{"href":"https:\/\/labestiapolitica.com.mx\/index.php?rest_route=\/wp\/v2\/posts\/58409","targetHints":{"allow":["GET"]}}],"collection":[{"href":"https:\/\/labestiapolitica.com.mx\/index.php?rest_route=\/wp\/v2\/posts"}],"about":[{"href":"https:\/\/labestiapolitica.com.mx\/index.php?rest_route=\/wp\/v2\/types\/post"}],"author":[{"embeddable":true,"href":"https:\/\/labestiapolitica.com.mx\/index.php?rest_route=\/wp\/v2\/users\/3"}],"replies":[{"embeddable":true,"href":"https:\/\/labestiapolitica.com.mx\/index.php?rest_route=%2Fwp%2Fv2%2Fcomments&post=58409"}],"version-history":[{"count":1,"href":"https:\/\/labestiapolitica.com.mx\/index.php?rest_route=\/wp\/v2\/posts\/58409\/revisions"}],"predecessor-version":[{"id":58416,"href":"https:\/\/labestiapolitica.com.mx\/index.php?rest_route=\/wp\/v2\/posts\/58409\/revisions\/58416"}],"wp:featuredmedia":[{"embeddable":true,"href":"https:\/\/labestiapolitica.com.mx\/index.php?rest_route=\/wp\/v2\/media\/58410"}],"wp:attachment":[{"href":"https:\/\/labestiapolitica.com.mx\/index.php?rest_route=%2Fwp%2Fv2%2Fmedia&parent=58409"}],"wp:term":[{"taxonomy":"category","embeddable":true,"href":"https:\/\/labestiapolitica.com.mx\/index.php?rest_route=%2Fwp%2Fv2%2Fcategories&post=58409"},{"taxonomy":"post_tag","embeddable":true,"href":"https:\/\/labestiapolitica.com.mx\/index.php?rest_route=%2Fwp%2Fv2%2Ftags&post=58409"}],"curies":[{"name":"wp","href":"https:\/\/api.w.org\/{rel}","templated":true}]}}