{"id":58459,"date":"2026-01-15T14:57:47","date_gmt":"2026-01-15T20:57:47","guid":{"rendered":"https:\/\/labestiapolitica.com.mx\/?p=58459"},"modified":"2026-01-15T14:57:47","modified_gmt":"2026-01-15T20:57:47","slug":"prd-tlaxcala-lamenta-que-el-congreso-bloquee-la-rendicion-de-cuentas-y-proteja-a-un-gobierno-opaco","status":"publish","type":"post","link":"https:\/\/labestiapolitica.com.mx\/?p=58459","title":{"rendered":"PRD TLAXCALA LAMENTA QUE EL CONGRESO BLOQUEE LA RENDICI\u00d3N DE CUENTAS Y PROTEJA A UN GOBIERNO OPACO"},"content":{"rendered":"<p style=\"text-align: justify;\">El Partido de la Revoluci\u00f3n Democr\u00e1tica (PRD) en Tlaxcala lamenta y condena la decisi\u00f3n de la mayor\u00eda de diputadas y diputados del r\u00e9gimen en el Congreso del Estado, quienes rechazaron la solicitud de comparecencia de integrantes del gabinete de la gobernadora Lorena Cu\u00e9llar Cisneros, bajo el argumento de que \u201cno es necesario\u201d, porque \u2014seg\u00fan su narrativa\u2014 el gobierno va de maravilla, se les quita tiempo a los funcionarios y se obstaculiza un trabajo que, afirman, est\u00e1n haciendo muy bien.<\/p>\n<p style=\"text-align: justify;\">Para el PRD Tlaxcala, esta determinaci\u00f3n representa un nuevo error del Congreso, que vuelve a darle la espalda a su funci\u00f3n constitucional de vigilancia y control, y opta por proteger a una administraci\u00f3n que se ha convertido en la m\u00e1s opaca de la que se tenga memoria en el estado.<\/p>\n<p style=\"text-align: justify;\">Resulta preocupante que la mayor\u00eda legislativa haya descalificado la solicitud de rendici\u00f3n de cuentas, asegurando que no obedece a una genuina preocupaci\u00f3n por la situaci\u00f3n de Tlaxcala, sino a una supuesta confrontaci\u00f3n pol\u00edtica. Nada m\u00e1s falso: la rendici\u00f3n de cuentas no es una concesi\u00f3n del poder, es una obligaci\u00f3n legal y democr\u00e1tica.<\/p>\n<p style=\"text-align: justify;\">La realidad de Tlaxcala no se tapa con un dedo, por m\u00e1s cifras a modo y propaganda oficial que se difundan. Ah\u00ed est\u00e1n los hechos, los malos resultados, los problemas no resueltos y la situaci\u00f3n que hoy enfrenta el estado, misma que es responsabilidad directa de las y los funcionarios a los que hoy se busca proteger, a quienes se les impide dar la cara y explicar su desempe\u00f1o ante las y los tlaxcaltecas.<\/p>\n<p style=\"text-align: justify;\">Hoy, el \u201cno\u201d del Congreso no fue para la oposici\u00f3n, fue un no para el pueblo de Tlaxcala, que merece saber qu\u00e9 se est\u00e1 haciendo con los recursos p\u00fablicos, cu\u00e1les son los resultados reales y por qu\u00e9 persisten los problemas que afectan la vida cotidiana de las familias.<\/p>\n<p style=\"text-align: justify;\">Al respecto, el presidente del PRD Tlaxcala, Juan Manuel Cambr\u00f3n Soria, manifest\u00f3 su total rechazo a la decisi\u00f3n de los legisladores del r\u00e9gimen, pero sobre todo a la justificaci\u00f3n utilizada para evitar la comparecencia de los funcionarios:<\/p>\n<p style=\"text-align: justify;\"><strong>\u201cPor eso el PRD Tlaxcala siempre ha defendido la divisi\u00f3n de poderes, porque sin ella no hay democracia. Hoy vimos en el Congreso a legisladores sumisos y obedientes, que prefieren proteger, ocultar y maquillar la realidad del estado con tal de quedar bien con la jefa del Ejecutivo, en lugar de cumplir con su responsabilidad frente a la ciudadan\u00eda.\u201d<\/strong><\/p>\n<p style=\"text-align: justify;\">Cambr\u00f3n Soria subray\u00f3 que cuando el Poder Legislativo renuncia a su papel de contrapeso, se convierte en una oficial\u00eda de partes del Ejecutivo, debilitando la democracia y normalizando la opacidad.<\/p>\n<p style=\"text-align: justify;\">El PRD Tlaxcala reitera que seguir\u00e1 exigiendo transparencia, rendici\u00f3n de cuentas y respeto a la divisi\u00f3n de poderes, porque un gobierno que se niega a ser evaluado es un gobierno que tiene algo que esconder.<\/p>\n","protected":false},"excerpt":{"rendered":"<p>El Partido de la Revoluci\u00f3n Democr\u00e1tica (PRD) en Tlaxcala lamenta y condena la decisi\u00f3n de la mayor\u00eda de diputadas y diputados del r\u00e9gimen en el Congreso del Estado, quienes rechazaron la solicitud de comparecencia de integrantes del gabinete de la gobernadora Lorena Cu\u00e9llar Cisneros, bajo el argumento de que \u201cno es necesario\u201d, porque \u2014seg\u00fan su [&hellip;]<\/p>\n","protected":false},"author":3,"featured_media":58460,"comment_status":"open","ping_status":"open","sticky":false,"template":"","format":"standard","meta":{"footnotes":""},"categories":[251],"tags":[],"class_list":["post-58459","post","type-post","status-publish","format-standard","has-post-thumbnail","hentry","category-prd"],"amp_enabled":true,"_links":{"self":[{"href":"https:\/\/labestiapolitica.com.mx\/index.php?rest_route=\/wp\/v2\/posts\/58459","targetHints":{"allow":["GET"]}}],"collection":[{"href":"https:\/\/labestiapolitica.com.mx\/index.php?rest_route=\/wp\/v2\/posts"}],"about":[{"href":"https:\/\/labestiapolitica.com.mx\/index.php?rest_route=\/wp\/v2\/types\/post"}],"author":[{"embeddable":true,"href":"https:\/\/labestiapolitica.com.mx\/index.php?rest_route=\/wp\/v2\/users\/3"}],"replies":[{"embeddable":true,"href":"https:\/\/labestiapolitica.com.mx\/index.php?rest_route=%2Fwp%2Fv2%2Fcomments&post=58459"}],"version-history":[{"count":1,"href":"https:\/\/labestiapolitica.com.mx\/index.php?rest_route=\/wp\/v2\/posts\/58459\/revisions"}],"predecessor-version":[{"id":58461,"href":"https:\/\/labestiapolitica.com.mx\/index.php?rest_route=\/wp\/v2\/posts\/58459\/revisions\/58461"}],"wp:featuredmedia":[{"embeddable":true,"href":"https:\/\/labestiapolitica.com.mx\/index.php?rest_route=\/wp\/v2\/media\/58460"}],"wp:attachment":[{"href":"https:\/\/labestiapolitica.com.mx\/index.php?rest_route=%2Fwp%2Fv2%2Fmedia&parent=58459"}],"wp:term":[{"taxonomy":"category","embeddable":true,"href":"https:\/\/labestiapolitica.com.mx\/index.php?rest_route=%2Fwp%2Fv2%2Fcategories&post=58459"},{"taxonomy":"post_tag","embeddable":true,"href":"https:\/\/labestiapolitica.com.mx\/index.php?rest_route=%2Fwp%2Fv2%2Ftags&post=58459"}],"curies":[{"name":"wp","href":"https:\/\/api.w.org\/{rel}","templated":true}]}}