{"id":58465,"date":"2026-01-15T15:53:38","date_gmt":"2026-01-15T21:53:38","guid":{"rendered":"https:\/\/labestiapolitica.com.mx\/?p=58465"},"modified":"2026-01-15T15:53:38","modified_gmt":"2026-01-15T21:53:38","slug":"%f0%9f%93%88%f0%9f%a4%9d-promueve-gobierno-estatal-empleo-digno-y-formal-mediante-estrategias-de-vinculacion-y-seguridad-social-%f0%9f%9b%a1%ef%b8%8f%f0%9f%92%bc","status":"publish","type":"post","link":"https:\/\/labestiapolitica.com.mx\/?p=58465","title":{"rendered":"\ud83d\udcc8\ud83e\udd1d PROMUEVE GOBIERNO ESTATAL EMPLEO DIGNO Y FORMAL MEDIANTE ESTRATEGIAS DE VINCULACI\u00d3N Y SEGURIDAD SOCIAL \ud83d\udee1\ufe0f\ud83d\udcbc"},"content":{"rendered":"<p style=\"text-align: justify;\" data-start=\"119\" data-end=\"538\">El Gobierno del Estado de Tlaxcala impulsa acciones para fortalecer el empleo digno, formal y con acceso a la seguridad social, a trav\u00e9s de estrategias de vinculaci\u00f3n laboral y coordinaci\u00f3n con el sector productivo, inform\u00f3 el titular de la <span class=\"hover:entity-accent entity-underline inline cursor-pointer align-baseline\"><span class=\"whitespace-normal\">Secretar\u00eda de Trabajo y Competitividad<\/span><\/span>, <span class=\"hover:entity-accent entity-underline inline cursor-pointer align-baseline\"><span class=\"whitespace-normal\">No\u00e9 Altamirano Islas<\/span><\/span>, durante el Di\u00e1logo Circular que organiza diariamente la Coordinaci\u00f3n de Comunicaci\u00f3n (CCOM).<\/p>\n<p style=\"text-align: justify;\" data-start=\"540\" data-end=\"806\">En su intervenci\u00f3n, el funcionario destac\u00f3 que la encomienda del Gobierno estatal es promover el bienestar laboral de las y los tlaxcaltecas, lo cual se traduce en el respeto a los derechos laborales, el acceso a la seguridad social y mejores condiciones de trabajo.<\/p>\n<p style=\"text-align: justify;\" data-start=\"808\" data-end=\"1165\">Altamirano Islas subray\u00f3 que Tlaxcala se coloc\u00f3 en el primer lugar nacional en crecimiento porcentual de empleo formal durante 2025, con un incremento cercano al 8 por ciento, de acuerdo con cifras del <span class=\"hover:entity-accent entity-underline inline cursor-pointer align-baseline\"><span class=\"whitespace-normal\">Instituto Mexicano del Seguro Social<\/span><\/span>. Este crecimiento permiti\u00f3 alcanzar una cifra hist\u00f3rica de 125 mil 572 puestos de trabajo afiliados al instituto.<\/p>\n<p style=\"text-align: justify;\" data-start=\"1167\" data-end=\"1457\">Precis\u00f3 que tan solo en 2025 se generaron 9 mil 286 nuevos empleos formales, al pasar de 116 mil 286 registros en 2024 a m\u00e1s de 125 mil en el \u00faltimo a\u00f1o, lo que ha permitido que un mayor n\u00famero de personas acceda a prestaciones como atenci\u00f3n m\u00e9dica, vivienda, vacaciones y seguridad social.<\/p>\n<p style=\"text-align: justify;\" data-start=\"1459\" data-end=\"1705\">El titular de la STyC explic\u00f3 que diciembre fue uno de los meses con mayor generaci\u00f3n de empleo, al registrar m\u00e1s de 4 mil 309 nuevas plazas, lo que refleja una tendencia positiva en el mercado laboral y una mayor confianza del sector productivo.<\/p>\n<p style=\"text-align: justify;\" data-start=\"1707\" data-end=\"1960\">En el auditorio \u201cTrinidad S\u00e1nchez Santos\u201d, reconoci\u00f3 el liderazgo de la gobernadora <span class=\"hover:entity-accent entity-underline inline cursor-pointer align-baseline\"><span class=\"whitespace-normal\">Lorena Cu\u00e9llar Cisneros<\/span><\/span>, as\u00ed como la coordinaci\u00f3n con el sector empresarial para anticipar vacantes y cubrirlas mediante el Servicio Estatal de Empleo.<\/p>\n<p style=\"text-align: justify;\" data-start=\"1962\" data-end=\"2368\">Como parte de las nuevas estrategias, anunci\u00f3 el impulso del programa \u201cBandera Blanca\u201d en centros y plazas comerciales, con el objetivo de garantizar que todas y todos los trabajadores est\u00e9n registrados ante el IMSS. Asimismo, inform\u00f3 sobre el fortalecimiento de las inspecciones laborales, que pasaron de menos de 300 revisiones anuales a m\u00e1s de seis mil, bajo un enfoque de acompa\u00f1amiento a las empresas.<\/p>\n<p style=\"text-align: justify;\" data-start=\"2370\" data-end=\"2747\">Otro eje relevante es la creaci\u00f3n de un distintivo para escuelas particulares que promuevan el trabajo digno, el cual contempla salario suficiente, igualdad sustantiva, erradicaci\u00f3n del trabajo infantil y registro ante el IMSS, con el prop\u00f3sito de que docentes y personal administrativo cuenten con empleos formales y remuneraciones que les permitan superar la pobreza laboral.<\/p>\n<p style=\"text-align: justify;\" data-start=\"2749\" data-end=\"3019\">Finalmente, Altamirano Islas reiter\u00f3 que el empleo digno no solo implica formalidad, sino tambi\u00e9n salarios justos y condiciones seguras, y afirm\u00f3 que Tlaxcala avanza con pol\u00edticas p\u00fablicas orientadas a garantizar trabajos dignos y con seguridad social para m\u00e1s personas.<\/p>\n<p data-start=\"2749\" data-end=\"3019\"><img loading=\"lazy\" decoding=\"async\" class=\"alignnone size-full wp-image-58467\" src=\"https:\/\/labestiapolitica.com.mx\/wp-content\/uploads\/2026\/01\/WhatsApp-Image-2026-01-15-at-2.33.15-PM-1.jpeg\" alt=\"\" width=\"1280\" height=\"853\" srcset=\"https:\/\/labestiapolitica.com.mx\/wp-content\/uploads\/2026\/01\/WhatsApp-Image-2026-01-15-at-2.33.15-PM-1.jpeg 1280w, https:\/\/labestiapolitica.com.mx\/wp-content\/uploads\/2026\/01\/WhatsApp-Image-2026-01-15-at-2.33.15-PM-1-300x200.jpeg 300w, https:\/\/labestiapolitica.com.mx\/wp-content\/uploads\/2026\/01\/WhatsApp-Image-2026-01-15-at-2.33.15-PM-1-1024x682.jpeg 1024w, https:\/\/labestiapolitica.com.mx\/wp-content\/uploads\/2026\/01\/WhatsApp-Image-2026-01-15-at-2.33.15-PM-1-768x512.jpeg 768w\" sizes=\"auto, (max-width: 1280px) 100vw, 1280px\" \/> <img loading=\"lazy\" decoding=\"async\" class=\"alignnone size-full wp-image-58468\" src=\"https:\/\/labestiapolitica.com.mx\/wp-content\/uploads\/2026\/01\/WhatsApp-Image-2026-01-15-at-2.33.14-PM.jpeg\" alt=\"\" width=\"1040\" height=\"694\" srcset=\"https:\/\/labestiapolitica.com.mx\/wp-content\/uploads\/2026\/01\/WhatsApp-Image-2026-01-15-at-2.33.14-PM.jpeg 1040w, https:\/\/labestiapolitica.com.mx\/wp-content\/uploads\/2026\/01\/WhatsApp-Image-2026-01-15-at-2.33.14-PM-300x200.jpeg 300w, https:\/\/labestiapolitica.com.mx\/wp-content\/uploads\/2026\/01\/WhatsApp-Image-2026-01-15-at-2.33.14-PM-1024x683.jpeg 1024w, https:\/\/labestiapolitica.com.mx\/wp-content\/uploads\/2026\/01\/WhatsApp-Image-2026-01-15-at-2.33.14-PM-768x512.jpeg 768w\" sizes=\"auto, (max-width: 1040px) 100vw, 1040px\" \/> <img loading=\"lazy\" decoding=\"async\" class=\"alignnone size-full wp-image-58469\" src=\"https:\/\/labestiapolitica.com.mx\/wp-content\/uploads\/2026\/01\/WhatsApp-Image-2026-01-15-at-2.33.14-PM-1.jpeg\" alt=\"\" width=\"1040\" height=\"694\" srcset=\"https:\/\/labestiapolitica.com.mx\/wp-content\/uploads\/2026\/01\/WhatsApp-Image-2026-01-15-at-2.33.14-PM-1.jpeg 1040w, https:\/\/labestiapolitica.com.mx\/wp-content\/uploads\/2026\/01\/WhatsApp-Image-2026-01-15-at-2.33.14-PM-1-300x200.jpeg 300w, https:\/\/labestiapolitica.com.mx\/wp-content\/uploads\/2026\/01\/WhatsApp-Image-2026-01-15-at-2.33.14-PM-1-1024x683.jpeg 1024w, https:\/\/labestiapolitica.com.mx\/wp-content\/uploads\/2026\/01\/WhatsApp-Image-2026-01-15-at-2.33.14-PM-1-768x512.jpeg 768w\" sizes=\"auto, (max-width: 1040px) 100vw, 1040px\" \/> <img loading=\"lazy\" decoding=\"async\" class=\"alignnone size-full wp-image-58470\" src=\"https:\/\/labestiapolitica.com.mx\/wp-content\/uploads\/2026\/01\/WhatsApp-Image-2026-01-15-at-2.33.15-PM.jpeg\" alt=\"\" width=\"1280\" height=\"853\" srcset=\"https:\/\/labestiapolitica.com.mx\/wp-content\/uploads\/2026\/01\/WhatsApp-Image-2026-01-15-at-2.33.15-PM.jpeg 1280w, https:\/\/labestiapolitica.com.mx\/wp-content\/uploads\/2026\/01\/WhatsApp-Image-2026-01-15-at-2.33.15-PM-300x200.jpeg 300w, https:\/\/labestiapolitica.com.mx\/wp-content\/uploads\/2026\/01\/WhatsApp-Image-2026-01-15-at-2.33.15-PM-1024x682.jpeg 1024w, https:\/\/labestiapolitica.com.mx\/wp-content\/uploads\/2026\/01\/WhatsApp-Image-2026-01-15-at-2.33.15-PM-768x512.jpeg 768w\" sizes=\"auto, (max-width: 1280px) 100vw, 1280px\" \/> <img loading=\"lazy\" decoding=\"async\" class=\"alignnone size-full wp-image-58471\" src=\"https:\/\/labestiapolitica.com.mx\/wp-content\/uploads\/2026\/01\/WhatsApp-Image-2026-01-15-at-2.33.13-PM-1-1.jpeg\" alt=\"\" width=\"1040\" height=\"694\" srcset=\"https:\/\/labestiapolitica.com.mx\/wp-content\/uploads\/2026\/01\/WhatsApp-Image-2026-01-15-at-2.33.13-PM-1-1.jpeg 1040w, https:\/\/labestiapolitica.com.mx\/wp-content\/uploads\/2026\/01\/WhatsApp-Image-2026-01-15-at-2.33.13-PM-1-1-300x200.jpeg 300w, https:\/\/labestiapolitica.com.mx\/wp-content\/uploads\/2026\/01\/WhatsApp-Image-2026-01-15-at-2.33.13-PM-1-1-1024x683.jpeg 1024w, https:\/\/labestiapolitica.com.mx\/wp-content\/uploads\/2026\/01\/WhatsApp-Image-2026-01-15-at-2.33.13-PM-1-1-768x512.jpeg 768w\" sizes=\"auto, (max-width: 1040px) 100vw, 1040px\" \/><\/p>\n","protected":false},"excerpt":{"rendered":"<p>El Gobierno del Estado de Tlaxcala impulsa acciones para fortalecer el empleo digno, formal y con acceso a la seguridad social, a trav\u00e9s de estrategias de vinculaci\u00f3n laboral y coordinaci\u00f3n con el sector productivo, inform\u00f3 el titular de la Secretar\u00eda de Trabajo y Competitividad, No\u00e9 Altamirano Islas, durante el Di\u00e1logo Circular que organiza diariamente la [&hellip;]<\/p>\n","protected":false},"author":3,"featured_media":58466,"comment_status":"open","ping_status":"open","sticky":false,"template":"","format":"standard","meta":{"footnotes":""},"categories":[236],"tags":[],"class_list":["post-58465","post","type-post","status-publish","format-standard","has-post-thumbnail","hentry","category-gobierno-de-tlaxcala"],"amp_enabled":true,"_links":{"self":[{"href":"https:\/\/labestiapolitica.com.mx\/index.php?rest_route=\/wp\/v2\/posts\/58465","targetHints":{"allow":["GET"]}}],"collection":[{"href":"https:\/\/labestiapolitica.com.mx\/index.php?rest_route=\/wp\/v2\/posts"}],"about":[{"href":"https:\/\/labestiapolitica.com.mx\/index.php?rest_route=\/wp\/v2\/types\/post"}],"author":[{"embeddable":true,"href":"https:\/\/labestiapolitica.com.mx\/index.php?rest_route=\/wp\/v2\/users\/3"}],"replies":[{"embeddable":true,"href":"https:\/\/labestiapolitica.com.mx\/index.php?rest_route=%2Fwp%2Fv2%2Fcomments&post=58465"}],"version-history":[{"count":1,"href":"https:\/\/labestiapolitica.com.mx\/index.php?rest_route=\/wp\/v2\/posts\/58465\/revisions"}],"predecessor-version":[{"id":58472,"href":"https:\/\/labestiapolitica.com.mx\/index.php?rest_route=\/wp\/v2\/posts\/58465\/revisions\/58472"}],"wp:featuredmedia":[{"embeddable":true,"href":"https:\/\/labestiapolitica.com.mx\/index.php?rest_route=\/wp\/v2\/media\/58466"}],"wp:attachment":[{"href":"https:\/\/labestiapolitica.com.mx\/index.php?rest_route=%2Fwp%2Fv2%2Fmedia&parent=58465"}],"wp:term":[{"taxonomy":"category","embeddable":true,"href":"https:\/\/labestiapolitica.com.mx\/index.php?rest_route=%2Fwp%2Fv2%2Fcategories&post=58465"},{"taxonomy":"post_tag","embeddable":true,"href":"https:\/\/labestiapolitica.com.mx\/index.php?rest_route=%2Fwp%2Fv2%2Ftags&post=58465"}],"curies":[{"name":"wp","href":"https:\/\/api.w.org\/{rel}","templated":true}]}}