{"id":58479,"date":"2026-01-15T15:57:08","date_gmt":"2026-01-15T21:57:08","guid":{"rendered":"https:\/\/labestiapolitica.com.mx\/?p=58479"},"modified":"2026-01-15T15:57:08","modified_gmt":"2026-01-15T21:57:08","slug":"%f0%9f%92%89%f0%9f%8f%a5-tlaxcala-lider-nacional-en-vacunacion-primer-lugar-en-influenza-covid-19-y-vph-tercer-sitio-en-neumococo-%f0%9f%9b%a1%ef%b8%8f%f0%9f%91%a8%f0%9f%91%a9","status":"publish","type":"post","link":"https:\/\/labestiapolitica.com.mx\/?p=58479","title":{"rendered":"\ud83d\udc89\ud83c\udfe5 Tlaxcala, l\u00edder nacional en vacunaci\u00f3n: primer lugar en influenza, Covid-19 y VPH; tercer sitio en neumococo \ud83d\udee1\ufe0f\ud83d\udc68\u200d\ud83d\udc69\u200d\ud83d\udc67\u200d\ud83d\udc66"},"content":{"rendered":"<p style=\"text-align: justify;\" data-start=\"134\" data-end=\"577\">Tlaxcala se consolida como referente nacional en materia de prevenci\u00f3n y protecci\u00f3n a la salud, al ubicarse en el primer lugar del pa\u00eds en vacunaci\u00f3n contra influenza, Covid-19 y virus del papiloma humano (VPH), adem\u00e1s de alcanzar el tercer sitio nacional en la aplicaci\u00f3n de la vacuna contra neumococo, resultado de una estrategia integral basada en la coordinaci\u00f3n interinstitucional, la corresponsabilidad ciudadana y un enfoque preventivo.<\/p>\n<p style=\"text-align: justify;\" data-start=\"579\" data-end=\"1035\">Durante su participaci\u00f3n en los Di\u00e1logos Circulares, el titular de la <span class=\"hover:entity-accent entity-underline inline cursor-pointer align-baseline\"><span class=\"whitespace-normal\">Secretar\u00eda de Salud<\/span><\/span> (Sesa), <span class=\"hover:entity-accent entity-underline inline cursor-pointer align-baseline\"><span class=\"whitespace-normal\">Rigoberto Zamudio Meneses<\/span><\/span>, inform\u00f3 que, de acuerdo con el reporte semanal de la federaci\u00f3n, en la actual temporada invernal se han aplicado de manera sectorial 352 mil 392 dosis, lo que representa un avance del 90.86 por ciento respecto a la meta establecida dentro de la campa\u00f1a nacional de vacunaci\u00f3n contra influenza.<\/p>\n<p style=\"text-align: justify;\" data-start=\"1037\" data-end=\"1429\">El funcionario destac\u00f3 que estos resultados se traducen en una mayor protecci\u00f3n para ni\u00f1as, ni\u00f1os, personas adultas mayores y grupos de mayor riesgo. Precis\u00f3 que Tlaxcala alcanz\u00f3 el 97 por ciento de cobertura en vacunaci\u00f3n contra el VPH en ni\u00f1as y ni\u00f1os de entre 9 y 11 a\u00f1os, logro que permitir\u00e1 izar bandera blanca contra este virus como s\u00edmbolo de una protecci\u00f3n efectiva para la poblaci\u00f3n.<\/p>\n<p style=\"text-align: justify;\" data-start=\"1431\" data-end=\"1684\">\u201cEl impacto de la estrategia de vacunaci\u00f3n se refleja de manera directa en el control de los casos de influenza y, sobre todo, en la ausencia de defunciones asociadas, como resultado del trabajo conjunto de todo el sector salud\u201d, afirm\u00f3 Zamudio Meneses.<\/p>\n<p style=\"text-align: justify;\" data-start=\"1686\" data-end=\"2026\">De acuerdo con la meta establecida por el <span class=\"hover:entity-accent entity-underline inline cursor-pointer align-baseline\"><span class=\"whitespace-normal\">Centro Nacional para la Salud de la Infancia y la Adolescencia<\/span><\/span> (CENSIA), en Tlaxcala se program\u00f3 la vacunaci\u00f3n de 387 mil personas, con una cobertura estimada del 95 por ciento de la poblaci\u00f3n objetivo, integrada por ni\u00f1as y ni\u00f1os, mujeres embarazadas, personas con enfermedades cr\u00f3nico-degenerativas y adultos mayores.<\/p>\n<p style=\"text-align: justify;\" data-start=\"2028\" data-end=\"2556\">El titular de la Sesa subray\u00f3 que los avances alcanzados son resultado de la corresponsabilidad social y de la coordinaci\u00f3n entre instituciones como <span class=\"hover:entity-accent entity-underline inline cursor-pointer align-baseline\"><span class=\"whitespace-normal\">IMSS-Bienestar<\/span><\/span>, <span class=\"hover:entity-accent entity-underline inline cursor-pointer align-baseline\"><span class=\"whitespace-normal\">ISSSTE<\/span><\/span>, la Secretar\u00eda de Salud, la Secretar\u00eda de Bienestar y el <span class=\"hover:entity-accent entity-underline inline cursor-pointer align-baseline\"><span class=\"whitespace-normal\">DIF Estatal<\/span><\/span>, as\u00ed como de la operaci\u00f3n de un comando interinstitucional en el que participan fuerzas federales y organismos de auxilio que refuerzan las acciones de inmunizaci\u00f3n durante la temporada invernal.<\/p>\n<p style=\"text-align: justify;\" data-start=\"2558\" data-end=\"2822\">En materia epidemiol\u00f3gica, detall\u00f3 que durante 2025 Tlaxcala no registr\u00f3 defunciones por Covid-19 ni por influenza, y \u00fanicamente se report\u00f3 un fallecimiento por neumon\u00eda at\u00edpica en el <span class=\"hover:entity-accent entity-underline inline cursor-pointer align-baseline\"><span class=\"whitespace-normal\">Hospital Regional de Apizaco<\/span><\/span>, adem\u00e1s de cero decesos por tosferina.<\/p>\n<p style=\"text-align: justify;\" data-start=\"2824\" data-end=\"3034\">\u201cEstos indicadores confirman que el trabajo en equipo nos ha permitido colocar a Tlaxcala con tres primeros lugares nacionales en vacunaci\u00f3n y con mejores condiciones de protecci\u00f3n para la poblaci\u00f3n\u201d, concluy\u00f3.<\/p>\n<p style=\"text-align: justify;\" data-start=\"3036\" data-end=\"3259\" data-is-last-node=\"\" data-is-only-node=\"\">Finalmente, el secretario de Salud reiter\u00f3 que la vacunaci\u00f3n es una prioridad permanente para el estado, al tratarse de una de las herramientas m\u00e1s eficaces para prevenir enfermedades, reducir complicaciones y salvar vidas.<\/p>\n<p data-start=\"3036\" data-end=\"3259\" data-is-last-node=\"\" data-is-only-node=\"\"><img loading=\"lazy\" decoding=\"async\" class=\"alignnone size-full wp-image-58481\" src=\"https:\/\/labestiapolitica.com.mx\/wp-content\/uploads\/2026\/01\/WhatsApp-Image-2026-01-15-at-3.19.56-PM-1.jpeg\" alt=\"\" width=\"1040\" height=\"694\" srcset=\"https:\/\/labestiapolitica.com.mx\/wp-content\/uploads\/2026\/01\/WhatsApp-Image-2026-01-15-at-3.19.56-PM-1.jpeg 1040w, https:\/\/labestiapolitica.com.mx\/wp-content\/uploads\/2026\/01\/WhatsApp-Image-2026-01-15-at-3.19.56-PM-1-300x200.jpeg 300w, https:\/\/labestiapolitica.com.mx\/wp-content\/uploads\/2026\/01\/WhatsApp-Image-2026-01-15-at-3.19.56-PM-1-1024x683.jpeg 1024w, https:\/\/labestiapolitica.com.mx\/wp-content\/uploads\/2026\/01\/WhatsApp-Image-2026-01-15-at-3.19.56-PM-1-768x512.jpeg 768w\" sizes=\"auto, (max-width: 1040px) 100vw, 1040px\" \/> <img loading=\"lazy\" decoding=\"async\" class=\"alignnone size-full wp-image-58482\" src=\"https:\/\/labestiapolitica.com.mx\/wp-content\/uploads\/2026\/01\/WhatsApp-Image-2026-01-15-at-3.19.55-PM.jpeg\" alt=\"\" width=\"1040\" height=\"694\" srcset=\"https:\/\/labestiapolitica.com.mx\/wp-content\/uploads\/2026\/01\/WhatsApp-Image-2026-01-15-at-3.19.55-PM.jpeg 1040w, https:\/\/labestiapolitica.com.mx\/wp-content\/uploads\/2026\/01\/WhatsApp-Image-2026-01-15-at-3.19.55-PM-300x200.jpeg 300w, https:\/\/labestiapolitica.com.mx\/wp-content\/uploads\/2026\/01\/WhatsApp-Image-2026-01-15-at-3.19.55-PM-1024x683.jpeg 1024w, https:\/\/labestiapolitica.com.mx\/wp-content\/uploads\/2026\/01\/WhatsApp-Image-2026-01-15-at-3.19.55-PM-768x512.jpeg 768w\" sizes=\"auto, (max-width: 1040px) 100vw, 1040px\" \/> <img loading=\"lazy\" decoding=\"async\" class=\"alignnone size-full wp-image-58483\" src=\"https:\/\/labestiapolitica.com.mx\/wp-content\/uploads\/2026\/01\/WhatsApp-Image-2026-01-15-at-3.19.55-PM-1.jpeg\" alt=\"\" width=\"1040\" height=\"694\" srcset=\"https:\/\/labestiapolitica.com.mx\/wp-content\/uploads\/2026\/01\/WhatsApp-Image-2026-01-15-at-3.19.55-PM-1.jpeg 1040w, https:\/\/labestiapolitica.com.mx\/wp-content\/uploads\/2026\/01\/WhatsApp-Image-2026-01-15-at-3.19.55-PM-1-300x200.jpeg 300w, https:\/\/labestiapolitica.com.mx\/wp-content\/uploads\/2026\/01\/WhatsApp-Image-2026-01-15-at-3.19.55-PM-1-1024x683.jpeg 1024w, https:\/\/labestiapolitica.com.mx\/wp-content\/uploads\/2026\/01\/WhatsApp-Image-2026-01-15-at-3.19.55-PM-1-768x512.jpeg 768w\" sizes=\"auto, (max-width: 1040px) 100vw, 1040px\" \/> <img loading=\"lazy\" decoding=\"async\" class=\"alignnone size-full wp-image-58484\" src=\"https:\/\/labestiapolitica.com.mx\/wp-content\/uploads\/2026\/01\/WhatsApp-Image-2026-01-15-at-3.19.55-PM-2.jpeg\" alt=\"\" width=\"1040\" height=\"694\" srcset=\"https:\/\/labestiapolitica.com.mx\/wp-content\/uploads\/2026\/01\/WhatsApp-Image-2026-01-15-at-3.19.55-PM-2.jpeg 1040w, https:\/\/labestiapolitica.com.mx\/wp-content\/uploads\/2026\/01\/WhatsApp-Image-2026-01-15-at-3.19.55-PM-2-300x200.jpeg 300w, https:\/\/labestiapolitica.com.mx\/wp-content\/uploads\/2026\/01\/WhatsApp-Image-2026-01-15-at-3.19.55-PM-2-1024x683.jpeg 1024w, https:\/\/labestiapolitica.com.mx\/wp-content\/uploads\/2026\/01\/WhatsApp-Image-2026-01-15-at-3.19.55-PM-2-768x512.jpeg 768w\" sizes=\"auto, (max-width: 1040px) 100vw, 1040px\" \/> <img loading=\"lazy\" decoding=\"async\" class=\"alignnone size-full wp-image-58485\" src=\"https:\/\/labestiapolitica.com.mx\/wp-content\/uploads\/2026\/01\/WhatsApp-Image-2026-01-15-at-3.19.54-PM.jpeg\" alt=\"\" width=\"1040\" height=\"694\" srcset=\"https:\/\/labestiapolitica.com.mx\/wp-content\/uploads\/2026\/01\/WhatsApp-Image-2026-01-15-at-3.19.54-PM.jpeg 1040w, https:\/\/labestiapolitica.com.mx\/wp-content\/uploads\/2026\/01\/WhatsApp-Image-2026-01-15-at-3.19.54-PM-300x200.jpeg 300w, https:\/\/labestiapolitica.com.mx\/wp-content\/uploads\/2026\/01\/WhatsApp-Image-2026-01-15-at-3.19.54-PM-1024x683.jpeg 1024w, https:\/\/labestiapolitica.com.mx\/wp-content\/uploads\/2026\/01\/WhatsApp-Image-2026-01-15-at-3.19.54-PM-768x512.jpeg 768w\" sizes=\"auto, (max-width: 1040px) 100vw, 1040px\" \/><\/p>\n","protected":false},"excerpt":{"rendered":"<p>Tlaxcala se consolida como referente nacional en materia de prevenci\u00f3n y protecci\u00f3n a la salud, al ubicarse en el primer lugar del pa\u00eds en vacunaci\u00f3n contra influenza, Covid-19 y virus del papiloma humano (VPH), adem\u00e1s de alcanzar el tercer sitio nacional en la aplicaci\u00f3n de la vacuna contra neumococo, resultado de una estrategia integral basada [&hellip;]<\/p>\n","protected":false},"author":3,"featured_media":58480,"comment_status":"open","ping_status":"open","sticky":false,"template":"","format":"standard","meta":{"footnotes":""},"categories":[236],"tags":[],"class_list":["post-58479","post","type-post","status-publish","format-standard","has-post-thumbnail","hentry","category-gobierno-de-tlaxcala"],"amp_enabled":true,"_links":{"self":[{"href":"https:\/\/labestiapolitica.com.mx\/index.php?rest_route=\/wp\/v2\/posts\/58479","targetHints":{"allow":["GET"]}}],"collection":[{"href":"https:\/\/labestiapolitica.com.mx\/index.php?rest_route=\/wp\/v2\/posts"}],"about":[{"href":"https:\/\/labestiapolitica.com.mx\/index.php?rest_route=\/wp\/v2\/types\/post"}],"author":[{"embeddable":true,"href":"https:\/\/labestiapolitica.com.mx\/index.php?rest_route=\/wp\/v2\/users\/3"}],"replies":[{"embeddable":true,"href":"https:\/\/labestiapolitica.com.mx\/index.php?rest_route=%2Fwp%2Fv2%2Fcomments&post=58479"}],"version-history":[{"count":1,"href":"https:\/\/labestiapolitica.com.mx\/index.php?rest_route=\/wp\/v2\/posts\/58479\/revisions"}],"predecessor-version":[{"id":58486,"href":"https:\/\/labestiapolitica.com.mx\/index.php?rest_route=\/wp\/v2\/posts\/58479\/revisions\/58486"}],"wp:featuredmedia":[{"embeddable":true,"href":"https:\/\/labestiapolitica.com.mx\/index.php?rest_route=\/wp\/v2\/media\/58480"}],"wp:attachment":[{"href":"https:\/\/labestiapolitica.com.mx\/index.php?rest_route=%2Fwp%2Fv2%2Fmedia&parent=58479"}],"wp:term":[{"taxonomy":"category","embeddable":true,"href":"https:\/\/labestiapolitica.com.mx\/index.php?rest_route=%2Fwp%2Fv2%2Fcategories&post=58479"},{"taxonomy":"post_tag","embeddable":true,"href":"https:\/\/labestiapolitica.com.mx\/index.php?rest_route=%2Fwp%2Fv2%2Ftags&post=58479"}],"curies":[{"name":"wp","href":"https:\/\/api.w.org\/{rel}","templated":true}]}}