{"id":58503,"date":"2026-01-15T19:25:19","date_gmt":"2026-01-16T01:25:19","guid":{"rendered":"https:\/\/labestiapolitica.com.mx\/?p=58503"},"modified":"2026-01-15T19:25:19","modified_gmt":"2026-01-16T01:25:19","slug":"uatx-presenta-convocatoria-para-programa-de-donacion-2026-para-vestibulacion-del-proyecto-educa-uatx-torre-de-rectoria","status":"publish","type":"post","link":"https:\/\/labestiapolitica.com.mx\/?p=58503","title":{"rendered":"UATx presenta convocatoria para programa de donaci\u00f3n 2026 para vestibulaci\u00f3n del proyecto Educa UATx\u00a0\u2013\u00a0Torre de Rector\u00eda."},"content":{"rendered":"<ul>\n<li style=\"font-weight: 400; text-align: justify;\">Se reuni\u00f3 Rector con representantes de medios de comunicaci\u00f3n, con quienes dialog\u00f3 sobre temas inherentes a la Universidad<\/li>\n<\/ul>\n<p style=\"font-weight: 400; text-align: justify;\">El Doctor Seraf\u00edn Ortiz Ortiz, Rector de la Universidad Aut\u00f3noma de Tlaxcala (UATx), y el Maestro Dante Morales Cruz, Presidente de la Fundaci\u00f3n Universidad Aut\u00f3noma de Tlaxcala (FUAT A.C.), presentaron la convocatoria del programa de donaci\u00f3n 2026 para la vestibulaci\u00f3n de la Torre de Rector\u00eda \u2013 Proyecto Educa UATx, durante un desayuno con representantes de los medios de comunicaci\u00f3n en la Residencia Universitaria.<\/p>\n<p style=\"font-weight: 400; text-align: justify;\">En esta reuni\u00f3n de a\u00f1o nuevo, el Doctor Ortiz se\u00f1al\u00f3 que concluy\u00f3 la edificaci\u00f3n de la Torre de Rector\u00eda y cuenta con una estructura de tipo industrial, en este momento se trabaja en su equipamiento y para ello se requiere de la participaci\u00f3n de los diferentes sectores de la sociedad civil, ponderando su sentido de pertenencia con la Instituci\u00f3n; las aportaciones pueden ser econ\u00f3micas y en especie para avanzar en la vestibulaci\u00f3n de la Torre.<\/p>\n<p style=\"font-weight: 400; text-align: justify;\">De acuerdo con dicha convocatoria, este programa estar\u00e1 vigente hasta el primero de agosto de 2026, las donaciones se recibir\u00e1n en numerario y especie en la cuenta 65511426623 del banco Santander y en la Fundaci\u00f3n UAT A.C.<\/p>\n<p style=\"font-weight: 400; text-align: justify;\">Explic\u00f3 el Rector que el edificio est\u00e1 destinado al proyecto de Educaci\u00f3n Inicial para formar a quienes atender\u00e1n a este sector de la poblaci\u00f3n. Record\u00f3 que se trata de un proyecto al que se han sumado 16 universidades del pa\u00eds pertenecientes a la Asociaci\u00f3n Nacional de Universidades e Instituciones de Educaci\u00f3n Superior.<\/p>\n<p style=\"font-weight: 400; text-align: justify;\">De igual forma, hizo un recuento de los alcances de esta magna obra, por ejemplo, el a\u00f1o pasado se inaugur\u00f3 en la planta baja el Auditorio Semifijo de Educaci\u00f3n Inicial, en el primer nivel funciona la Sala Interactiva de Educaci\u00f3n Inicial, aulas de clase para los alumnos que cursan la Licenciatura en Educaci\u00f3n Inicial y salas de tutor\u00eda, con cual se refrenda el compromiso con el gobierno federal para el impulso de este proyecto nacional que lidera la Aut\u00f3noma de Tlaxcala.<\/p>\n<p style=\"font-weight: 400; text-align: justify;\">Adelant\u00f3 que a finales de este mes se entregar\u00e1 el piso 12, el cual ser\u00e1 destinado para las oficinas de Rector\u00eda y tambi\u00e9n hay avances en el piso 11 que ocupar\u00e1 el Honorable Consejo Universitario de la UATx.<\/p>\n<p style=\"font-weight: 400; text-align: justify;\">En este encuentro con los medios de comunicaci\u00f3n, el Doctor Seraf\u00edn Ortiz estableci\u00f3 un di\u00e1logo con los asistentes, dando respuesta a diversas preguntas sobre la convocatoria, los proyectos para 2026, el modelo educativo de la UATx, crecimiento de la matr\u00edcula y de los programas educativos y financiamiento, entre otros. Reconoci\u00f3 su labor para difundir el quehacer educativo de la UATx y los exhort\u00f3 para que sigan apoyando a la Universidad en esta tarea formativa\u00a0y seguir posicion\u00e1ndose como una de las mejores universidades del pa\u00eds.<\/p>\n<p style=\"font-weight: 400; text-align: justify;\">Con la presencia de los Secretarios de la UATx y de integrantes del Patronato Pro Donaciones, el Maestro Dante Morales Cruz, adelant\u00f3 que se rifar\u00e1n una casa, un autom\u00f3vil y otros art\u00edculos m\u00e1s, se organizar\u00e1 una cena de gala y habr\u00e1 otros eventos para tal fin, de los cuales se dar\u00e1n a conocer m\u00e1s detalles en las siguientes semanas.<\/p>\n","protected":false},"excerpt":{"rendered":"<p>Se reuni\u00f3 Rector con representantes de medios de comunicaci\u00f3n, con quienes dialog\u00f3 sobre temas inherentes a la Universidad El Doctor Seraf\u00edn Ortiz Ortiz, Rector de la Universidad Aut\u00f3noma de Tlaxcala (UATx), y el Maestro Dante Morales Cruz, Presidente de la Fundaci\u00f3n Universidad Aut\u00f3noma de Tlaxcala (FUAT A.C.), presentaron la convocatoria del programa de donaci\u00f3n 2026 [&hellip;]<\/p>\n","protected":false},"author":5,"featured_media":58504,"comment_status":"open","ping_status":"open","sticky":false,"template":"","format":"standard","meta":{"footnotes":""},"categories":[213,241],"tags":[],"class_list":["post-58503","post","type-post","status-publish","format-standard","has-post-thumbnail","hentry","category-educacion","category-uatx"],"amp_enabled":true,"_links":{"self":[{"href":"https:\/\/labestiapolitica.com.mx\/index.php?rest_route=\/wp\/v2\/posts\/58503","targetHints":{"allow":["GET"]}}],"collection":[{"href":"https:\/\/labestiapolitica.com.mx\/index.php?rest_route=\/wp\/v2\/posts"}],"about":[{"href":"https:\/\/labestiapolitica.com.mx\/index.php?rest_route=\/wp\/v2\/types\/post"}],"author":[{"embeddable":true,"href":"https:\/\/labestiapolitica.com.mx\/index.php?rest_route=\/wp\/v2\/users\/5"}],"replies":[{"embeddable":true,"href":"https:\/\/labestiapolitica.com.mx\/index.php?rest_route=%2Fwp%2Fv2%2Fcomments&post=58503"}],"version-history":[{"count":1,"href":"https:\/\/labestiapolitica.com.mx\/index.php?rest_route=\/wp\/v2\/posts\/58503\/revisions"}],"predecessor-version":[{"id":58505,"href":"https:\/\/labestiapolitica.com.mx\/index.php?rest_route=\/wp\/v2\/posts\/58503\/revisions\/58505"}],"wp:featuredmedia":[{"embeddable":true,"href":"https:\/\/labestiapolitica.com.mx\/index.php?rest_route=\/wp\/v2\/media\/58504"}],"wp:attachment":[{"href":"https:\/\/labestiapolitica.com.mx\/index.php?rest_route=%2Fwp%2Fv2%2Fmedia&parent=58503"}],"wp:term":[{"taxonomy":"category","embeddable":true,"href":"https:\/\/labestiapolitica.com.mx\/index.php?rest_route=%2Fwp%2Fv2%2Fcategories&post=58503"},{"taxonomy":"post_tag","embeddable":true,"href":"https:\/\/labestiapolitica.com.mx\/index.php?rest_route=%2Fwp%2Fv2%2Ftags&post=58503"}],"curies":[{"name":"wp","href":"https:\/\/api.w.org\/{rel}","templated":true}]}}