{"id":58506,"date":"2026-01-15T19:29:32","date_gmt":"2026-01-16T01:29:32","guid":{"rendered":"https:\/\/labestiapolitica.com.mx\/?p=58506"},"modified":"2026-01-15T19:29:32","modified_gmt":"2026-01-16T01:29:32","slug":"fortalece-tlaxcala-compromiso-con-la-infancia-y-la-adolescencia-sppina-define-metas-para-2026","status":"publish","type":"post","link":"https:\/\/labestiapolitica.com.mx\/?p=58506","title":{"rendered":"Fortalece Tlaxcala compromiso con la infancia y la adolescencia; SPPINA define metas para 2026."},"content":{"rendered":"<ul>\n<li style=\"text-align: justify;\">Uno de los principales ejes ser\u00e1 la capacitaci\u00f3n intensiva y especializada en los 60 municipios del estado; tambi\u00e9n, establecer protocolos de atenci\u00f3n humanitaria y mecanismos de protecci\u00f3n integral para este sector_<\/li>\n<\/ul>\n<p style=\"text-align: justify;\">Tlaxcala reforzar\u00e1 en 2026 las acciones para garantizar los derechos de ni\u00f1as, ni\u00f1os y adolescentes, mediante una inversi\u00f3n estrat\u00e9gica y programas de alto impacto, inform\u00f3 Bel\u00e9n Vega Ahuatzin, directora del Consejo Estatal de Poblaci\u00f3n (COESPO) y secretaria ejecutiva del Sistema de Protecci\u00f3n Integral de los Derechos de Ni\u00f1as, Ni\u00f1os y Adolescentes (SIPINNA) Tlaxcala.<\/p>\n<p style=\"text-align: justify;\">Detall\u00f3 que el presupuesto asignado para este a\u00f1o permitir\u00e1 fortalecer la operatividad del sistema en los tres \u00f3rdenes de gobierno, con \u00e9nfasis en acciones preventivas, de atenci\u00f3n y seguimiento.<\/p>\n<p style=\"text-align: justify;\">Uno de los principales ejes de esta estrategia ser\u00e1 la capacitaci\u00f3n intensiva y especializada en los 60 municipios del estado, con el objetivo de sensibilizar y dotar de herramientas a las y los servidores p\u00fablicos para garantizar la correcta aplicaci\u00f3n de los derechos de ni\u00f1as, ni\u00f1os y adolescentes, asegurando su protecci\u00f3n desde el \u00e1mbito local.<\/p>\n<p style=\"text-align: justify;\">Asimismo, Bel\u00e9n Vega subray\u00f3 que, en 2026, entrar\u00e1 en una nueva etapa el Plan de Acci\u00f3n para la Prevenci\u00f3n, Atenci\u00f3n y Seguimiento de Ni\u00f1as, Adolescentes y Madres Embarazadas (NAMES), cuya primera fase fue implementada con \u00e9xito en 2025.<\/p>\n<p style=\"text-align: justify;\">Esta estrategia interinstitucional busca establecer protocolos de atenci\u00f3n humanitaria y mecanismos de protecci\u00f3n integral para este sector de la poblaci\u00f3n.<\/p>\n<p style=\"text-align: justify;\">La funcionaria destac\u00f3 que las metas para este a\u00f1o incluyen, adem\u00e1s de inversi\u00f3n y prevenci\u00f3n, la evaluaci\u00f3n constante de las pol\u00edticas p\u00fablicas, a fin de asegurar su pertinencia, eficacia e impacto real en la vida de la ni\u00f1ez y adolescencia tlaxcalteca.<\/p>\n<p style=\"text-align: justify;\">Finalmente, reiter\u00f3 el llamado a la poblaci\u00f3n para mantenerse informada y sumarse a los esfuerzos que permitan consolidar un entorno seguro, incluyente y protector para las ni\u00f1as, ni\u00f1os y adolescentes del estado.<\/p>\n","protected":false},"excerpt":{"rendered":"<p>Uno de los principales ejes ser\u00e1 la capacitaci\u00f3n intensiva y especializada en los 60 municipios del estado; tambi\u00e9n, establecer protocolos de atenci\u00f3n humanitaria y mecanismos de protecci\u00f3n integral para este sector_ Tlaxcala reforzar\u00e1 en 2026 las acciones para garantizar los derechos de ni\u00f1as, ni\u00f1os y adolescentes, mediante una inversi\u00f3n estrat\u00e9gica y programas de alto impacto, [&hellip;]<\/p>\n","protected":false},"author":5,"featured_media":58507,"comment_status":"open","ping_status":"open","sticky":false,"template":"","format":"standard","meta":{"footnotes":""},"categories":[236],"tags":[],"class_list":["post-58506","post","type-post","status-publish","format-standard","has-post-thumbnail","hentry","category-gobierno-de-tlaxcala"],"amp_enabled":true,"_links":{"self":[{"href":"https:\/\/labestiapolitica.com.mx\/index.php?rest_route=\/wp\/v2\/posts\/58506","targetHints":{"allow":["GET"]}}],"collection":[{"href":"https:\/\/labestiapolitica.com.mx\/index.php?rest_route=\/wp\/v2\/posts"}],"about":[{"href":"https:\/\/labestiapolitica.com.mx\/index.php?rest_route=\/wp\/v2\/types\/post"}],"author":[{"embeddable":true,"href":"https:\/\/labestiapolitica.com.mx\/index.php?rest_route=\/wp\/v2\/users\/5"}],"replies":[{"embeddable":true,"href":"https:\/\/labestiapolitica.com.mx\/index.php?rest_route=%2Fwp%2Fv2%2Fcomments&post=58506"}],"version-history":[{"count":1,"href":"https:\/\/labestiapolitica.com.mx\/index.php?rest_route=\/wp\/v2\/posts\/58506\/revisions"}],"predecessor-version":[{"id":58508,"href":"https:\/\/labestiapolitica.com.mx\/index.php?rest_route=\/wp\/v2\/posts\/58506\/revisions\/58508"}],"wp:featuredmedia":[{"embeddable":true,"href":"https:\/\/labestiapolitica.com.mx\/index.php?rest_route=\/wp\/v2\/media\/58507"}],"wp:attachment":[{"href":"https:\/\/labestiapolitica.com.mx\/index.php?rest_route=%2Fwp%2Fv2%2Fmedia&parent=58506"}],"wp:term":[{"taxonomy":"category","embeddable":true,"href":"https:\/\/labestiapolitica.com.mx\/index.php?rest_route=%2Fwp%2Fv2%2Fcategories&post=58506"},{"taxonomy":"post_tag","embeddable":true,"href":"https:\/\/labestiapolitica.com.mx\/index.php?rest_route=%2Fwp%2Fv2%2Ftags&post=58506"}],"curies":[{"name":"wp","href":"https:\/\/api.w.org\/{rel}","templated":true}]}}