{"id":58605,"date":"2026-01-16T12:53:27","date_gmt":"2026-01-16T18:53:27","guid":{"rendered":"https:\/\/labestiapolitica.com.mx\/?p=58605"},"modified":"2026-01-16T13:00:54","modified_gmt":"2026-01-16T19:00:54","slug":"%f0%9f%8c%b1%f0%9f%91%a7%f0%9f%91%a6-tetlanohcan-impulsa-la-educacion-ambiental-desde-la-primera-infancia","status":"publish","type":"post","link":"https:\/\/labestiapolitica.com.mx\/?p=58605","title":{"rendered":"\ud83c\udf31\ud83d\udc67\ud83d\udc66 Tetlanohcan impulsa la educaci\u00f3n ambiental desde la primera infancia"},"content":{"rendered":"<p style=\"text-align: justify;\" data-start=\"87\" data-end=\"397\">El <span class=\"hover:entity-accent entity-underline inline cursor-pointer align-baseline\"><span class=\"whitespace-normal\">Ayuntamiento de Tetlanohcan<\/span><\/span>, encabezado por la presidenta municipal <span class=\"hover:entity-accent entity-underline inline cursor-pointer align-baseline\"><span class=\"whitespace-normal\">Kritsbey P\u00e9rez Flores<\/span><\/span>, a trav\u00e9s de la <span class=\"hover:entity-accent entity-underline inline cursor-pointer align-baseline\"><span class=\"whitespace-normal\">Secretar\u00eda de Medio Ambiente de Tetlanohcan<\/span><\/span>, llev\u00f3 a cabo talleres de educaci\u00f3n ambiental dirigidos a preescolares y al nivel de educaci\u00f3n inicial del municipio.<\/p>\n<p style=\"text-align: justify;\" data-start=\"399\" data-end=\"725\">Como parte de estas actividades, se imparti\u00f3 el taller \u201cArte con hojas\u201d, en el que ni\u00f1as y ni\u00f1os realizaron manualidades utilizando cart\u00f3n, hojas recicladas y hojas secas de \u00e1rbol, fomentando desde temprana edad la creatividad, el aprovechamiento responsable de materiales y el cuidado del entorno natural.<\/p>\n<p style=\"text-align: justify;\" data-start=\"727\" data-end=\"1027\">La presidenta municipal, Kritsbey P\u00e9rez Flores, destac\u00f3 la importancia de promover la educaci\u00f3n ambiental desde la infancia, al se\u00f1alar que estas acciones contribuyen a formar generaciones m\u00e1s conscientes y comprometidas con el medio ambiente y con el desarrollo sostenible del municipio.<\/p>\n<p style=\"text-align: justify;\" data-start=\"1029\" data-end=\"1333\">Por su parte, la directora de Ecolog\u00eda, <span class=\"hover:entity-accent entity-underline inline cursor-pointer align-baseline\"><span class=\"whitespace-normal\">Jessica Cuapio Guti\u00e9rrez<\/span><\/span>, subray\u00f3 que estos talleres forman parte de una estrategia integral para fortalecer la cultura ambiental en Tetlanohcan, acercando a la ni\u00f1ez a pr\u00e1cticas sencillas que generan un impacto positivo en su entorno.<\/p>\n<p style=\"text-align: justify;\" data-start=\"1335\" data-end=\"1550\">Con este tipo de acciones, el Gobierno Municipal de Tetlanohcan reafirma su compromiso con la educaci\u00f3n ambiental, la formaci\u00f3n de valores desde edades tempranas y el bienestar de las familias del municipio.<img loading=\"lazy\" decoding=\"async\" class=\"alignnone size-full wp-image-58607\" src=\"https:\/\/labestiapolitica.com.mx\/wp-content\/uploads\/2026\/01\/WhatsApp-Image-2026-01-16-at-12.23.49-PM-1.jpeg\" alt=\"\" width=\"1280\" height=\"964\" srcset=\"https:\/\/labestiapolitica.com.mx\/wp-content\/uploads\/2026\/01\/WhatsApp-Image-2026-01-16-at-12.23.49-PM-1.jpeg 1280w, https:\/\/labestiapolitica.com.mx\/wp-content\/uploads\/2026\/01\/WhatsApp-Image-2026-01-16-at-12.23.49-PM-1-300x226.jpeg 300w, https:\/\/labestiapolitica.com.mx\/wp-content\/uploads\/2026\/01\/WhatsApp-Image-2026-01-16-at-12.23.49-PM-1-1024x771.jpeg 1024w, https:\/\/labestiapolitica.com.mx\/wp-content\/uploads\/2026\/01\/WhatsApp-Image-2026-01-16-at-12.23.49-PM-1-768x578.jpeg 768w\" sizes=\"auto, (max-width: 1280px) 100vw, 1280px\" \/> <img loading=\"lazy\" decoding=\"async\" class=\"alignnone size-full wp-image-58608\" src=\"https:\/\/labestiapolitica.com.mx\/wp-content\/uploads\/2026\/01\/WhatsApp-Image-2026-01-16-at-12.23.49-PM.jpeg\" alt=\"\" width=\"1280\" height=\"960\" srcset=\"https:\/\/labestiapolitica.com.mx\/wp-content\/uploads\/2026\/01\/WhatsApp-Image-2026-01-16-at-12.23.49-PM.jpeg 1280w, https:\/\/labestiapolitica.com.mx\/wp-content\/uploads\/2026\/01\/WhatsApp-Image-2026-01-16-at-12.23.49-PM-300x225.jpeg 300w, https:\/\/labestiapolitica.com.mx\/wp-content\/uploads\/2026\/01\/WhatsApp-Image-2026-01-16-at-12.23.49-PM-1024x768.jpeg 1024w, https:\/\/labestiapolitica.com.mx\/wp-content\/uploads\/2026\/01\/WhatsApp-Image-2026-01-16-at-12.23.49-PM-768x576.jpeg 768w\" sizes=\"auto, (max-width: 1280px) 100vw, 1280px\" \/> <img loading=\"lazy\" decoding=\"async\" class=\"alignnone size-full wp-image-58609\" src=\"https:\/\/labestiapolitica.com.mx\/wp-content\/uploads\/2026\/01\/WhatsApp-Image-2026-01-16-at-12.23.49-PM-3.jpeg\" alt=\"\" width=\"1280\" height=\"960\" srcset=\"https:\/\/labestiapolitica.com.mx\/wp-content\/uploads\/2026\/01\/WhatsApp-Image-2026-01-16-at-12.23.49-PM-3.jpeg 1280w, https:\/\/labestiapolitica.com.mx\/wp-content\/uploads\/2026\/01\/WhatsApp-Image-2026-01-16-at-12.23.49-PM-3-300x225.jpeg 300w, https:\/\/labestiapolitica.com.mx\/wp-content\/uploads\/2026\/01\/WhatsApp-Image-2026-01-16-at-12.23.49-PM-3-1024x768.jpeg 1024w, https:\/\/labestiapolitica.com.mx\/wp-content\/uploads\/2026\/01\/WhatsApp-Image-2026-01-16-at-12.23.49-PM-3-768x576.jpeg 768w\" sizes=\"auto, (max-width: 1280px) 100vw, 1280px\" \/> <img loading=\"lazy\" decoding=\"async\" class=\"alignnone size-full wp-image-58610\" src=\"https:\/\/labestiapolitica.com.mx\/wp-content\/uploads\/2026\/01\/WhatsApp-Image-2026-01-16-at-12.23.49-PM-4.jpeg\" alt=\"\" width=\"1280\" height=\"964\" srcset=\"https:\/\/labestiapolitica.com.mx\/wp-content\/uploads\/2026\/01\/WhatsApp-Image-2026-01-16-at-12.23.49-PM-4.jpeg 1280w, https:\/\/labestiapolitica.com.mx\/wp-content\/uploads\/2026\/01\/WhatsApp-Image-2026-01-16-at-12.23.49-PM-4-300x226.jpeg 300w, https:\/\/labestiapolitica.com.mx\/wp-content\/uploads\/2026\/01\/WhatsApp-Image-2026-01-16-at-12.23.49-PM-4-1024x771.jpeg 1024w, https:\/\/labestiapolitica.com.mx\/wp-content\/uploads\/2026\/01\/WhatsApp-Image-2026-01-16-at-12.23.49-PM-4-768x578.jpeg 768w\" sizes=\"auto, (max-width: 1280px) 100vw, 1280px\" \/><\/p>\n<p data-start=\"1335\" data-end=\"1550\">\n","protected":false},"excerpt":{"rendered":"<p>El Ayuntamiento de Tetlanohcan, encabezado por la presidenta municipal Kritsbey P\u00e9rez Flores, a trav\u00e9s de la Secretar\u00eda de Medio Ambiente de Tetlanohcan, llev\u00f3 a cabo talleres de educaci\u00f3n ambiental dirigidos a preescolares y al nivel de educaci\u00f3n inicial del municipio. Como parte de estas actividades, se imparti\u00f3 el taller \u201cArte con hojas\u201d, en el que [&hellip;]<\/p>\n","protected":false},"author":3,"featured_media":58606,"comment_status":"open","ping_status":"open","sticky":false,"template":"","format":"standard","meta":{"footnotes":""},"categories":[259],"tags":[],"class_list":["post-58605","post","type-post","status-publish","format-standard","has-post-thumbnail","hentry","category-tetlanohcan"],"amp_enabled":true,"_links":{"self":[{"href":"https:\/\/labestiapolitica.com.mx\/index.php?rest_route=\/wp\/v2\/posts\/58605","targetHints":{"allow":["GET"]}}],"collection":[{"href":"https:\/\/labestiapolitica.com.mx\/index.php?rest_route=\/wp\/v2\/posts"}],"about":[{"href":"https:\/\/labestiapolitica.com.mx\/index.php?rest_route=\/wp\/v2\/types\/post"}],"author":[{"embeddable":true,"href":"https:\/\/labestiapolitica.com.mx\/index.php?rest_route=\/wp\/v2\/users\/3"}],"replies":[{"embeddable":true,"href":"https:\/\/labestiapolitica.com.mx\/index.php?rest_route=%2Fwp%2Fv2%2Fcomments&post=58605"}],"version-history":[{"count":1,"href":"https:\/\/labestiapolitica.com.mx\/index.php?rest_route=\/wp\/v2\/posts\/58605\/revisions"}],"predecessor-version":[{"id":58611,"href":"https:\/\/labestiapolitica.com.mx\/index.php?rest_route=\/wp\/v2\/posts\/58605\/revisions\/58611"}],"wp:featuredmedia":[{"embeddable":true,"href":"https:\/\/labestiapolitica.com.mx\/index.php?rest_route=\/wp\/v2\/media\/58606"}],"wp:attachment":[{"href":"https:\/\/labestiapolitica.com.mx\/index.php?rest_route=%2Fwp%2Fv2%2Fmedia&parent=58605"}],"wp:term":[{"taxonomy":"category","embeddable":true,"href":"https:\/\/labestiapolitica.com.mx\/index.php?rest_route=%2Fwp%2Fv2%2Fcategories&post=58605"},{"taxonomy":"post_tag","embeddable":true,"href":"https:\/\/labestiapolitica.com.mx\/index.php?rest_route=%2Fwp%2Fv2%2Ftags&post=58605"}],"curies":[{"name":"wp","href":"https:\/\/api.w.org\/{rel}","templated":true}]}}