{"id":58643,"date":"2026-01-16T19:41:55","date_gmt":"2026-01-17T01:41:55","guid":{"rendered":"https:\/\/labestiapolitica.com.mx\/?p=58643"},"modified":"2026-01-16T19:41:55","modified_gmt":"2026-01-17T01:41:55","slug":"actualizan-a-docentes-de-la-uatx-sobre-herramientas-digitales-disponibles-para-apoyar-su-labor-en-el-aula","status":"publish","type":"post","link":"https:\/\/labestiapolitica.com.mx\/?p=58643","title":{"rendered":"Actualizan a docentes de la UATx sobre herramientas digitales disponibles para apoyar su labor en el aula."},"content":{"rendered":"<p style=\"font-weight: 400; text-align: justify;\">Para optimizar y potenciar el uso de las herramientas tecnol\u00f3gicas que ofrece la Universidad Aut\u00f3noma de Tlaxcala (UATx) a su comunidad acad\u00e9mica, la Maestra Carolina Roc\u00edo S\u00e1nchez P\u00e9rez, Jefa de Sistemas y Tecnolog\u00edas de la Informaci\u00f3n de la Secretar\u00eda T\u00e9cnica, imparti\u00f3 la conferencia\u00a0\ud835\udc07\ud835\udc1e\ud835\udc2b\ud835\udc2b\ud835\udc1a\ud835\udc26\ud835\udc22\ud835\udc1e\ud835\udc27\ud835\udc2d\ud835\udc1a\ud835\udc2c\u00a0\ud835\udc01\ud835\udc1a\u0301\ud835\udc2c\ud835\udc22\ud835\udc1c\ud835\udc1a\ud835\udc2c\u00a0\ud835\udc1d\ud835\udc1e\u00a0\ud835\udc0c\ud835\udc22\ud835\udc1c\ud835\udc2b\ud835\udc28\ud835\udc2c\ud835\udc28\ud835\udc1f\ud835\udc2d\u00a0\ud835\udfd1\ud835\udfd4\ud835\udfd3, como parte de la Jornada de Formaci\u00f3n y Profesionalizaci\u00f3n Docente Primavera 2026.<\/p>\n<p style=\"font-weight: 400; text-align: justify;\">En formato virtual, la ponente explic\u00f3 las funcionalidades de Microsoft 365 a trav\u00e9s de aplicaciones como Word, PowerPoint y Excel, resaltando su integraci\u00f3n con Copilot, recurso estrat\u00e9gico incorporado al Sistema Integral de Informaci\u00f3n Administrativa (SIIA).<\/p>\n<p style=\"font-weight: 400; text-align: justify;\">La Maestra S\u00e1nchez P\u00e9rez resalt\u00f3 que la UATx cuenta con\u00a0\ud835\udc0c\ud835\udc22\ud835\udc1c\ud835\udc2b\ud835\udc28\ud835\udc2c\ud835\udc28\ud835\udc1f\ud835\udc2d\u00a0\ud835\udfd1\ud835\udfd4\ud835\udfd3\u00a0A3, una herramienta disponible para docentes y estudiantes, en versi\u00f3n web y de escritorio, en la que se puede acceder a trav\u00e9s del correo institucional, facilitando la carga docente y administrativa, as\u00ed como las diversas actividades de los estudiantes.<\/p>\n<p style=\"font-weight: 400; text-align: justify;\">Destac\u00f3 que la tecnolog\u00eda no viene a reemplazar la docencia sino a disminuir la carga de trabajo, el desorden y el tiempo invertido en tareas repetitivas, para propiciar una docencia m\u00e1s humana, organizada y sostenible.<\/p>\n<p style=\"font-weight: 400; text-align: justify;\">Adem\u00e1s, refiri\u00f3 que la incorporaci\u00f3n de\u00a0\ud835\udc0c\ud835\udc22\ud835\udc1c\ud835\udc2b\ud835\udc28\ud835\udc2c\ud835\udc28\ud835\udc1f\ud835\udc2d\u00a0\ud835\udfd1\ud835\udfd4\ud835\udfd3\u00a0A3 representa un paso significativo en el fortalecimiento de los procesos acad\u00e9micos y administrativos de la Aut\u00f3noma de Tlaxcala, al promover\u00a0 innovaci\u00f3n, eficiencia y transformaci\u00f3n digital en beneficio de la comunidad universitaria.<\/p>\n<p style=\"font-weight: 400; text-align: justify;\">La Jornada de Formaci\u00f3n y Profesionalizaci\u00f3n Docente Primavera 2026 es organizada por la Secretar\u00eda Acad\u00e9mica a trav\u00e9s de la Unidad Institucional de Profesionalizaci\u00f3n Docente.<\/p>\n","protected":false},"excerpt":{"rendered":"<p>Para optimizar y potenciar el uso de las herramientas tecnol\u00f3gicas que ofrece la Universidad Aut\u00f3noma de Tlaxcala (UATx) a su comunidad acad\u00e9mica, la Maestra Carolina Roc\u00edo S\u00e1nchez P\u00e9rez, Jefa de Sistemas y Tecnolog\u00edas de la Informaci\u00f3n de la Secretar\u00eda T\u00e9cnica, imparti\u00f3 la conferencia\u00a0\ud835\udc07\ud835\udc1e\ud835\udc2b\ud835\udc2b\ud835\udc1a\ud835\udc26\ud835\udc22\ud835\udc1e\ud835\udc27\ud835\udc2d\ud835\udc1a\ud835\udc2c\u00a0\ud835\udc01\ud835\udc1a\u0301\ud835\udc2c\ud835\udc22\ud835\udc1c\ud835\udc1a\ud835\udc2c\u00a0\ud835\udc1d\ud835\udc1e\u00a0\ud835\udc0c\ud835\udc22\ud835\udc1c\ud835\udc2b\ud835\udc28\ud835\udc2c\ud835\udc28\ud835\udc1f\ud835\udc2d\u00a0\ud835\udfd1\ud835\udfd4\ud835\udfd3, como parte de la Jornada de Formaci\u00f3n y Profesionalizaci\u00f3n Docente Primavera 2026. [&hellip;]<\/p>\n","protected":false},"author":5,"featured_media":58645,"comment_status":"open","ping_status":"open","sticky":false,"template":"","format":"standard","meta":{"footnotes":""},"categories":[213,241],"tags":[],"class_list":["post-58643","post","type-post","status-publish","format-standard","has-post-thumbnail","hentry","category-educacion","category-uatx"],"amp_enabled":true,"_links":{"self":[{"href":"https:\/\/labestiapolitica.com.mx\/index.php?rest_route=\/wp\/v2\/posts\/58643","targetHints":{"allow":["GET"]}}],"collection":[{"href":"https:\/\/labestiapolitica.com.mx\/index.php?rest_route=\/wp\/v2\/posts"}],"about":[{"href":"https:\/\/labestiapolitica.com.mx\/index.php?rest_route=\/wp\/v2\/types\/post"}],"author":[{"embeddable":true,"href":"https:\/\/labestiapolitica.com.mx\/index.php?rest_route=\/wp\/v2\/users\/5"}],"replies":[{"embeddable":true,"href":"https:\/\/labestiapolitica.com.mx\/index.php?rest_route=%2Fwp%2Fv2%2Fcomments&post=58643"}],"version-history":[{"count":1,"href":"https:\/\/labestiapolitica.com.mx\/index.php?rest_route=\/wp\/v2\/posts\/58643\/revisions"}],"predecessor-version":[{"id":58646,"href":"https:\/\/labestiapolitica.com.mx\/index.php?rest_route=\/wp\/v2\/posts\/58643\/revisions\/58646"}],"wp:featuredmedia":[{"embeddable":true,"href":"https:\/\/labestiapolitica.com.mx\/index.php?rest_route=\/wp\/v2\/media\/58645"}],"wp:attachment":[{"href":"https:\/\/labestiapolitica.com.mx\/index.php?rest_route=%2Fwp%2Fv2%2Fmedia&parent=58643"}],"wp:term":[{"taxonomy":"category","embeddable":true,"href":"https:\/\/labestiapolitica.com.mx\/index.php?rest_route=%2Fwp%2Fv2%2Fcategories&post=58643"},{"taxonomy":"post_tag","embeddable":true,"href":"https:\/\/labestiapolitica.com.mx\/index.php?rest_route=%2Fwp%2Fv2%2Ftags&post=58643"}],"curies":[{"name":"wp","href":"https:\/\/api.w.org\/{rel}","templated":true}]}}