{"id":58650,"date":"2026-01-16T19:47:53","date_gmt":"2026-01-17T01:47:53","guid":{"rendered":"https:\/\/labestiapolitica.com.mx\/?p=58650"},"modified":"2026-01-16T19:47:57","modified_gmt":"2026-01-17T01:47:57","slug":"58650","status":"publish","type":"post","link":"https:\/\/labestiapolitica.com.mx\/?p=58650","title":{"rendered":"Consejo Estatal de Salud anuncia medidas preventivas para contener caso de sarampi\u00f3n confirmado en Tlaxcala."},"content":{"rendered":"<ul>\n<li style=\"text-align: justify;\">Destacan el despliegue de cerco epidemiol\u00f3gico, macrocentros de vacunaci\u00f3n en cuatro municipios, implementaci\u00f3n de uso de cubrebocas y gel antibacterial en transporte p\u00fablico y escuelas, as\u00ed como la activaci\u00f3n de brigadas sanitarias de emergencia; se inform\u00f3 que no se suspender\u00e1n clases y que las actividades escolares continuar\u00e1n con medidas sanitarias_<\/li>\n<\/ul>\n<p style=\"text-align: justify;\">La gobernadora Lorena Cu\u00e9llar Cisneros encabez\u00f3 la conferencia de prensa en la que el Consejo Estatal de Salud present\u00f3 las medidas preventivas que se implementar\u00e1n para la contenci\u00f3n del caso de sarampi\u00f3n confirmado en la entidad.<\/p>\n<p style=\"text-align: justify;\">Desde el Sal\u00f3n Rojo de Palacio de Gobierno, la mandataria estatal se\u00f1al\u00f3 que, tras confirmarse el caso, se activ\u00f3 de inmediato un cerco epidemiol\u00f3gico que permiti\u00f3 actuar con rapidez y precisi\u00f3n. Subray\u00f3 que esta respuesta temprana ha sido clave para evitar la propagaci\u00f3n del virus y mantener bajo control la situaci\u00f3n sanitaria en Tlaxcala.<\/p>\n<p style=\"text-align: justify;\">En este contexto, Cu\u00e9llar Cisneros adelant\u00f3 que se reforzar\u00e1n las acciones preventivas necesarias para proteger a la poblaci\u00f3n, particularmente a los grupos m\u00e1s vulnerables, y reiter\u00f3 que el sistema de salud estatal se mantiene atento y preparado para responder ante cualquier eventualidad.<\/p>\n<p style=\"text-align: justify;\">Por su parte, el secretario de Salud, Rigoberto Zamudio Meneses, dio a conocer los acuerdos y medidas determinadas por el Consejo Estatal de Salud, entre las que destacan el mantenimiento permanente del cerco epidemiol\u00f3gico hasta lograr que el 100 por ciento de la comunidad cercada cuente con su esquema de vacunaci\u00f3n completo, as\u00ed como la instalaci\u00f3n de cuatro macrocentros de vacunaci\u00f3n en Nativitas, Huamantla, Apizaco y Tlaxcala.<\/p>\n<p style=\"text-align: justify;\">Asimismo, se realizar\u00e1 la verificaci\u00f3n de las 17 unidades m\u00e9dicas de la regi\u00f3n para garantizar que cuenten con puestos de vacunaci\u00f3n activos en turnos matutino y vespertino, adem\u00e1s de la disponibilidad de biol\u00f3gico. A estas acciones se sumar\u00e1 la Comisi\u00f3n Estatal para la Protecci\u00f3n contra Riesgos Sanitarios de Tlaxcala (Coeprist), con brigadas de emergencia sanitaria para la limpieza de \u00e1reas de uso com\u00fan, principalmente en instituciones educativas.<\/p>\n<p style=\"text-align: justify;\">Por su parte, la Secretar\u00eda de Movilidad y Transporte (SMyT) gir\u00f3 instrucciones para que el servicio de transporte p\u00fablico, tanto colectivo como taxis, refuerce medidas preventivas como el uso de cubrebocas y gel antibacterial. En el \u00e1mbito educativo, la Secretar\u00eda de Educaci\u00f3n P\u00fablica del Estado (SEPE) determin\u00f3 la suspensi\u00f3n de actividades escolares masivas que impliquen aglomeraciones; no obstante, las clases continuar\u00e1n de manera regular, con la aplicaci\u00f3n de medidas sanitarias como el uso de cubrebocas, gel antibacterial e higiene constante de manos.<\/p>\n<p style=\"text-align: justify;\">El secretario de Salud precis\u00f3 que, en el grupo escolar donde se registr\u00f3 el caso, las actividades permanecer\u00e1n suspendidas hasta que todas las ni\u00f1as y ni\u00f1os est\u00e9n vacunados, manteni\u00e9ndose adem\u00e1s la vigilancia sanitaria de la totalidad del alumnado.<\/p>\n<p style=\"text-align: justify;\">Zamudio Meneses inform\u00f3 que todas las instituciones que integran el Consejo Estatal de Salud se mantienen atentas y en seguimiento permanente. Detall\u00f3 que el caso fue detectado en el Instituto Mexicano del Seguro Social y que el seguimiento cl\u00ednico y epidemiol\u00f3gico est\u00e1 a cargo de la Delegaci\u00f3n del Instituto Mexicano del Seguro Social (IMSS).<\/p>\n<p style=\"text-align: justify;\">Advirti\u00f3 que, por las caracter\u00edsticas del paciente, existe un riesgo potencial de contagio hacia entidades vecinas como el Estado de M\u00e9xico, la Ciudad de M\u00e9xico y Puebla, considerando que la tasa esperada de transmisi\u00f3n podr\u00eda alcanzar hasta 70 personas, de no haberse actuado con oportunidad.<\/p>\n<p style=\"text-align: justify;\">Ante este escenario, se activ\u00f3 un bloqueo interinstitucional inmediato, coordinado por la Jurisdicci\u00f3n Sanitaria n\u00famero 3, adem\u00e1s de notificar a los sistemas de vigilancia epidemiol\u00f3gica a nivel nacional. De manera preventiva, tambi\u00e9n se convoc\u00f3 a los sectores econ\u00f3mico, tur\u00edstico, educativo y de transporte, al tratarse de \u00e1mbitos con alta movilidad y contacto social.<\/p>\n<p style=\"text-align: justify;\">Como parte del despliegue territorial, se recorrieron 42 manzanas de la comunidad de Matlalohcan, en el municipio de Tetla, con la visita a 682 viviendas, alcanzando una cobertura del 100 por ciento. En 197 domicilios no se logr\u00f3 contacto directo debido a la ausencia de residentes o a accesos limitados, los cuales permanecer\u00e1n bajo vigilancia y seguimiento por parte del personal de salud.<\/p>\n<p style=\"text-align: justify;\">El IMSS inform\u00f3 que el caso confirmado corresponde a un hombre de 31 a\u00f1os, quien inici\u00f3 con sintomatolog\u00eda el pasado 10 de enero y cuyo probable periodo de contagio se ubica entre el 20 de diciembre y el 3 de enero, procedente de la Ciudad de M\u00e9xico.<\/p>\n<p style=\"text-align: justify;\">De acuerdo con el reporte m\u00e9dico, el paciente present\u00f3 un periodo de alta contagiosidad hasta el 14 de enero, tiempo durante el cual mantuvo contacto en su entorno laboral; no obstante, se precis\u00f3 que actualmente se encuentra en buen estado de salud, aislado en su domicilio y bajo seguimiento m\u00e9dico.<\/p>\n<p style=\"text-align: justify;\">Al cierre, la gobernadora Lorena Cu\u00e9llar expres\u00f3 su reconocimiento a las instituciones que integran el Consejo Estatal de Salud por su disposici\u00f3n, trabajo y entrega, y destac\u00f3 la coordinaci\u00f3n inmediata que permiti\u00f3 actuar desde el primer momento, como parte de una estrategia preventiva orientada a proteger la salud de las familias tlaxcaltecas y dar certeza a la poblaci\u00f3n de que la vida cotidiana y las actividades escolares contin\u00faan con responsabilidad y cuidado.<\/p>\n","protected":false},"excerpt":{"rendered":"<p>Destacan el despliegue de cerco epidemiol\u00f3gico, macrocentros de vacunaci\u00f3n en cuatro municipios, implementaci\u00f3n de uso de cubrebocas y gel antibacterial en transporte p\u00fablico y escuelas, as\u00ed como la activaci\u00f3n de brigadas sanitarias de emergencia; se inform\u00f3 que no se suspender\u00e1n clases y que las actividades escolares continuar\u00e1n con medidas sanitarias_ La gobernadora Lorena Cu\u00e9llar Cisneros [&hellip;]<\/p>\n","protected":false},"author":5,"featured_media":58651,"comment_status":"open","ping_status":"open","sticky":false,"template":"","format":"standard","meta":{"footnotes":""},"categories":[12,236],"tags":[],"class_list":["post-58650","post","type-post","status-publish","format-standard","has-post-thumbnail","hentry","category-brujula-2026","category-gobierno-de-tlaxcala"],"amp_enabled":true,"_links":{"self":[{"href":"https:\/\/labestiapolitica.com.mx\/index.php?rest_route=\/wp\/v2\/posts\/58650","targetHints":{"allow":["GET"]}}],"collection":[{"href":"https:\/\/labestiapolitica.com.mx\/index.php?rest_route=\/wp\/v2\/posts"}],"about":[{"href":"https:\/\/labestiapolitica.com.mx\/index.php?rest_route=\/wp\/v2\/types\/post"}],"author":[{"embeddable":true,"href":"https:\/\/labestiapolitica.com.mx\/index.php?rest_route=\/wp\/v2\/users\/5"}],"replies":[{"embeddable":true,"href":"https:\/\/labestiapolitica.com.mx\/index.php?rest_route=%2Fwp%2Fv2%2Fcomments&post=58650"}],"version-history":[{"count":2,"href":"https:\/\/labestiapolitica.com.mx\/index.php?rest_route=\/wp\/v2\/posts\/58650\/revisions"}],"predecessor-version":[{"id":58653,"href":"https:\/\/labestiapolitica.com.mx\/index.php?rest_route=\/wp\/v2\/posts\/58650\/revisions\/58653"}],"wp:featuredmedia":[{"embeddable":true,"href":"https:\/\/labestiapolitica.com.mx\/index.php?rest_route=\/wp\/v2\/media\/58651"}],"wp:attachment":[{"href":"https:\/\/labestiapolitica.com.mx\/index.php?rest_route=%2Fwp%2Fv2%2Fmedia&parent=58650"}],"wp:term":[{"taxonomy":"category","embeddable":true,"href":"https:\/\/labestiapolitica.com.mx\/index.php?rest_route=%2Fwp%2Fv2%2Fcategories&post=58650"},{"taxonomy":"post_tag","embeddable":true,"href":"https:\/\/labestiapolitica.com.mx\/index.php?rest_route=%2Fwp%2Fv2%2Ftags&post=58650"}],"curies":[{"name":"wp","href":"https:\/\/api.w.org\/{rel}","templated":true}]}}