{"id":58654,"date":"2026-01-16T19:52:01","date_gmt":"2026-01-17T01:52:01","guid":{"rendered":"https:\/\/labestiapolitica.com.mx\/?p=58654"},"modified":"2026-01-16T19:52:01","modified_gmt":"2026-01-17T01:52:01","slug":"apizaco-entrega-apoyos-del-buzon-de-los-suenos-para-ninas-y-ninos-del-municipio","status":"publish","type":"post","link":"https:\/\/labestiapolitica.com.mx\/?p=58654","title":{"rendered":"Apizaco entrega apoyos del \u201cBuz\u00f3n de los Sue\u00f1os\u201d para ni\u00f1as y ni\u00f1os del municipio."},"content":{"rendered":"<p style=\"text-align: justify;\">Diego L\u00d3PEZ | El Ayuntamiento de Apizaco llev\u00f3 a cabo la entrega de apoyos y reconocimientos del programa \u201cBuz\u00f3n de los Sue\u00f1os\u201d, una iniciativa orientada a fortalecer los valores comunitarios y fomentar la esperanza entre ni\u00f1as y ni\u00f1os del municipio, con la participaci\u00f3n de autoridades municipales, regidores, presidentes de comunidad y representantes de la iniciativa privada.<\/p>\n<p style=\"text-align: justify;\">El evento fue encabezado por el presidente municipal constitucional de Apizaco, Javier Rivera Bonilla, acompa\u00f1ado por la presidenta honor\u00edfica del Sistema Municipal DIF, Anabel Monter R\u00edos, as\u00ed como por el secretario del Ayuntamiento, Juan Pablo Morales Rico, integrantes del Cabildo y directores de \u00e1rea.<\/p>\n<p style=\"text-align: justify;\">Durante el acto, se destac\u00f3 que el \u201cBuz\u00f3n de los Sue\u00f1os\u201d permiti\u00f3 conocer las aspiraciones y necesidades de ni\u00f1as y ni\u00f1os apizaquenses, quienes expresaron deseos relacionados con la educaci\u00f3n, la salud, el desarrollo personal y el bienestar de sus familias.<\/p>\n<p style=\"text-align: justify;\">El director de Turismo municipal, Sergio Yair M\u00e9ndez Ram\u00edrez, se\u00f1al\u00f3 que esta actividad marc\u00f3 el cierre del programa \u201cNavidad Brilla en Apizaco\u201d, el cual se desarroll\u00f3 con saldo blanco y promovi\u00f3 la convivencia familiar durante las festividades decembrinas. Subray\u00f3 que el \u201cBuz\u00f3n de los Sue\u00f1os\u201d representa un ejercicio de empat\u00eda social y trabajo comunitario.<\/p>\n<p style=\"text-align: justify;\">Como parte de la jornada, se realizaron diversas entregas simb\u00f3licas para hacer realidad algunos de los sue\u00f1os expresados. Entre ellos, se entreg\u00f3 un libro a Lili, quien manifest\u00f3 su inter\u00e9s por la lectura; un apoyo m\u00e9dico a la menor Adaya, relacionado con una intervenci\u00f3n para su paladar; as\u00ed como un reconocimiento al ni\u00f1o Baret Ju\u00e1rez, cuyo sue\u00f1o es ser presidente municipal por un d\u00eda.<\/p>\n<p style=\"text-align: justify;\">Asimismo, se apoy\u00f3 a ni\u00f1as y ni\u00f1os con intereses art\u00edsticos y solidarios, como Rodrigo, quien recibi\u00f3 un obsequio relacionado con su aspiraci\u00f3n de convertirse en torero, y Gaby, quien solicit\u00f3 una silla de ruedas para su abuelo, apoyo que fue otorgado con la colaboraci\u00f3n del Sistema DIF Municipal.<\/p>\n<p style=\"text-align: justify;\">Regidoras y regidores del Ayuntamiento tambi\u00e9n participaron en la entrega de apoyos, entre ellos Leticia Atempam D\u00edaz, quien realiz\u00f3 la entrega de obsequios a varios menores beneficiados. De igual forma, empresas locales como Dulcer\u00eda Mi Todo y Champions, as\u00ed como personal del Ayuntamiento, se sumaron a la iniciativa para cumplir distintos sue\u00f1os.<\/p>\n<p style=\"text-align: justify;\">Autoridades municipales se\u00f1alaron que este programa refleja el compromiso del gobierno local con la ni\u00f1ez y la construcci\u00f3n de una sociedad m\u00e1s solidaria, donde la colaboraci\u00f3n entre ciudadan\u00eda, gobierno e iniciativa privada permite generar acciones de impacto social<\/p>\n","protected":false},"excerpt":{"rendered":"<p>Diego L\u00d3PEZ | El Ayuntamiento de Apizaco llev\u00f3 a cabo la entrega de apoyos y reconocimientos del programa \u201cBuz\u00f3n de los Sue\u00f1os\u201d, una iniciativa orientada a fortalecer los valores comunitarios y fomentar la esperanza entre ni\u00f1as y ni\u00f1os del municipio, con la participaci\u00f3n de autoridades municipales, regidores, presidentes de comunidad y representantes de la iniciativa [&hellip;]<\/p>\n","protected":false},"author":5,"featured_media":58655,"comment_status":"open","ping_status":"open","sticky":false,"template":"","format":"standard","meta":{"footnotes":""},"categories":[226,216],"tags":[],"class_list":["post-58654","post","type-post","status-publish","format-standard","has-post-thumbnail","hentry","category-apizaco","category-municipios"],"amp_enabled":true,"_links":{"self":[{"href":"https:\/\/labestiapolitica.com.mx\/index.php?rest_route=\/wp\/v2\/posts\/58654","targetHints":{"allow":["GET"]}}],"collection":[{"href":"https:\/\/labestiapolitica.com.mx\/index.php?rest_route=\/wp\/v2\/posts"}],"about":[{"href":"https:\/\/labestiapolitica.com.mx\/index.php?rest_route=\/wp\/v2\/types\/post"}],"author":[{"embeddable":true,"href":"https:\/\/labestiapolitica.com.mx\/index.php?rest_route=\/wp\/v2\/users\/5"}],"replies":[{"embeddable":true,"href":"https:\/\/labestiapolitica.com.mx\/index.php?rest_route=%2Fwp%2Fv2%2Fcomments&post=58654"}],"version-history":[{"count":1,"href":"https:\/\/labestiapolitica.com.mx\/index.php?rest_route=\/wp\/v2\/posts\/58654\/revisions"}],"predecessor-version":[{"id":58656,"href":"https:\/\/labestiapolitica.com.mx\/index.php?rest_route=\/wp\/v2\/posts\/58654\/revisions\/58656"}],"wp:featuredmedia":[{"embeddable":true,"href":"https:\/\/labestiapolitica.com.mx\/index.php?rest_route=\/wp\/v2\/media\/58655"}],"wp:attachment":[{"href":"https:\/\/labestiapolitica.com.mx\/index.php?rest_route=%2Fwp%2Fv2%2Fmedia&parent=58654"}],"wp:term":[{"taxonomy":"category","embeddable":true,"href":"https:\/\/labestiapolitica.com.mx\/index.php?rest_route=%2Fwp%2Fv2%2Fcategories&post=58654"},{"taxonomy":"post_tag","embeddable":true,"href":"https:\/\/labestiapolitica.com.mx\/index.php?rest_route=%2Fwp%2Fv2%2Ftags&post=58654"}],"curies":[{"name":"wp","href":"https:\/\/api.w.org\/{rel}","templated":true}]}}