{"id":58670,"date":"2026-01-17T13:53:29","date_gmt":"2026-01-17T19:53:29","guid":{"rendered":"https:\/\/labestiapolitica.com.mx\/?p=58670"},"modified":"2026-01-17T17:18:00","modified_gmt":"2026-01-17T23:18:00","slug":"tlaxcala-confirma-dos-casos-de-sarampion-y-refuerza-llamado-a-la-vacunacion","status":"publish","type":"post","link":"https:\/\/labestiapolitica.com.mx\/?p=58670","title":{"rendered":"Tlaxcala confirma dos casos de sarampi\u00f3n y refuerza llamado a la vacunaci\u00f3n"},"content":{"rendered":"<p style=\"text-align: justify;\">Mariana LOVERA\/\/ La Secretar\u00eda de Salud del Estado de Tlaxcala emiti\u00f3 este s\u00e1bado un comunicado urgente confirmando dos casos de sarampi\u00f3n en el municipio de Tetla de la Solidaridad, espec\u00edficamente en la comunidad de San Bartolom\u00e9 Matlalohcan. Los pacientes son un hombre de 31 a\u00f1os y una ni\u00f1a de 6 a\u00f1os, ambos de la misma localidad.<\/p>\n<p style=\"text-align: justify;\">El diagn\u00f3stico fue confirmado por el Instituto de Diagn\u00f3stico y Referencia Epidemiol\u00f3gicos (InDRE), lo que activ\u00f3 la alerta epidemiol\u00f3gica y las medidas de control correspondientes. Las autoridades sanitarias hicieron un llamado contundente a la poblaci\u00f3n para mantener una vigilancia estrecha y notificar oportunamente cualquier caso sospechoso, acci\u00f3n fundamental para contener un posible brote.<\/p>\n<p><strong>Vacunaci\u00f3n, la principal barrera<\/strong><\/p>\n<p style=\"text-align: justify;\">El eje central de la prevenci\u00f3n, seg\u00fan el comunicado, es la revisi\u00f3n y actualizaci\u00f3n de los esquemas de vacunaci\u00f3n. Se recomienda espec\u00edficamente:<\/p>\n<p style=\"text-align: justify;\">\u00b7 Para ni\u00f1as y ni\u00f1os: La vacuna triple viral (SRP) contra sarampi\u00f3n, rub\u00e9ola y parotiditis. Se aplica una \u00abdosis cero\u00bb entre los 6 y 11 meses en bloqueos, la primera dosis a los 12 meses, una segunda a los 18 meses y un refuerzo a los 6 a\u00f1os.<br \/>\n\u00b7 Para adolescentes y adultos (10 a 49 a\u00f1os) y personal de salud: La vacuna doble viral (SR) contra sarampi\u00f3n y rub\u00e9ola.<\/p>\n<p style=\"text-align: justify;\">La dependencia advirti\u00f3 que no se debe vacunar a mujeres embarazadas ni a pacientes inmunocomprometidos. Para estos grupos, la protecci\u00f3n depende de que su entorno est\u00e9 correctamente inmunizado.<\/p>\n<p style=\"text-align: justify;\"><strong>C\u00f3mo se transmite y medidas para evitar el contagio<\/strong><\/p>\n<p>El sarampi\u00f3n es una enfermedad altamente contagiosa que se transmite por:<\/p>\n<p style=\"text-align: justify;\">\u00b7 Contacto directo con gotitas de saliva expulsadas al toser o estornudar.<br \/>\n\u00b7 Contacto con superficies u objetos contaminados con secreciones respiratorias de una persona infectada.<\/p>\n<p style=\"text-align: justify;\">Por ello, la Secretar\u00eda de Salud reforz\u00f3 las siguientes medidas preventivas para toda la poblaci\u00f3n:<\/p>\n<p style=\"text-align: justify;\">\u00b7 Uso correcto del cubrebocas.<br \/>\n\u00b7 Lavado frecuente de manos y evitar tocarse el rostro.<br \/>\n\u00b7 Evitar el contacto cercano con personas enfermas y no compartir objetos personales.<br \/>\n\u00b7 Cubrirse la boca y la nariz con un pa\u00f1uelo o con el \u00e1ngulo interno del codo al toser o estornudar.<br \/>\n\u00b7 Limpieza y desinfecci\u00f3n de superficies.<br \/>\n\u00b7 Mantener a reci\u00e9n nacidos alejados de personas con s\u00edntomas respiratorios.<\/p>\n<p><strong>S\u00edntomas y acci\u00f3n requerida<\/strong><\/p>\n<p style=\"text-align: justify;\">Se insta a la poblaci\u00f3n a estar atenta a los s\u00edntomas caracter\u00edsticos del sarampi\u00f3n: fiebre, conjuntivitis, escurrimiento nasal, tos, exantema (ronchas) que inicia en la cabeza y desciende al cuerpo, y la presencia de manchas de Koplik (peque\u00f1os puntos blancos) en la mucosa oral.<\/p>\n<p style=\"text-align: justify;\">Ante la presencia de estos s\u00edntomas, la indicaci\u00f3n es clara: aislarse de inmediato y acudir a la unidad de salud m\u00e1s cercana para su evaluaci\u00f3n y manejo m\u00e9dico adecuado.<\/p>\n<p style=\"text-align: justify;\">Las autoridades sanitarias de Tlaxcala mantendr\u00e1n la vigilancia epidemiol\u00f3gica activa y reiteran que la vacunaci\u00f3n es la herramienta m\u00e1s efectiva para prevenir la propagaci\u00f3n de esta enfermedad.<\/p>\n","protected":false},"excerpt":{"rendered":"<p>Mariana LOVERA\/\/ La Secretar\u00eda de Salud del Estado de Tlaxcala emiti\u00f3 este s\u00e1bado un comunicado urgente confirmando dos casos de sarampi\u00f3n en el municipio de Tetla de la Solidaridad, espec\u00edficamente en la comunidad de San Bartolom\u00e9 Matlalohcan. Los pacientes son un hombre de 31 a\u00f1os y una ni\u00f1a de 6 a\u00f1os, ambos de la misma [&hellip;]<\/p>\n","protected":false},"author":6,"featured_media":58671,"comment_status":"open","ping_status":"open","sticky":false,"template":"","format":"standard","meta":{"footnotes":""},"categories":[3,7],"tags":[],"class_list":["post-58670","post","type-post","status-publish","format-standard","has-post-thumbnail","hentry","category-8-columnas","category-ciudadanos"],"amp_enabled":true,"_links":{"self":[{"href":"https:\/\/labestiapolitica.com.mx\/index.php?rest_route=\/wp\/v2\/posts\/58670","targetHints":{"allow":["GET"]}}],"collection":[{"href":"https:\/\/labestiapolitica.com.mx\/index.php?rest_route=\/wp\/v2\/posts"}],"about":[{"href":"https:\/\/labestiapolitica.com.mx\/index.php?rest_route=\/wp\/v2\/types\/post"}],"author":[{"embeddable":true,"href":"https:\/\/labestiapolitica.com.mx\/index.php?rest_route=\/wp\/v2\/users\/6"}],"replies":[{"embeddable":true,"href":"https:\/\/labestiapolitica.com.mx\/index.php?rest_route=%2Fwp%2Fv2%2Fcomments&post=58670"}],"version-history":[{"count":1,"href":"https:\/\/labestiapolitica.com.mx\/index.php?rest_route=\/wp\/v2\/posts\/58670\/revisions"}],"predecessor-version":[{"id":58672,"href":"https:\/\/labestiapolitica.com.mx\/index.php?rest_route=\/wp\/v2\/posts\/58670\/revisions\/58672"}],"wp:featuredmedia":[{"embeddable":true,"href":"https:\/\/labestiapolitica.com.mx\/index.php?rest_route=\/wp\/v2\/media\/58671"}],"wp:attachment":[{"href":"https:\/\/labestiapolitica.com.mx\/index.php?rest_route=%2Fwp%2Fv2%2Fmedia&parent=58670"}],"wp:term":[{"taxonomy":"category","embeddable":true,"href":"https:\/\/labestiapolitica.com.mx\/index.php?rest_route=%2Fwp%2Fv2%2Fcategories&post=58670"},{"taxonomy":"post_tag","embeddable":true,"href":"https:\/\/labestiapolitica.com.mx\/index.php?rest_route=%2Fwp%2Fv2%2Ftags&post=58670"}],"curies":[{"name":"wp","href":"https:\/\/api.w.org\/{rel}","templated":true}]}}