{"id":58673,"date":"2026-01-17T15:27:33","date_gmt":"2026-01-17T21:27:33","guid":{"rendered":"https:\/\/labestiapolitica.com.mx\/?p=58673"},"modified":"2026-01-17T17:17:50","modified_gmt":"2026-01-17T23:17:50","slug":"adios-a-las-filas-llega-la-preinscripcion-en-linea-para-secundaria","status":"publish","type":"post","link":"https:\/\/labestiapolitica.com.mx\/?p=58673","title":{"rendered":"Adi\u00f3s a las Filas, Llega la Preinscripci\u00f3n en L\u00ednea para Secundaria"},"content":{"rendered":"<p class=\"p1\" style=\"text-align: justify;\">Mariana LOVERA\/\/ La Secretar\u00eda de Educaci\u00f3n P\u00fablica del Estado (Sepe) enterr\u00f3\u00a0 el proceso de filas y papeles para acceder a la secundaria. A partir del pr\u00f3ximo 3 de febrero, las familias tlaxcaltecas deber\u00e1n tener a mano un dispositivo con internet, no documentos impresos, para garantizar un lugar en las secundarias t\u00e9cnicas y generales, p\u00fablicas y privadas.<\/p>\n<p class=\"p1\" style=\"text-align: justify;\"><span class=\"s1\">El titular de la Sepe, Homero Meneses Hern\u00e1ndez, anunci\u00f3 en el Di\u00e1logo Circular que la ventana digital para el ciclo 2026-2027 se abrir\u00e1 del 3 al 13 de febrero a trav\u00e9s de la plataforma https:\/\/sice.septlaxcala.gob.mx\/PreRegistrationParents. La medida, explic\u00f3, busca no solo la modernizaci\u00f3n, sino evitar la saturaci\u00f3n en grupos y en las escuelas tradicionalmente m\u00e1s demandadas.<\/span><\/p>\n<p class=\"p1\"><strong><span class=\"s1\">Prueba Piloto en Cuatro Municipios y una Visi\u00f3n de Futuro<\/span><\/strong><\/p>\n<p class=\"p1\" style=\"text-align: justify;\"><span class=\"s1\">El anuncio trae consigo un adelanto significativo: cuatro municipios \u2013Tetlanohcan, Mazatecochco, Santa Cruz Quilehtla y Acuamanala\u2013 vivir\u00e1n una transformaci\u00f3n a\u00fan mayor. En estas localidades, la preinscripci\u00f3n para todos los niveles (preescolar, primaria y secundaria) se realizar\u00e1 exclusivamente por la misma v\u00eda digital, adelant\u00f3 Meneses Hern\u00e1ndez, dibujando el mapa de una gesti\u00f3n completamente digital en el mediano plazo.<\/span><\/p>\n<p class=\"p1\" style=\"text-align: justify;\"><span class=\"s1\">Para el resto de los municipios, los niveles de preescolar y primaria mantendr\u00e1n, por ahora, el m\u00e9todo presencial en las escuelas.<\/span><\/p>\n<p class=\"p1\"><strong><span class=\"s1\">Un Llamado a la Comunidad: \u201cLa Mejor Escuela es la de Cerca\u201d<\/span><\/strong><\/p>\n<p class=\"p1\" style=\"text-align: justify;\"><span class=\"s1\">Aprovechando la tribuna, el secretario lanz\u00f3 un mensaje directo a los padres de familia, insistiendo en un principio comunitario y log\u00edstico: \u201cLa mejor instituci\u00f3n es la que est\u00e1 m\u00e1s cerca de su casa\u201d. Hizo un llamado a privilegiar la escuela a la que se pueda llegar en minutos en caso de emergencia, desalentando expresamente los traslados largos desde otros municipios, una pr\u00e1ctica que, reconoci\u00f3, ha contribuido a la saturaci\u00f3n de ciertos planteles.<\/span><\/p>\n<p class=\"p1\"><strong><span class=\"s1\">Cifras que Dan Sustento<\/span><\/strong><\/p>\n<p class=\"p1\" style=\"text-align: justify;\"><span class=\"s1\">La digitalizaci\u00f3n llega con una planeaci\u00f3n detallada. La Sepe proyecta captar a 54,191 alumnos en los tres niveles para el pr\u00f3ximo ciclo, distribuidos en 13,872 para preescolar, 18,600 para primaria y 21,719 para secundaria. Meneses Hern\u00e1ndez destac\u00f3 que este censo anticipado es crucial para determinar la compra de paquetes de \u00fatiles escolares, uniformes y calzado, asegurando que est\u00e9n listos para el primer d\u00eda de clases.<\/span><\/p>\n<p class=\"p1\" style=\"text-align: justify;\"><span class=\"s1\">Respecto a la capacidad, hay un amplio margen: mientras las secundarias estatales tienen espacio para 32,692 estudiantes de primer ingreso, la proyecci\u00f3n de preinscripciones es de 21,194, lo que garantiza cobertura en escuelas p\u00fablicas para todos los solicitantes.<\/span><\/p>\n<p class=\"p1\" style=\"text-align: justify;\"><span class=\"s1\">La inversi\u00f3n para el desarrollo y operaci\u00f3n de esta plataforma que cambiar\u00e1 la din\u00e1mica de inscripci\u00f3n ascendi\u00f3 a 600 mil pesos, un presupuesto que, seg\u00fan la Sepe, se traducir\u00e1 en eficiencia, transparencia y, sobre todo, en un alivio significativo para las familias que cada a\u00f1o libraban la batalla de las filas.<\/span><\/p>\n","protected":false},"excerpt":{"rendered":"<p>Mariana LOVERA\/\/ La Secretar\u00eda de Educaci\u00f3n P\u00fablica del Estado (Sepe) enterr\u00f3\u00a0 el proceso de filas y papeles para acceder a la secundaria. A partir del pr\u00f3ximo 3 de febrero, las familias tlaxcaltecas deber\u00e1n tener a mano un dispositivo con internet, no documentos impresos, para garantizar un lugar en las secundarias t\u00e9cnicas y generales, p\u00fablicas y [&hellip;]<\/p>\n","protected":false},"author":6,"featured_media":58676,"comment_status":"open","ping_status":"open","sticky":false,"template":"","format":"standard","meta":{"footnotes":""},"categories":[3,7,213],"tags":[],"class_list":["post-58673","post","type-post","status-publish","format-standard","has-post-thumbnail","hentry","category-8-columnas","category-ciudadanos","category-educacion"],"amp_enabled":true,"_links":{"self":[{"href":"https:\/\/labestiapolitica.com.mx\/index.php?rest_route=\/wp\/v2\/posts\/58673","targetHints":{"allow":["GET"]}}],"collection":[{"href":"https:\/\/labestiapolitica.com.mx\/index.php?rest_route=\/wp\/v2\/posts"}],"about":[{"href":"https:\/\/labestiapolitica.com.mx\/index.php?rest_route=\/wp\/v2\/types\/post"}],"author":[{"embeddable":true,"href":"https:\/\/labestiapolitica.com.mx\/index.php?rest_route=\/wp\/v2\/users\/6"}],"replies":[{"embeddable":true,"href":"https:\/\/labestiapolitica.com.mx\/index.php?rest_route=%2Fwp%2Fv2%2Fcomments&post=58673"}],"version-history":[{"count":1,"href":"https:\/\/labestiapolitica.com.mx\/index.php?rest_route=\/wp\/v2\/posts\/58673\/revisions"}],"predecessor-version":[{"id":58675,"href":"https:\/\/labestiapolitica.com.mx\/index.php?rest_route=\/wp\/v2\/posts\/58673\/revisions\/58675"}],"wp:featuredmedia":[{"embeddable":true,"href":"https:\/\/labestiapolitica.com.mx\/index.php?rest_route=\/wp\/v2\/media\/58676"}],"wp:attachment":[{"href":"https:\/\/labestiapolitica.com.mx\/index.php?rest_route=%2Fwp%2Fv2%2Fmedia&parent=58673"}],"wp:term":[{"taxonomy":"category","embeddable":true,"href":"https:\/\/labestiapolitica.com.mx\/index.php?rest_route=%2Fwp%2Fv2%2Fcategories&post=58673"},{"taxonomy":"post_tag","embeddable":true,"href":"https:\/\/labestiapolitica.com.mx\/index.php?rest_route=%2Fwp%2Fv2%2Ftags&post=58673"}],"curies":[{"name":"wp","href":"https:\/\/api.w.org\/{rel}","templated":true}]}}