{"id":58677,"date":"2026-01-18T15:56:13","date_gmt":"2026-01-18T21:56:13","guid":{"rendered":"https:\/\/labestiapolitica.com.mx\/?p=58677"},"modified":"2026-01-18T15:56:13","modified_gmt":"2026-01-18T21:56:13","slug":"tetlanohcan-impulsa-la-educacion-ambiental-desde-la-primera-infancia","status":"publish","type":"post","link":"https:\/\/labestiapolitica.com.mx\/?p=58677","title":{"rendered":"Tetlanohcan impulsa la educaci\u00f3n ambiental desde la primera infancia"},"content":{"rendered":"<p>El Gobierno Municipal de Tetlanohcan, que encabeza Kritsbey P\u00e9rez Flores, a trav\u00e9s de la Secretar\u00eda de Medio Ambiente de Tetlanohcan, llev\u00f3 a cabo talleres de educaci\u00f3n ambiental dirigidos a todos los preescolares y al nivel de educaci\u00f3n inicial del municipio.<\/p>\n<p>Como parte de estas actividades, se imparti\u00f3 el taller \u201cArte con hojas\u201d, en el que ni\u00f1as y ni\u00f1os realizaron manualidades utilizando cart\u00f3n, hojas recicladas y hojas secas de \u00e1rbol, fomentando desde temprana edad la creatividad, el aprovechamiento responsable de materiales y el cuidado del entorno natural.<\/p>\n<p>La presidenta municipal, Kritsbey P\u00e9rez Flores, destac\u00f3 la importancia de promover la educaci\u00f3n ambiental desde la infancia, al se\u00f1alar que estas acciones contribuyen a formar generaciones m\u00e1s conscientes y comprometidas con el medio ambiente y el desarrollo sostenible del municipio.<\/p>\n<p>Por su parte, la directora de Ecolog\u00eda, Jessica Cuapio Guti\u00e9rrez, subray\u00f3 que estos talleres forman parte de una estrategia integral para fortalecer la cultura ambiental en Tetlanohcan, acercando a la ni\u00f1ez a pr\u00e1cticas sencillas que generan un impacto positivo en su entorno.<\/p>\n<p>Con este tipo de acciones, el Gobierno Municipal de Tetlanohcan reafirma su compromiso con la educaci\u00f3n ambiental y el bienestar de las familias del municipio.<\/p>\n","protected":false},"excerpt":{"rendered":"<p>El Gobierno Municipal de Tetlanohcan, que encabeza Kritsbey P\u00e9rez Flores, a trav\u00e9s de la Secretar\u00eda de Medio Ambiente de Tetlanohcan, llev\u00f3 a cabo talleres de educaci\u00f3n ambiental dirigidos a todos los preescolares y al nivel de educaci\u00f3n inicial del municipio. Como parte de estas actividades, se imparti\u00f3 el taller \u201cArte con hojas\u201d, en el que [&hellip;]<\/p>\n","protected":false},"author":3,"featured_media":58678,"comment_status":"open","ping_status":"open","sticky":false,"template":"","format":"standard","meta":{"footnotes":""},"categories":[216,259],"tags":[],"class_list":["post-58677","post","type-post","status-publish","format-standard","has-post-thumbnail","hentry","category-municipios","category-tetlanohcan"],"amp_enabled":true,"_links":{"self":[{"href":"https:\/\/labestiapolitica.com.mx\/index.php?rest_route=\/wp\/v2\/posts\/58677","targetHints":{"allow":["GET"]}}],"collection":[{"href":"https:\/\/labestiapolitica.com.mx\/index.php?rest_route=\/wp\/v2\/posts"}],"about":[{"href":"https:\/\/labestiapolitica.com.mx\/index.php?rest_route=\/wp\/v2\/types\/post"}],"author":[{"embeddable":true,"href":"https:\/\/labestiapolitica.com.mx\/index.php?rest_route=\/wp\/v2\/users\/3"}],"replies":[{"embeddable":true,"href":"https:\/\/labestiapolitica.com.mx\/index.php?rest_route=%2Fwp%2Fv2%2Fcomments&post=58677"}],"version-history":[{"count":1,"href":"https:\/\/labestiapolitica.com.mx\/index.php?rest_route=\/wp\/v2\/posts\/58677\/revisions"}],"predecessor-version":[{"id":58679,"href":"https:\/\/labestiapolitica.com.mx\/index.php?rest_route=\/wp\/v2\/posts\/58677\/revisions\/58679"}],"wp:featuredmedia":[{"embeddable":true,"href":"https:\/\/labestiapolitica.com.mx\/index.php?rest_route=\/wp\/v2\/media\/58678"}],"wp:attachment":[{"href":"https:\/\/labestiapolitica.com.mx\/index.php?rest_route=%2Fwp%2Fv2%2Fmedia&parent=58677"}],"wp:term":[{"taxonomy":"category","embeddable":true,"href":"https:\/\/labestiapolitica.com.mx\/index.php?rest_route=%2Fwp%2Fv2%2Fcategories&post=58677"},{"taxonomy":"post_tag","embeddable":true,"href":"https:\/\/labestiapolitica.com.mx\/index.php?rest_route=%2Fwp%2Fv2%2Ftags&post=58677"}],"curies":[{"name":"wp","href":"https:\/\/api.w.org\/{rel}","templated":true}]}}