{"id":58684,"date":"2026-01-18T16:41:12","date_gmt":"2026-01-18T22:41:12","guid":{"rendered":"https:\/\/labestiapolitica.com.mx\/?p=58684"},"modified":"2026-01-18T18:00:08","modified_gmt":"2026-01-19T00:00:08","slug":"autoridades-instan-al-uso-de-cubrebocas-en-espacios-cerrados-tras-confirmar-casos-de-sarampion","status":"publish","type":"post","link":"https:\/\/labestiapolitica.com.mx\/?p=58684","title":{"rendered":"Autoridades instan al uso de cubrebocas en espacios cerrados tras confirmar casos de sarampi\u00f3n"},"content":{"rendered":"<p style=\"text-align: justify;\">Mariana LOVERA\/\/ Tras la confirmaci\u00f3n de dos casos de sarampi\u00f3n en la comunidad de Matlalohcan, municipio de Tetla, el Consejo Estatal de Salud anunci\u00f3 la implementaci\u00f3n obligatoria del uso de cubrebocas en todos los espacios cerrados, con especial \u00e9nfasis en los planteles educativos.<\/p>\n<p style=\"text-align: justify;\">Homero Meneses, titular de la Secretar\u00eda de Educaci\u00f3n, inform\u00f3 que las clases en todos los niveles se mantendr\u00e1n, pero bajo un protocolo estricto de medidas preventivas para contener posibles contagios.<\/p>\n<p style=\"text-align: justify;\">Entre las disposiciones emitidas por las autoridades sanitarias y educativas se encuentran:<\/p>\n<p style=\"text-align: justify;\">\u00b7 Uso obligatorio de cubrebocas en interiores, con vigilancia reforzada en el aula y grupo espec\u00edfico vinculado a los casos confirmados, cuyos estudiantes permanecen bajo observaci\u00f3n.<br \/>\n\u00b7 Refuerzo de las medidas de higiene, promoviendo el lavado frecuente de manos y el uso de gel antibacterial.<br \/>\n\u00b7 Suspensi\u00f3n del saludo con contacto f\u00edsico, privilegiando alternativas sin contacto directo, como eso pu\u00f1o y codo.<br \/>\n\u00b7 Aplicaci\u00f3n estricta de la sana distancia en aulas, oficinas y todo espacio cerrado.<\/p>\n<p style=\"text-align: justify;\">Asimismo, la Secretar\u00eda de Salud (SESA) hizo un llamado urgente a la poblaci\u00f3n para verificar y completar los esquemas de vacunaci\u00f3n contra el sarampi\u00f3n, dirigido especialmente a ni\u00f1os, adolescentes, j\u00f3venes y personas menores de 50 a\u00f1os.<\/p>\n<p style=\"text-align: justify;\">Las autoridades reiteraron que el uso correcto del cubrebocas, en conjunto con el resto de las medidas y la vacunaci\u00f3n, constituyen elementos fundamentales para proteger la salud p\u00fablica y controlar la propagaci\u00f3n del virus.<\/p>\n","protected":false},"excerpt":{"rendered":"<p>Mariana LOVERA\/\/ Tras la confirmaci\u00f3n de dos casos de sarampi\u00f3n en la comunidad de Matlalohcan, municipio de Tetla, el Consejo Estatal de Salud anunci\u00f3 la implementaci\u00f3n obligatoria del uso de cubrebocas en todos los espacios cerrados, con especial \u00e9nfasis en los planteles educativos. Homero Meneses, titular de la Secretar\u00eda de Educaci\u00f3n, inform\u00f3 que las clases [&hellip;]<\/p>\n","protected":false},"author":6,"featured_media":58685,"comment_status":"open","ping_status":"open","sticky":false,"template":"","format":"standard","meta":{"footnotes":""},"categories":[3,7],"tags":[],"class_list":["post-58684","post","type-post","status-publish","format-standard","has-post-thumbnail","hentry","category-8-columnas","category-ciudadanos"],"amp_enabled":true,"_links":{"self":[{"href":"https:\/\/labestiapolitica.com.mx\/index.php?rest_route=\/wp\/v2\/posts\/58684","targetHints":{"allow":["GET"]}}],"collection":[{"href":"https:\/\/labestiapolitica.com.mx\/index.php?rest_route=\/wp\/v2\/posts"}],"about":[{"href":"https:\/\/labestiapolitica.com.mx\/index.php?rest_route=\/wp\/v2\/types\/post"}],"author":[{"embeddable":true,"href":"https:\/\/labestiapolitica.com.mx\/index.php?rest_route=\/wp\/v2\/users\/6"}],"replies":[{"embeddable":true,"href":"https:\/\/labestiapolitica.com.mx\/index.php?rest_route=%2Fwp%2Fv2%2Fcomments&post=58684"}],"version-history":[{"count":1,"href":"https:\/\/labestiapolitica.com.mx\/index.php?rest_route=\/wp\/v2\/posts\/58684\/revisions"}],"predecessor-version":[{"id":58686,"href":"https:\/\/labestiapolitica.com.mx\/index.php?rest_route=\/wp\/v2\/posts\/58684\/revisions\/58686"}],"wp:featuredmedia":[{"embeddable":true,"href":"https:\/\/labestiapolitica.com.mx\/index.php?rest_route=\/wp\/v2\/media\/58685"}],"wp:attachment":[{"href":"https:\/\/labestiapolitica.com.mx\/index.php?rest_route=%2Fwp%2Fv2%2Fmedia&parent=58684"}],"wp:term":[{"taxonomy":"category","embeddable":true,"href":"https:\/\/labestiapolitica.com.mx\/index.php?rest_route=%2Fwp%2Fv2%2Fcategories&post=58684"},{"taxonomy":"post_tag","embeddable":true,"href":"https:\/\/labestiapolitica.com.mx\/index.php?rest_route=%2Fwp%2Fv2%2Ftags&post=58684"}],"curies":[{"name":"wp","href":"https:\/\/api.w.org\/{rel}","templated":true}]}}