{"id":58687,"date":"2026-01-18T17:54:34","date_gmt":"2026-01-18T23:54:34","guid":{"rendered":"https:\/\/labestiapolitica.com.mx\/?p=58687"},"modified":"2026-01-18T17:54:34","modified_gmt":"2026-01-18T23:54:34","slug":"se-suma-apizaco-en-acciones-preventivas-contra-sarampion","status":"publish","type":"post","link":"https:\/\/labestiapolitica.com.mx\/?p=58687","title":{"rendered":"Se suma Apizaco en acciones preventivas contra sarampi\u00f3n"},"content":{"rendered":"<ul>\n<li>A partir de este lunes se iniciar\u00e1n visitas a las instituciones educativas para verificar el ingreso de estudiantes con cubrebocas y el uso de gel antibacterial._<\/li>\n<\/ul>\n<p>Ante la confirmaci\u00f3n de dos casos positivos de sarampi\u00f3n en el estado, el Ayuntamiento de Apizaco que encabeza el alcalde Javier Rivera Bonilla, se suma de manera responsable a las acciones preventivas implementadas por el Gobierno del Estado, manteniendo una estrecha coordinaci\u00f3n con las autoridades sanitarias para contribuir a la protecci\u00f3n de la salud p\u00fablica.<\/p>\n<p>Si bien los casos confirmados no se registran en el municipio, el Gobierno Municipal refrenda su compromiso de colaborar activamente en las medidas de vigilancia y prevenci\u00f3n, as\u00ed como de atender puntualmente las indicaciones emitidas por el sector salud, en beneficio de las y los apizaquenses.<\/p>\n<p>En este marco, a trav\u00e9s de la Direcci\u00f3n de Salud y la Coordinaci\u00f3n de Educaci\u00f3n del Ayuntamiento de Apizaco, a partir de ma\u00f1ana iniciar\u00e1n visitas a las instituciones educativas del municipio para verificar que las y los estudiantes ingresen con cubrebocas y cuenten con gel antibacterial, reforzando as\u00ed el cumplimiento de los lineamientos sanitarios y reiterando el uso obligatorio de cubrebocas en todas las escuelas como una medida indispensable para proteger la salud de la comunidad escolar.<\/p>\n<p>En este contexto, el Gobierno Municipal hace un llamado a la ciudadan\u00eda a cumplir de manera responsable con las medidas preventivas, entre ellas el reforzamiento de la higiene personal, el lavado frecuente de manos y la atenci\u00f3n oportuna ante cualquier s\u00edntoma, acudiendo a las unidades de salud correspondientes.<\/p>\n<p>La autoridad municipal reitera que continuar\u00e1 trabajando de manera coordinada con el Gobierno del Estado y las instancias de salud, sum\u00e1ndose a las estrategias preventivas que permitan salvaguardar la salud de la poblaci\u00f3n y garantizar una respuesta oportuna ante cualquier eventualidad; adem\u00e1s, en caso de dudas, reportes o coordinaci\u00f3n directa con los planteles educativos, pone a disposici\u00f3n el tel\u00e9fono 241 418 0827, extensi\u00f3n 172, en horario de atenci\u00f3n oficial.<\/p>\n","protected":false},"excerpt":{"rendered":"<p>A partir de este lunes se iniciar\u00e1n visitas a las instituciones educativas para verificar el ingreso de estudiantes con cubrebocas y el uso de gel antibacterial._ Ante la confirmaci\u00f3n de dos casos positivos de sarampi\u00f3n en el estado, el Ayuntamiento de Apizaco que encabeza el alcalde Javier Rivera Bonilla, se suma de manera responsable a [&hellip;]<\/p>\n","protected":false},"author":3,"featured_media":58688,"comment_status":"open","ping_status":"open","sticky":false,"template":"","format":"standard","meta":{"footnotes":""},"categories":[226,216],"tags":[],"class_list":["post-58687","post","type-post","status-publish","format-standard","has-post-thumbnail","hentry","category-apizaco","category-municipios"],"amp_enabled":true,"_links":{"self":[{"href":"https:\/\/labestiapolitica.com.mx\/index.php?rest_route=\/wp\/v2\/posts\/58687","targetHints":{"allow":["GET"]}}],"collection":[{"href":"https:\/\/labestiapolitica.com.mx\/index.php?rest_route=\/wp\/v2\/posts"}],"about":[{"href":"https:\/\/labestiapolitica.com.mx\/index.php?rest_route=\/wp\/v2\/types\/post"}],"author":[{"embeddable":true,"href":"https:\/\/labestiapolitica.com.mx\/index.php?rest_route=\/wp\/v2\/users\/3"}],"replies":[{"embeddable":true,"href":"https:\/\/labestiapolitica.com.mx\/index.php?rest_route=%2Fwp%2Fv2%2Fcomments&post=58687"}],"version-history":[{"count":1,"href":"https:\/\/labestiapolitica.com.mx\/index.php?rest_route=\/wp\/v2\/posts\/58687\/revisions"}],"predecessor-version":[{"id":58689,"href":"https:\/\/labestiapolitica.com.mx\/index.php?rest_route=\/wp\/v2\/posts\/58687\/revisions\/58689"}],"wp:featuredmedia":[{"embeddable":true,"href":"https:\/\/labestiapolitica.com.mx\/index.php?rest_route=\/wp\/v2\/media\/58688"}],"wp:attachment":[{"href":"https:\/\/labestiapolitica.com.mx\/index.php?rest_route=%2Fwp%2Fv2%2Fmedia&parent=58687"}],"wp:term":[{"taxonomy":"category","embeddable":true,"href":"https:\/\/labestiapolitica.com.mx\/index.php?rest_route=%2Fwp%2Fv2%2Fcategories&post=58687"},{"taxonomy":"post_tag","embeddable":true,"href":"https:\/\/labestiapolitica.com.mx\/index.php?rest_route=%2Fwp%2Fv2%2Ftags&post=58687"}],"curies":[{"name":"wp","href":"https:\/\/api.w.org\/{rel}","templated":true}]}}