{"id":58711,"date":"2026-01-19T09:18:02","date_gmt":"2026-01-19T15:18:02","guid":{"rendered":"https:\/\/labestiapolitica.com.mx\/?p=58711"},"modified":"2026-01-19T09:18:02","modified_gmt":"2026-01-19T15:18:02","slug":"padres-de-familia-de-la-escuela-heroes-de-chapultepec-demandan-asignacion-de-docentes","status":"publish","type":"post","link":"https:\/\/labestiapolitica.com.mx\/?p=58711","title":{"rendered":"Padres de familia de la escuela H\u00e9roes de Chapultepec demandan asignaci\u00f3n de docentes"},"content":{"rendered":"<p style=\"text-align: justify;\">Ana S\u00e1nchez\/\/ La ma\u00f1ana de este 19 de enero padres de familia del 5to grado grupo \u00abB\u00bb de la escuela H\u00e9roes de Chapultepec se manifestaron en el acceso de la instituci\u00f3n en demanda de que la Unidad de Servicios Educativos del estado de Tlaxcala (Uset), asigne tanto docente de grado como director de esta instituci\u00f3n, toda vez que llevan m\u00e1s de 4 meses, sin docentes que procuren la educaci\u00f3n de los menores.<\/p>\n<p style=\"text-align: justify;\">En representaci\u00f3n de los padres de familia Alejandro Hern\u00e1ndez ha referido que, en el transcurso de este a\u00f1o, se han dado dos asignaciones por parte de la Uset, sin embargo, los docentes no se han mantenido constantes frente a grupo, lo que ha derivado en un retraso escolar para 25 alumnos que integran este grupo.<\/p>\n<p style=\"text-align: justify;\">Sumado a ello ha referido que la instituci\u00f3n presenta carencias que no han sido subsanadas por las autoridades educativas tras una serie de solicitudes y requerimientos que han realizado los padres de familia a la secretar\u00eda de educaci\u00f3n.<\/p>\n<p style=\"text-align: justify;\">La propuesta inicial de los padres de familia era inhibir el acceso de la matr\u00edcula total de esa instituci\u00f3n educativa, sin embargo, en el \u00faltimo momento determinaron permitir el acceso de los menores y entablar un di\u00e1logo con el subdirector Modesto Ramos Flores, a cargo de esta instituci\u00f3n quien ha referido que la Uset ha otorgado un nombramiento a una maestra que estar\u00e1 por un per\u00edodo de seis meses en prueba y que estar\u00e1 a cargo de la formaci\u00f3n de los alumnos de quinto grado grupo b, por el resto del ciclo escolar.<\/p>\n<p style=\"text-align: justify;\">Los padres de familia han referido que se mantendr\u00e1n atentos al trabajo que desempe\u00f1a est\u00e1 docente y dar\u00e1n tambi\u00e9n seguimiento a la asignaci\u00f3n de director, toda vez que llevan m\u00e1s de 4 meses sin un director asignado a esta instituci\u00f3n educativa ubicada en la capital del estado.<\/p>\n","protected":false},"excerpt":{"rendered":"<p>Ana S\u00e1nchez\/\/ La ma\u00f1ana de este 19 de enero padres de familia del 5to grado grupo \u00abB\u00bb de la escuela H\u00e9roes de Chapultepec se manifestaron en el acceso de la instituci\u00f3n en demanda de que la Unidad de Servicios Educativos del estado de Tlaxcala (Uset), asigne tanto docente de grado como director de esta instituci\u00f3n, [&hellip;]<\/p>\n","protected":false},"author":3,"featured_media":58712,"comment_status":"open","ping_status":"open","sticky":false,"template":"","format":"standard","meta":{"footnotes":""},"categories":[3,229,213],"tags":[],"class_list":["post-58711","post","type-post","status-publish","format-standard","has-post-thumbnail","hentry","category-8-columnas","category-camara-de-diputados","category-educacion"],"amp_enabled":true,"_links":{"self":[{"href":"https:\/\/labestiapolitica.com.mx\/index.php?rest_route=\/wp\/v2\/posts\/58711","targetHints":{"allow":["GET"]}}],"collection":[{"href":"https:\/\/labestiapolitica.com.mx\/index.php?rest_route=\/wp\/v2\/posts"}],"about":[{"href":"https:\/\/labestiapolitica.com.mx\/index.php?rest_route=\/wp\/v2\/types\/post"}],"author":[{"embeddable":true,"href":"https:\/\/labestiapolitica.com.mx\/index.php?rest_route=\/wp\/v2\/users\/3"}],"replies":[{"embeddable":true,"href":"https:\/\/labestiapolitica.com.mx\/index.php?rest_route=%2Fwp%2Fv2%2Fcomments&post=58711"}],"version-history":[{"count":1,"href":"https:\/\/labestiapolitica.com.mx\/index.php?rest_route=\/wp\/v2\/posts\/58711\/revisions"}],"predecessor-version":[{"id":58713,"href":"https:\/\/labestiapolitica.com.mx\/index.php?rest_route=\/wp\/v2\/posts\/58711\/revisions\/58713"}],"wp:featuredmedia":[{"embeddable":true,"href":"https:\/\/labestiapolitica.com.mx\/index.php?rest_route=\/wp\/v2\/media\/58712"}],"wp:attachment":[{"href":"https:\/\/labestiapolitica.com.mx\/index.php?rest_route=%2Fwp%2Fv2%2Fmedia&parent=58711"}],"wp:term":[{"taxonomy":"category","embeddable":true,"href":"https:\/\/labestiapolitica.com.mx\/index.php?rest_route=%2Fwp%2Fv2%2Fcategories&post=58711"},{"taxonomy":"post_tag","embeddable":true,"href":"https:\/\/labestiapolitica.com.mx\/index.php?rest_route=%2Fwp%2Fv2%2Ftags&post=58711"}],"curies":[{"name":"wp","href":"https:\/\/api.w.org\/{rel}","templated":true}]}}