{"id":58714,"date":"2026-01-19T11:43:30","date_gmt":"2026-01-19T17:43:30","guid":{"rendered":"https:\/\/labestiapolitica.com.mx\/?p=58714"},"modified":"2026-01-19T11:43:30","modified_gmt":"2026-01-19T17:43:30","slug":"escuelas-implementan-medidas-sanitarias-por-brote-de-sarampion","status":"publish","type":"post","link":"https:\/\/labestiapolitica.com.mx\/?p=58714","title":{"rendered":"Escuelas implementan medidas sanitarias por brote de sarampi\u00f3n"},"content":{"rendered":"<p style=\"text-align: justify;\">Ana S\u00e1nchez \/\/Derivado de la alerta sanitaria emitida en Tlaxcala tras la confirmaci\u00f3n de dos casos de sarampi\u00f3n, se refuerzan medidas sanitarias en las escuelas.<\/p>\n<p style=\"text-align: justify;\">A partir de este d\u00eda los ni\u00f1os deber\u00e1n acudir a clases con las medidas sanitarias, como: Verificaci\u00f3n de vacunaci\u00f3n, refuerzo de higiene en las aulas, uso de cubrebocas.<\/p>\n<p style=\"text-align: justify;\">Dada la alta contagiosidad del virus y el inicio del ciclo escolar, la dependencia estatal ha recomendado una serie de acciones clave para centros educativos como la implementaci\u00f3n de filtros.<\/p>\n<p style=\"text-align: justify;\">Recientemente la Secretar\u00eda de Salud del estado de Tlaxcala emiti\u00f3 un comunicado urgente confirmando la detecci\u00f3n de dos casos de sarampi\u00f3n en el municipio de Tetla de la Solidaridad, espec\u00edficamente en la comunidad de San Bartolom\u00e9 Matlalohcan. Los pacientes identificados son un hombre de 31 a\u00f1os y una ni\u00f1a de 6 a\u00f1os, ambos de la misma localidad<\/p>\n<p style=\"text-align: justify;\">Padres de familia avalan estas medidas a efecto de cuidar la salud de los infantes.<\/p>\n","protected":false},"excerpt":{"rendered":"<p>Ana S\u00e1nchez \/\/Derivado de la alerta sanitaria emitida en Tlaxcala tras la confirmaci\u00f3n de dos casos de sarampi\u00f3n, se refuerzan medidas sanitarias en las escuelas. A partir de este d\u00eda los ni\u00f1os deber\u00e1n acudir a clases con las medidas sanitarias, como: Verificaci\u00f3n de vacunaci\u00f3n, refuerzo de higiene en las aulas, uso de cubrebocas. Dada la [&hellip;]<\/p>\n","protected":false},"author":3,"featured_media":58716,"comment_status":"open","ping_status":"open","sticky":false,"template":"","format":"standard","meta":{"footnotes":""},"categories":[3,213],"tags":[],"class_list":["post-58714","post","type-post","status-publish","format-standard","has-post-thumbnail","hentry","category-8-columnas","category-educacion"],"amp_enabled":true,"_links":{"self":[{"href":"https:\/\/labestiapolitica.com.mx\/index.php?rest_route=\/wp\/v2\/posts\/58714","targetHints":{"allow":["GET"]}}],"collection":[{"href":"https:\/\/labestiapolitica.com.mx\/index.php?rest_route=\/wp\/v2\/posts"}],"about":[{"href":"https:\/\/labestiapolitica.com.mx\/index.php?rest_route=\/wp\/v2\/types\/post"}],"author":[{"embeddable":true,"href":"https:\/\/labestiapolitica.com.mx\/index.php?rest_route=\/wp\/v2\/users\/3"}],"replies":[{"embeddable":true,"href":"https:\/\/labestiapolitica.com.mx\/index.php?rest_route=%2Fwp%2Fv2%2Fcomments&post=58714"}],"version-history":[{"count":1,"href":"https:\/\/labestiapolitica.com.mx\/index.php?rest_route=\/wp\/v2\/posts\/58714\/revisions"}],"predecessor-version":[{"id":58715,"href":"https:\/\/labestiapolitica.com.mx\/index.php?rest_route=\/wp\/v2\/posts\/58714\/revisions\/58715"}],"wp:featuredmedia":[{"embeddable":true,"href":"https:\/\/labestiapolitica.com.mx\/index.php?rest_route=\/wp\/v2\/media\/58716"}],"wp:attachment":[{"href":"https:\/\/labestiapolitica.com.mx\/index.php?rest_route=%2Fwp%2Fv2%2Fmedia&parent=58714"}],"wp:term":[{"taxonomy":"category","embeddable":true,"href":"https:\/\/labestiapolitica.com.mx\/index.php?rest_route=%2Fwp%2Fv2%2Fcategories&post=58714"},{"taxonomy":"post_tag","embeddable":true,"href":"https:\/\/labestiapolitica.com.mx\/index.php?rest_route=%2Fwp%2Fv2%2Ftags&post=58714"}],"curies":[{"name":"wp","href":"https:\/\/api.w.org\/{rel}","templated":true}]}}