{"id":58717,"date":"2026-01-19T11:58:43","date_gmt":"2026-01-19T17:58:43","guid":{"rendered":"https:\/\/labestiapolitica.com.mx\/?p=58717"},"modified":"2026-01-19T16:57:21","modified_gmt":"2026-01-19T22:57:21","slug":"cuestiona-ray-vazquez-conchas-actuar-de-sanchez-garcia-y-morena-estatal","status":"publish","type":"post","link":"https:\/\/labestiapolitica.com.mx\/?p=58717","title":{"rendered":"Cuestiona Ray V\u00e1zquez Conchas actuar de Sanchez Garc\u00eda y Morena estatal"},"content":{"rendered":"<p class=\"p1\" style=\"text-align: justify;\">Gabriela Aranda\/\/ En\u00a0 rueda de prensa celebrada este d\u00eda, el Diputado Federal por Morena, Raymundo V\u00e1zquez Conchas, lanz\u00f3 cr\u00edticas hacia figuras y pr\u00e1cticas dentro de su propio partido.<\/p>\n<p class=\"p1\" style=\"text-align: justify;\"><span class=\"s1\">El legislador se refiri\u00f3 directamente a la estrategia pol\u00edtica de Alfonso S\u00e1nchez Garc\u00eda, cuestionando la exhibici\u00f3n p\u00fablica de respaldos en su posible aspiraci\u00f3n a la gubernatura de Tlaxcala.<\/span><\/p>\n<p class=\"p1\" style=\"text-align: justify;\"><span class=\"s1\">V\u00e1zquez Conchas se\u00f1al\u00f3 que esta pr\u00e1ctica \u00abrefleja m\u00e1s desesperaci\u00f3n que fortaleza\u00bb, un se\u00f1alamiento que acentu\u00f3 al calificarla como propia de \u00abuna figura con escaso arraigo en la percepci\u00f3n ciudadana\u00bb. La declaraci\u00f3n puso en evidencia tensiones internas.<\/span><\/p>\n<p class=\"p1\" style=\"text-align: justify;\"><span class=\"s1\">De manera m\u00e1s contundente, el diputado federal reprob\u00f3 la actuaci\u00f3n de la dirigencia estatal de Morena. Critic\u00f3 que se comprometan postulaciones anticipadamente, \u00abfuera de los plazos y mecanismos establecidos\u00bb. A su juicio, esta pr\u00e1ctica \u00abdebilita la institucionalidad y la transparencia del proceso\u00bb interno del partido, abriendo un frente de discusi\u00f3n sobre las reglas y la democracia partidista.<\/span><\/p>\n<p class=\"p1\" style=\"text-align: justify;\"><span class=\"s1\">En este sentido, fue m\u00e1s all\u00e1 al afirmar que \u00abel pueblo s\u00ed se da cuenta de qui\u00e9nes cumplen y qui\u00e9nes no\u00bb, una observaci\u00f3n dirigida a criticar tanto a Morena local como a otros funcionarios. Neg\u00f3 categ\u00f3ricamente cualquier v\u00ednculo con aspirantes o candidatos morenistas que, en su consideraci\u00f3n, \u00abno han aportado ni sumado al desarrollo de Tlaxcala\u00bb.<\/span><\/p>\n<p class=\"p1\" style=\"text-align: justify;\"><span class=\"s1\">Al defender su postura, V\u00e1zquez Conchas asegur\u00f3 que sus decisiones no se basan en encuestas, sino en lo que denomin\u00f3 \u00abel coraz\u00f3n de nuestra sociedad\u00bb. \u00abVoy por el inter\u00e9s de nuestra sociedad\u00bb, expres\u00f3, argumentando que alza la voz \u00abporque es tiempo de hacer patria\u00bb.<\/span><\/p>\n<p style=\"text-align: justify;\">El legislador tambi\u00e9n sostuvo que Tlaxcala tiene \u00a0capacidad humana para ocupar espacios de poder, poniendo como ejemplo al secretario de Gobierno, Luis Antonio Ram\u00edrez, que siendo de otro estado tiene la titularidad de SEGOB.<\/p>\n<p style=\"text-align: justify;\"><span style=\"text-align: justify;\">En el \u00e1mbito nacional, manifest\u00f3 su respaldo total a la Presidenta de M\u00e9xico, Claudia Sheinbaum, reconociendo la responsabilidad que conlleva encabezar el Ejecutivo federal y reiterando su apoyo incondicional a sus decisiones.<\/span><\/p>\n<p class=\"p1\" style=\"text-align: justify;\"><span class=\"s1\">Durante la conferencia, el diputado tambi\u00e9n expuso su visi\u00f3n del quehacer legislativo. Afirm\u00f3 que \u00abuno decide lo que quiere ganar y lo que quiere perder\u00bb al asumir responsabilidades p\u00fablicas, y subray\u00f3 que es fundamental escuchar al pueblo.<\/span><\/p>\n<p class=\"p1\" style=\"text-align: justify;\"><span class=\"s1\">Respecto a las reformas constitucionales, sostuvo que deben dar paso a lo comunitario y generar un beneficio social real, prometiendo que su voto siempre estar\u00e1 a favor de las prioridades sociales y la continuidad de proyectos con impacto positivo.<\/span><\/p>\n<p class=\"p1\" style=\"text-align: justify;\"><span class=\"s1\">Finalmente, al referirse a la posible reducci\u00f3n del n\u00famero de legisladores, enfatiz\u00f3 que cualquier medida en ese sentido \u00abdebe ir acompa\u00f1ada necesariamente de una reducci\u00f3n del gasto p\u00fablico\u00bb, pues \u2013advirti\u00f3\u2013 la ciudadan\u00eda es consciente y observa constantemente el actuar de sus representantes.<\/span><\/p>\n","protected":false},"excerpt":{"rendered":"<p>Gabriela Aranda\/\/ En\u00a0 rueda de prensa celebrada este d\u00eda, el Diputado Federal por Morena, Raymundo V\u00e1zquez Conchas, lanz\u00f3 cr\u00edticas hacia figuras y pr\u00e1cticas dentro de su propio partido. El legislador se refiri\u00f3 directamente a la estrategia pol\u00edtica de Alfonso S\u00e1nchez Garc\u00eda, cuestionando la exhibici\u00f3n p\u00fablica de respaldos en su posible aspiraci\u00f3n a la gubernatura de [&hellip;]<\/p>\n","protected":false},"author":3,"featured_media":58718,"comment_status":"open","ping_status":"open","sticky":false,"template":"","format":"standard","meta":{"footnotes":""},"categories":[3,7],"tags":[],"class_list":["post-58717","post","type-post","status-publish","format-standard","has-post-thumbnail","hentry","category-8-columnas","category-ciudadanos"],"amp_enabled":true,"_links":{"self":[{"href":"https:\/\/labestiapolitica.com.mx\/index.php?rest_route=\/wp\/v2\/posts\/58717","targetHints":{"allow":["GET"]}}],"collection":[{"href":"https:\/\/labestiapolitica.com.mx\/index.php?rest_route=\/wp\/v2\/posts"}],"about":[{"href":"https:\/\/labestiapolitica.com.mx\/index.php?rest_route=\/wp\/v2\/types\/post"}],"author":[{"embeddable":true,"href":"https:\/\/labestiapolitica.com.mx\/index.php?rest_route=\/wp\/v2\/users\/3"}],"replies":[{"embeddable":true,"href":"https:\/\/labestiapolitica.com.mx\/index.php?rest_route=%2Fwp%2Fv2%2Fcomments&post=58717"}],"version-history":[{"count":3,"href":"https:\/\/labestiapolitica.com.mx\/index.php?rest_route=\/wp\/v2\/posts\/58717\/revisions"}],"predecessor-version":[{"id":58782,"href":"https:\/\/labestiapolitica.com.mx\/index.php?rest_route=\/wp\/v2\/posts\/58717\/revisions\/58782"}],"wp:featuredmedia":[{"embeddable":true,"href":"https:\/\/labestiapolitica.com.mx\/index.php?rest_route=\/wp\/v2\/media\/58718"}],"wp:attachment":[{"href":"https:\/\/labestiapolitica.com.mx\/index.php?rest_route=%2Fwp%2Fv2%2Fmedia&parent=58717"}],"wp:term":[{"taxonomy":"category","embeddable":true,"href":"https:\/\/labestiapolitica.com.mx\/index.php?rest_route=%2Fwp%2Fv2%2Fcategories&post=58717"},{"taxonomy":"post_tag","embeddable":true,"href":"https:\/\/labestiapolitica.com.mx\/index.php?rest_route=%2Fwp%2Fv2%2Ftags&post=58717"}],"curies":[{"name":"wp","href":"https:\/\/api.w.org\/{rel}","templated":true}]}}