{"id":58720,"date":"2026-01-19T12:09:09","date_gmt":"2026-01-19T18:09:09","guid":{"rendered":"https:\/\/labestiapolitica.com.mx\/?p=58720"},"modified":"2026-01-20T08:38:53","modified_gmt":"2026-01-20T14:38:53","slug":"arranca-capital-programa-menos-escritorio-y-mas-territorio","status":"publish","type":"post","link":"https:\/\/labestiapolitica.com.mx\/?p=58720","title":{"rendered":"Arranca  capital programa \u201cMenos Escritorio y M\u00e1s Territorio\u201d"},"content":{"rendered":"<blockquote>\n<p class=\"p1\" style=\"text-align: justify;\">El alcalde Alfonso S\u00e1nchez Garc\u00eda encabeza banderazo de inicio de una estrategia de gobierno cercano que recorrer\u00e1 colonias y comunidades para atender necesidades directas.<\/p>\n<\/blockquote>\n<p class=\"p1\" style=\"text-align: justify;\"><span class=\"s1\">Mariana LOVERA\/\/ Con el objetivo de fortalecer la cercan\u00eda con la ciudadan\u00eda y atender las demandas populares de manera directa, el presidente municipal de Tlaxcala capital, Alfonso S\u00e1nchez Garc\u00eda, puso en marcha este lunes la estrategia \u201cMenos Escritorio y M\u00e1s Territorio\u201d, que movilizar\u00e1 a todo el personal directivo y de confianza del ayuntamiento hacia las calles, comunidades y delegaciones.<\/span><\/p>\n<p class=\"p1\" style=\"text-align: justify;\"><span class=\"s1\">Durante el banderazo de inicio, realizado en la explanada municipal, el alcalde destac\u00f3 que esta actividad refleja el estilo de su administraci\u00f3n: un gobierno cercano, honesto y enfocado en resultados. \u201cGobernar significa caminar, escuchar y conocer de primera mano las necesidades reales de la gente. Eso es lo que hoy seguimos consolidando\u201d, afirm\u00f3.<\/span><\/p>\n<p class=\"p1\" style=\"text-align: justify;\"><span class=\"s1\">El programa consiste en un recorrido calle por calle en las 11 comunidades y 7 delegaciones del municipio para levantar un censo de necesidades. Las problem\u00e1ticas que puedan resolverse de inmediato \u2014como bacheo, balizado, poda, limpieza y reparaci\u00f3n de alumbrado p\u00fablico\u2014 ser\u00e1n atendidas sobre la marcha. Aquellas que requieran mayor inversi\u00f3n o tiempo, como reencarpetamientos u obras de drenaje, ser\u00e1n programadas y presupuestadas posteriormente.<\/span><\/p>\n<p><img loading=\"lazy\" decoding=\"async\" class=\"alignnone size-full wp-image-58722\" src=\"https:\/\/labestiapolitica.com.mx\/wp-content\/uploads\/2026\/01\/38e5d27f-48e9-4cd0-abd7-09d808c22a55.jpeg\" alt=\"\" width=\"1600\" height=\"1066\" srcset=\"https:\/\/labestiapolitica.com.mx\/wp-content\/uploads\/2026\/01\/38e5d27f-48e9-4cd0-abd7-09d808c22a55.jpeg 1600w, https:\/\/labestiapolitica.com.mx\/wp-content\/uploads\/2026\/01\/38e5d27f-48e9-4cd0-abd7-09d808c22a55-300x200.jpeg 300w, https:\/\/labestiapolitica.com.mx\/wp-content\/uploads\/2026\/01\/38e5d27f-48e9-4cd0-abd7-09d808c22a55-1024x682.jpeg 1024w, https:\/\/labestiapolitica.com.mx\/wp-content\/uploads\/2026\/01\/38e5d27f-48e9-4cd0-abd7-09d808c22a55-768x512.jpeg 768w, https:\/\/labestiapolitica.com.mx\/wp-content\/uploads\/2026\/01\/38e5d27f-48e9-4cd0-abd7-09d808c22a55-1536x1023.jpeg 1536w\" sizes=\"auto, (max-width: 1600px) 100vw, 1600px\" \/><\/p>\n<p class=\"p1\" style=\"text-align: justify;\"><span class=\"s1\">En entrevista posterior con medios de comunicaci\u00f3n, el alcalde detall\u00f3 que participar\u00e1 \u201cpr\u00e1cticamente todo el ayuntamiento\u201d de manera alternada, sin descuidar las labores diarias. Para las intervenciones inmediatas, se cuenta inicialmente con 100 toneladas de mezcla asf\u00e1ltica en fr\u00edo para bacheo, cantidad que podr\u00e1 incrementarse seg\u00fan lo que arroje el censo.<\/span><\/p>\n<p class=\"p1\" style=\"text-align: justify;\"><span class=\"s1\">Respecto al alumbrado p\u00fablico, a pesar de la sustituci\u00f3n de 12 mil luminarias en la administraci\u00f3n anterior, S\u00e1nchez Garc\u00eda se\u00f1al\u00f3 que se requiere mantenimiento constante, con una capacidad de reparaci\u00f3n de entre 40 y 60 l\u00e1mparas diarias. Estim\u00f3 que hay alrededor de 400 reportes pendientes.<\/span><\/p>\n<p class=\"p1\" style=\"text-align: justify;\"><span class=\"s1\">Uno de los temas abordados fue la situaci\u00f3n de los parqu\u00edmetros en el centro hist\u00f3rico. El presidente municipal revel\u00f3 que la recaudaci\u00f3n anual ronda los 400 mil pesos, pero los costos de reparaci\u00f3n por vandalismo \u2014pantallas rotas o cajones forzados\u2014 consumen gran parte de esos ingresos. Explic\u00f3 que de los 350 cajones existentes, unos 270 operan con convenios que permiten a comerciantes pagar solo una hora y usar el espacio todo el d\u00eda.<\/span><\/p>\n<p class=\"p1\" style=\"text-align: justify;\"><span class=\"s1\">\u201cEstamos evaluando si los mantenemos, los retiramos o ampliamos las zonas ajustando los convenios\u201d, dijo. Agreg\u00f3 que se mantienen pl\u00e1ticas con empresas privadas para modernizar el sistema mediante aplicaciones digitales y puntos de pago en comercios, lo que adem\u00e1s transparentar\u00eda la recaudaci\u00f3n.<\/span><\/p>\n<p class=\"p1\" style=\"text-align: justify;\"><span class=\"s1\">Sobre seguridad, el edil reconoci\u00f3 la complejidad para prevenir delitos como el robo de autopartes, debido a la t\u00e1ctica de \u201cfactor sorpresa\u201d de los delincuentes. Anunci\u00f3 que se reforzar\u00e1 la vigilancia con motocicletas en el centro y la reubicaci\u00f3n de patrullas hacia las comunidades.<\/span><\/p>\n<p class=\"p1\" style=\"text-align: justify;\"><span class=\"s1\">En materia de salud, y ante preguntas sobre medidas preventivas ante el sarampi\u00f3n, indic\u00f3 que trabajan de manera coordinada con el gobierno estatal, el cual envi\u00f3 a brigadas desde el pasado s\u00e1bado. Respecto al uso de cubrebocas en escuelas, aclar\u00f3 que por ahora es voluntario, a la espera de indicaciones oficiales de la Secretar\u00eda de Salud.<\/span><\/p>\n<p class=\"p1\" style=\"text-align: justify;\"><span class=\"s1\">Al ser cuestionado sobre las encuestas que lo ubican como uno de los precandidatos m\u00e1s mencionados para la gubernatura en 2027, Alfonso S\u00e1nchez Garc\u00eda se mostr\u00f3 respetuoso de los tiempos electorales.<\/span><\/p>\n<p class=\"p1\" style=\"text-align: justify;\"><span class=\"s1\">\u201cEl periodo electoral empieza en septiembre, no creo que se vayan a adelantar los tiempos porque el partido es respetuoso de ellos\u201d, coment\u00f3. Sin embargo, reconoci\u00f3 que los sondeos son \u201cun reflejo del trabajo que se ha estado haciendo en la capital\u201d, el cual, consider\u00f3, \u201cha permeado al resto del estado\u201d.<\/span><\/p>\n<p class=\"p1\"><span class=\"s1\">\u201cCaballo que alcanza gana\u201d finaliz\u00f3. <\/span><\/p>\n","protected":false},"excerpt":{"rendered":"<p>El alcalde Alfonso S\u00e1nchez Garc\u00eda encabeza banderazo de inicio de una estrategia de gobierno cercano que recorrer\u00e1 colonias y comunidades para atender necesidades directas. Mariana LOVERA\/\/ Con el objetivo de fortalecer la cercan\u00eda con la ciudadan\u00eda y atender las demandas populares de manera directa, el presidente municipal de Tlaxcala capital, Alfonso S\u00e1nchez Garc\u00eda, puso en [&hellip;]<\/p>\n","protected":false},"author":6,"featured_media":58721,"comment_status":"open","ping_status":"open","sticky":false,"template":"","format":"standard","meta":{"footnotes":""},"categories":[3,216,214],"tags":[],"class_list":["post-58720","post","type-post","status-publish","format-standard","has-post-thumbnail","hentry","category-8-columnas","category-municipios","category-tlaxcala-capital"],"amp_enabled":true,"_links":{"self":[{"href":"https:\/\/labestiapolitica.com.mx\/index.php?rest_route=\/wp\/v2\/posts\/58720","targetHints":{"allow":["GET"]}}],"collection":[{"href":"https:\/\/labestiapolitica.com.mx\/index.php?rest_route=\/wp\/v2\/posts"}],"about":[{"href":"https:\/\/labestiapolitica.com.mx\/index.php?rest_route=\/wp\/v2\/types\/post"}],"author":[{"embeddable":true,"href":"https:\/\/labestiapolitica.com.mx\/index.php?rest_route=\/wp\/v2\/users\/6"}],"replies":[{"embeddable":true,"href":"https:\/\/labestiapolitica.com.mx\/index.php?rest_route=%2Fwp%2Fv2%2Fcomments&post=58720"}],"version-history":[{"count":2,"href":"https:\/\/labestiapolitica.com.mx\/index.php?rest_route=\/wp\/v2\/posts\/58720\/revisions"}],"predecessor-version":[{"id":58811,"href":"https:\/\/labestiapolitica.com.mx\/index.php?rest_route=\/wp\/v2\/posts\/58720\/revisions\/58811"}],"wp:featuredmedia":[{"embeddable":true,"href":"https:\/\/labestiapolitica.com.mx\/index.php?rest_route=\/wp\/v2\/media\/58721"}],"wp:attachment":[{"href":"https:\/\/labestiapolitica.com.mx\/index.php?rest_route=%2Fwp%2Fv2%2Fmedia&parent=58720"}],"wp:term":[{"taxonomy":"category","embeddable":true,"href":"https:\/\/labestiapolitica.com.mx\/index.php?rest_route=%2Fwp%2Fv2%2Fcategories&post=58720"},{"taxonomy":"post_tag","embeddable":true,"href":"https:\/\/labestiapolitica.com.mx\/index.php?rest_route=%2Fwp%2Fv2%2Ftags&post=58720"}],"curies":[{"name":"wp","href":"https:\/\/api.w.org\/{rel}","templated":true}]}}