{"id":58733,"date":"2026-01-19T13:41:57","date_gmt":"2026-01-19T19:41:57","guid":{"rendered":"https:\/\/labestiapolitica.com.mx\/?p=58733"},"modified":"2026-01-19T13:43:57","modified_gmt":"2026-01-19T19:43:57","slug":"refuerzan-vigilancia-sanitaria-por-brote-de-sarampion-en-tlaxcala-70-personas-bajo-observacion","status":"publish","type":"post","link":"https:\/\/labestiapolitica.com.mx\/?p=58733","title":{"rendered":"Refuerzan vigilancia sanitaria por brote de sarampi\u00f3n en Tlaxcala; 70 personas bajo observaci\u00f3n"},"content":{"rendered":"<blockquote>\n<p style=\"text-align: justify;\">La Secretar\u00eda de Salud activ\u00f3 protocolos de contenci\u00f3n y despleg\u00f3 vacunaci\u00f3n masiva en Apizaco, Huamantla, Calpulalpan y Nativitas<\/p>\n<\/blockquote>\n<p style=\"text-align: justify;\">Mariana LOVERA\/\/ La Secretar\u00eda de Salud de Tlaxcala (SESA) mantiene bajo vigilancia epidemiol\u00f3gica a 70 personas identificadas como contactos directos, tras confirmarse casos de sarampi\u00f3n en la entidad.<\/p>\n<p style=\"text-align: justify;\">La alerta fue dada a conocer el pasado viernes por el Consejo Estatal de Salud, encabezado por la gobernadora Lorena Cu\u00e9llar Cisneros, luego de confirmarse el primer caso en un hombre de 31 a\u00f1os, originario de la comunidad de San Bartolom\u00e9 Matlalohcan, en el municipio de Tetla de la Solidaridad. Posteriormente, el Instituto de Diagn\u00f3stico y Referencia Epidemiol\u00f3gicos (InDRE) confirm\u00f3 el contagio de una menor de seis a\u00f1os.<\/p>\n<p style=\"text-align: justify;\">El secretario de Salud estatal, Rigoberto Zamudio Meneses, inform\u00f3 que desde el momento en que se tuvo conocimiento del caso se activaron los protocolos de contenci\u00f3n, incluyendo el rastreo de contactos, la vigilancia epidemiol\u00f3gica y el fortalecimiento de la estrategia de vacunaci\u00f3n en distintas regiones del estado.<\/p>\n<p style=\"text-align: justify;\">Detall\u00f3 que la entidad cuenta con abasto suficiente de vacunas para proteger a ni\u00f1as, ni\u00f1os y adolescentes, mientras que en personas adultas mayores tambi\u00e9n se est\u00e1n aplicando dosis contra neumococo, Covid-19 e influenza estacional, con el objetivo de alcanzar una cobertura m\u00ednima del 95 por ciento y reducir riesgos de transmisi\u00f3n comunitaria.<\/p>\n<p style=\"text-align: justify;\">Como parte de las medidas preventivas acordadas por el Consejo Estatal de Salud, se estableci\u00f3 el uso de cubrebocas en espacios cerrados, escuelas y transporte p\u00fablico, adem\u00e1s de la suspensi\u00f3n temporal de eventos masivos y actividades escolares que impliquen concentraciones de personas.<\/p>\n<p style=\"text-align: justify;\">La SESA reiter\u00f3 el llamado a la poblaci\u00f3n a reforzar la vigilancia sanitaria y acudir a los m\u00f3dulos de vacunaci\u00f3n para la aplicaci\u00f3n de la vacuna triple viral (SRP) contra sarampi\u00f3n, rub\u00e9ola y parotiditis, especialmente en infantes de seis a 11 meses mediante bloqueos vacunales, as\u00ed como cumplir con el esquema regular que contempla dosis al a\u00f1o de edad, a los 18 meses y a los seis a\u00f1os.<\/p>\n","protected":false},"excerpt":{"rendered":"<p>La Secretar\u00eda de Salud activ\u00f3 protocolos de contenci\u00f3n y despleg\u00f3 vacunaci\u00f3n masiva en Apizaco, Huamantla, Calpulalpan y Nativitas Mariana LOVERA\/\/ La Secretar\u00eda de Salud de Tlaxcala (SESA) mantiene bajo vigilancia epidemiol\u00f3gica a 70 personas identificadas como contactos directos, tras confirmarse casos de sarampi\u00f3n en la entidad. La alerta fue dada a conocer el pasado viernes [&hellip;]<\/p>\n","protected":false},"author":6,"featured_media":58734,"comment_status":"open","ping_status":"open","sticky":false,"template":"","format":"standard","meta":{"footnotes":""},"categories":[3,7],"tags":[],"class_list":["post-58733","post","type-post","status-publish","format-standard","has-post-thumbnail","hentry","category-8-columnas","category-ciudadanos"],"amp_enabled":true,"_links":{"self":[{"href":"https:\/\/labestiapolitica.com.mx\/index.php?rest_route=\/wp\/v2\/posts\/58733","targetHints":{"allow":["GET"]}}],"collection":[{"href":"https:\/\/labestiapolitica.com.mx\/index.php?rest_route=\/wp\/v2\/posts"}],"about":[{"href":"https:\/\/labestiapolitica.com.mx\/index.php?rest_route=\/wp\/v2\/types\/post"}],"author":[{"embeddable":true,"href":"https:\/\/labestiapolitica.com.mx\/index.php?rest_route=\/wp\/v2\/users\/6"}],"replies":[{"embeddable":true,"href":"https:\/\/labestiapolitica.com.mx\/index.php?rest_route=%2Fwp%2Fv2%2Fcomments&post=58733"}],"version-history":[{"count":1,"href":"https:\/\/labestiapolitica.com.mx\/index.php?rest_route=\/wp\/v2\/posts\/58733\/revisions"}],"predecessor-version":[{"id":58735,"href":"https:\/\/labestiapolitica.com.mx\/index.php?rest_route=\/wp\/v2\/posts\/58733\/revisions\/58735"}],"wp:featuredmedia":[{"embeddable":true,"href":"https:\/\/labestiapolitica.com.mx\/index.php?rest_route=\/wp\/v2\/media\/58734"}],"wp:attachment":[{"href":"https:\/\/labestiapolitica.com.mx\/index.php?rest_route=%2Fwp%2Fv2%2Fmedia&parent=58733"}],"wp:term":[{"taxonomy":"category","embeddable":true,"href":"https:\/\/labestiapolitica.com.mx\/index.php?rest_route=%2Fwp%2Fv2%2Fcategories&post=58733"},{"taxonomy":"post_tag","embeddable":true,"href":"https:\/\/labestiapolitica.com.mx\/index.php?rest_route=%2Fwp%2Fv2%2Ftags&post=58733"}],"curies":[{"name":"wp","href":"https:\/\/api.w.org\/{rel}","templated":true}]}}