{"id":58736,"date":"2026-01-19T13:46:04","date_gmt":"2026-01-19T19:46:04","guid":{"rendered":"https:\/\/labestiapolitica.com.mx\/?p=58736"},"modified":"2026-01-19T13:46:04","modified_gmt":"2026-01-19T19:46:04","slug":"entrega-javier-rivera-seis-unidades-nuevas-para-fortalecer-la-seguridad-y-operatividad-de-apizaco","status":"publish","type":"post","link":"https:\/\/labestiapolitica.com.mx\/?p=58736","title":{"rendered":"Entrega Javier Rivera Seis Unidades Nuevas Para Fortalecer La Seguridad Y Operatividad De Apizaco"},"content":{"rendered":"<ul>\n<li style=\"text-align: justify;\">Con una inversi\u00f3n cercana a los 3 millones de pesos, las unidades permitir\u00e1n mejorar la capacidad de respuesta en materia de seguridad p\u00fablica y optimizar el trabajo diario de las \u00e1reas del Ayuntamiento.<\/li>\n<\/ul>\n<p style=\"text-align: justify;\">Con el objetivo de fortalecer la seguridad p\u00fablica y mejorar la operatividad del Ayuntamiento, el presidente municipal de Apizaco, Javier Rivera Bonilla, encabez\u00f3 la entrega de seis nuevas unidades vehiculares: tres destinadas a tareas de seguridad y tres m\u00e1s asignadas a distintas \u00e1reas administrativas, como parte de una estrategia integral de optimizaci\u00f3n de recursos y fortalecimiento institucional en beneficio de la ciudadan\u00eda.<\/p>\n<p style=\"text-align: justify;\">Durante el acto, el alcalde destac\u00f3 que esta entrega refleja la convicci\u00f3n firme de su gobierno de servir con responsabilidad y honestidad, colocando siempre en el centro el bienestar de las y los apizaquenses.<\/p>\n<p style=\"text-align: justify;\">La adquisici\u00f3n de las seis unidades representa una inversi\u00f3n de 2 millones 972 mil 400 pesos, provenientes de recursos propios y federales, ejercidos de manera responsable para fortalecer la capacidad operativa del municipio.<\/p>\n<p style=\"text-align: justify;\">En el caso de las unidades destinadas a seguridad p\u00fablica, su incorporaci\u00f3n permitir\u00e1 mejorar la presencia institucional en las calles, fortalecer la capacidad de respuesta ante emergencias y reforzar las labores de prevenci\u00f3n del delito.<\/p>\n<p style=\"text-align: justify;\">Acompa\u00f1ado de los integrantes del Cabildo, Javier Rivera Bonilla se\u00f1al\u00f3 que cada unidad que se suma a las labores de seguridad env\u00eda un mensaje claro: \u201cEn Apizaco existe cero tolerancia a la delincuencia, y este objetivo se construye con trabajo permanente, coordinaci\u00f3n entre los distintos \u00f3rdenes de gobierno, apego a la ley y respeto a los derechos humanos\u201d asever\u00f3.<\/p>\n<p style=\"text-align: justify;\">Asimismo, las tres unidades asignadas a diversas \u00e1reas del Ayuntamiento permitir\u00e1n mejorar la operaci\u00f3n diaria, fortalecer los servicios p\u00fablicos y agilizar la atenci\u00f3n a la ciudadan\u00eda.<\/p>\n<p style=\"text-align: justify;\">Finalmente, Javier Rivera Bonilla reconoci\u00f3 que fortalecer la seguridad y la operatividad municipal es un reto permanente, pero afirm\u00f3 que su administraci\u00f3n lo asume con responsabilidad y determinaci\u00f3n, sin escatimar recursos cuando se trata de proteger a las familias de Apizaco y consolidar un mejor futuro para todas y todos.<\/p>\n","protected":false},"excerpt":{"rendered":"<p>Con una inversi\u00f3n cercana a los 3 millones de pesos, las unidades permitir\u00e1n mejorar la capacidad de respuesta en materia de seguridad p\u00fablica y optimizar el trabajo diario de las \u00e1reas del Ayuntamiento. Con el objetivo de fortalecer la seguridad p\u00fablica y mejorar la operatividad del Ayuntamiento, el presidente municipal de Apizaco, Javier Rivera Bonilla, [&hellip;]<\/p>\n","protected":false},"author":3,"featured_media":58737,"comment_status":"open","ping_status":"open","sticky":false,"template":"","format":"standard","meta":{"footnotes":""},"categories":[226,216],"tags":[],"class_list":["post-58736","post","type-post","status-publish","format-standard","has-post-thumbnail","hentry","category-apizaco","category-municipios"],"amp_enabled":true,"_links":{"self":[{"href":"https:\/\/labestiapolitica.com.mx\/index.php?rest_route=\/wp\/v2\/posts\/58736","targetHints":{"allow":["GET"]}}],"collection":[{"href":"https:\/\/labestiapolitica.com.mx\/index.php?rest_route=\/wp\/v2\/posts"}],"about":[{"href":"https:\/\/labestiapolitica.com.mx\/index.php?rest_route=\/wp\/v2\/types\/post"}],"author":[{"embeddable":true,"href":"https:\/\/labestiapolitica.com.mx\/index.php?rest_route=\/wp\/v2\/users\/3"}],"replies":[{"embeddable":true,"href":"https:\/\/labestiapolitica.com.mx\/index.php?rest_route=%2Fwp%2Fv2%2Fcomments&post=58736"}],"version-history":[{"count":1,"href":"https:\/\/labestiapolitica.com.mx\/index.php?rest_route=\/wp\/v2\/posts\/58736\/revisions"}],"predecessor-version":[{"id":58738,"href":"https:\/\/labestiapolitica.com.mx\/index.php?rest_route=\/wp\/v2\/posts\/58736\/revisions\/58738"}],"wp:featuredmedia":[{"embeddable":true,"href":"https:\/\/labestiapolitica.com.mx\/index.php?rest_route=\/wp\/v2\/media\/58737"}],"wp:attachment":[{"href":"https:\/\/labestiapolitica.com.mx\/index.php?rest_route=%2Fwp%2Fv2%2Fmedia&parent=58736"}],"wp:term":[{"taxonomy":"category","embeddable":true,"href":"https:\/\/labestiapolitica.com.mx\/index.php?rest_route=%2Fwp%2Fv2%2Fcategories&post=58736"},{"taxonomy":"post_tag","embeddable":true,"href":"https:\/\/labestiapolitica.com.mx\/index.php?rest_route=%2Fwp%2Fv2%2Ftags&post=58736"}],"curies":[{"name":"wp","href":"https:\/\/api.w.org\/{rel}","templated":true}]}}