{"id":58739,"date":"2026-01-19T13:50:03","date_gmt":"2026-01-19T19:50:03","guid":{"rendered":"https:\/\/labestiapolitica.com.mx\/?p=58739"},"modified":"2026-01-19T13:50:03","modified_gmt":"2026-01-19T19:50:03","slug":"llama-gobierno-municipal-de-ixtenco-a-evitar-quemas-agricolas-durante-la-temporada-de-estiaje","status":"publish","type":"post","link":"https:\/\/labestiapolitica.com.mx\/?p=58739","title":{"rendered":"Llama Gobierno Municipal de Ixtenco a evitar quemas agr\u00edcolas durante la temporada de estiaje"},"content":{"rendered":"<p style=\"text-align: justify;\">El Gobierno Municipal de Ixtenco, que encabeza Aline Lazo Caballero, a trav\u00e9s de la Coordinaci\u00f3n de Protecci\u00f3n Civil Municipal, refuerza el llamado a la poblaci\u00f3n a evitar las quemas agr\u00edcolas, ante los siniestros que ya se han registrado en el municipio durante la presente temporada de estiaje.<\/p>\n<p style=\"text-align: justify;\">El coordinador de Protecci\u00f3n Civil Municipal, C\u00e9sar Ord\u00f3\u00f1es Moreno, inform\u00f3 que en d\u00edas recientes se han atendido diversos incendios de pastizales originados por quemas no controladas, los cuales han tenido que ser sofocados por personal de Protecci\u00f3n Civil, en algunos casos con el apoyo de la Polic\u00eda Municipal, a fin de salvaguardar la integridad de la poblaci\u00f3n y evitar mayores afectaciones.<\/p>\n<p style=\"text-align: justify;\">Se\u00f1al\u00f3 que las quemas agr\u00edcolas sin autorizaci\u00f3n representan un riesgo elevado, ya que pueden salirse de control r\u00e1pidamente debido a las condiciones de sequedad del terreno y el viento, generando da\u00f1os a viviendas, cultivos y al entorno natural, adem\u00e1s de poner en riesgo al personal que atiende las emergencias.<\/p>\n<p style=\"text-align: justify;\">La presidenta municipal Aline Lazo Caballero reiter\u00f3 el llamado a la ciudadan\u00eda a actuar con responsabilidad y a suspender este tipo de pr\u00e1cticas durante la temporada de estiaje, destacando que la prevenci\u00f3n es fundamental para evitar incidentes mayores.<\/p>\n<p style=\"text-align: justify;\">El Gobierno Municipal de Ixtenco record\u00f3 que, ante cualquier conato de incendio o emergencia, se debe llamar de inmediato al 911 o a la l\u00ednea directa de la Comandancia Municipal 247 108 16 62, reafirmando su compromiso con la seguridad y el bienestar del municipio.<\/p>\n","protected":false},"excerpt":{"rendered":"<p>El Gobierno Municipal de Ixtenco, que encabeza Aline Lazo Caballero, a trav\u00e9s de la Coordinaci\u00f3n de Protecci\u00f3n Civil Municipal, refuerza el llamado a la poblaci\u00f3n a evitar las quemas agr\u00edcolas, ante los siniestros que ya se han registrado en el municipio durante la presente temporada de estiaje. El coordinador de Protecci\u00f3n Civil Municipal, C\u00e9sar Ord\u00f3\u00f1es [&hellip;]<\/p>\n","protected":false},"author":3,"featured_media":58741,"comment_status":"open","ping_status":"open","sticky":false,"template":"","format":"standard","meta":{"footnotes":""},"categories":[257,216],"tags":[],"class_list":["post-58739","post","type-post","status-publish","format-standard","has-post-thumbnail","hentry","category-ixtenco","category-municipios"],"amp_enabled":true,"_links":{"self":[{"href":"https:\/\/labestiapolitica.com.mx\/index.php?rest_route=\/wp\/v2\/posts\/58739","targetHints":{"allow":["GET"]}}],"collection":[{"href":"https:\/\/labestiapolitica.com.mx\/index.php?rest_route=\/wp\/v2\/posts"}],"about":[{"href":"https:\/\/labestiapolitica.com.mx\/index.php?rest_route=\/wp\/v2\/types\/post"}],"author":[{"embeddable":true,"href":"https:\/\/labestiapolitica.com.mx\/index.php?rest_route=\/wp\/v2\/users\/3"}],"replies":[{"embeddable":true,"href":"https:\/\/labestiapolitica.com.mx\/index.php?rest_route=%2Fwp%2Fv2%2Fcomments&post=58739"}],"version-history":[{"count":1,"href":"https:\/\/labestiapolitica.com.mx\/index.php?rest_route=\/wp\/v2\/posts\/58739\/revisions"}],"predecessor-version":[{"id":58742,"href":"https:\/\/labestiapolitica.com.mx\/index.php?rest_route=\/wp\/v2\/posts\/58739\/revisions\/58742"}],"wp:featuredmedia":[{"embeddable":true,"href":"https:\/\/labestiapolitica.com.mx\/index.php?rest_route=\/wp\/v2\/media\/58741"}],"wp:attachment":[{"href":"https:\/\/labestiapolitica.com.mx\/index.php?rest_route=%2Fwp%2Fv2%2Fmedia&parent=58739"}],"wp:term":[{"taxonomy":"category","embeddable":true,"href":"https:\/\/labestiapolitica.com.mx\/index.php?rest_route=%2Fwp%2Fv2%2Fcategories&post=58739"},{"taxonomy":"post_tag","embeddable":true,"href":"https:\/\/labestiapolitica.com.mx\/index.php?rest_route=%2Fwp%2Fv2%2Ftags&post=58739"}],"curies":[{"name":"wp","href":"https:\/\/api.w.org\/{rel}","templated":true}]}}