{"id":58743,"date":"2026-01-19T13:54:28","date_gmt":"2026-01-19T19:54:28","guid":{"rendered":"https:\/\/labestiapolitica.com.mx\/?p=58743"},"modified":"2026-01-19T13:54:28","modified_gmt":"2026-01-19T19:54:28","slug":"asume-didier-fabian-lopez-sanchez-la-direccion-de-mejora-regulatoria-y-archivo-en-huamantla","status":"publish","type":"post","link":"https:\/\/labestiapolitica.com.mx\/?p=58743","title":{"rendered":"Asume Didier Fabi\u00e1n L\u00f3pez S\u00e1nchez La Direcci\u00f3n De Mejora Regulatoria Y Archivo En Huamantla"},"content":{"rendered":"<ul>\n<li style=\"text-align: justify;\">La nueva encomienda tiene como objetivo fortalecer la atenci\u00f3n a la ciudadan\u00eda mediante procesos m\u00e1s eficientes, ordenados y transparentes<\/li>\n<\/ul>\n<p style=\"text-align: justify;\">Con el compromiso de fortalecer la atenci\u00f3n a la ciudadan\u00eda y avanzar hacia una administraci\u00f3n p\u00fablica m\u00e1s eficiente, el Presidente Municipal de Huamantla, Salvador Santos Cedillo, design\u00f3 a Didier Fabi\u00e1n L\u00f3pez S\u00e1nchez como titular de la Direcci\u00f3n de Mejora Regulatoria y Archivo.<\/p>\n<p style=\"text-align: justify;\">Esta \u00e1rea es clave para el buen funcionamiento del gobierno municipal, ya que se encarga de simplificar tr\u00e1mites y servicios, reducir cargas administrativas, ordenar y resguardar la informaci\u00f3n institucional, as\u00ed como garantizar procesos claros, accesibles y orientados a las necesidades de la poblaci\u00f3n, con el fin de brindar una atenci\u00f3n m\u00e1s \u00e1gil y transparente.<\/p>\n<p style=\"text-align: justify;\">Didier Fabi\u00e1n L\u00f3pez S\u00e1nchez es Licenciado en Ciencias Pol\u00edticas y Administraci\u00f3n P\u00fablica por la Universidad Aut\u00f3noma de Tlaxcala y cuenta con estudios de Maestr\u00eda en Gobierno, Gesti\u00f3n y Democracia por El Colegio de Tlaxcala A.C.<\/p>\n<p style=\"text-align: justify;\">En su trayectoria profesional destaca su labor como Comisionado Titular en el Instituto de Acceso a la Informaci\u00f3n P\u00fablica y Protecci\u00f3n de Datos Personales del Estado de Tlaxcala, donde particip\u00f3 en la garant\u00eda y difusi\u00f3n del derecho de acceso a la informaci\u00f3n. Asimismo, ha ocupado cargos en la Secretar\u00eda de Gobierno y en la C\u00e1mara de Diputados como asesor legislativo, lo que le ha permitido adquirir experiencia en el \u00e1mbito administrativo y de gesti\u00f3n p\u00fablica.<\/p>\n<p style=\"text-align: justify;\">Al asumir esta responsabilidad, L\u00f3pez S\u00e1nchez trabajar\u00e1 para ordenar los archivos municipales, optimizar procesos internos y consolidar una administraci\u00f3n moderna que facilite los tr\u00e1mites y fortalezca la legalidad.<\/p>\n<p style=\"text-align: justify;\">Salvador Santos reiter\u00f3 que su administraci\u00f3n apuesta por perfiles profesionales y con experiencia para fortalecer la confianza ciudadana y mejorar los servicios p\u00fablicos en Huamantla.<\/p>\n","protected":false},"excerpt":{"rendered":"<p>La nueva encomienda tiene como objetivo fortalecer la atenci\u00f3n a la ciudadan\u00eda mediante procesos m\u00e1s eficientes, ordenados y transparentes Con el compromiso de fortalecer la atenci\u00f3n a la ciudadan\u00eda y avanzar hacia una administraci\u00f3n p\u00fablica m\u00e1s eficiente, el Presidente Municipal de Huamantla, Salvador Santos Cedillo, design\u00f3 a Didier Fabi\u00e1n L\u00f3pez S\u00e1nchez como titular de la [&hellip;]<\/p>\n","protected":false},"author":3,"featured_media":58744,"comment_status":"open","ping_status":"open","sticky":false,"template":"","format":"standard","meta":{"footnotes":""},"categories":[220,216],"tags":[],"class_list":["post-58743","post","type-post","status-publish","format-standard","has-post-thumbnail","hentry","category-huamantla","category-municipios"],"amp_enabled":true,"_links":{"self":[{"href":"https:\/\/labestiapolitica.com.mx\/index.php?rest_route=\/wp\/v2\/posts\/58743","targetHints":{"allow":["GET"]}}],"collection":[{"href":"https:\/\/labestiapolitica.com.mx\/index.php?rest_route=\/wp\/v2\/posts"}],"about":[{"href":"https:\/\/labestiapolitica.com.mx\/index.php?rest_route=\/wp\/v2\/types\/post"}],"author":[{"embeddable":true,"href":"https:\/\/labestiapolitica.com.mx\/index.php?rest_route=\/wp\/v2\/users\/3"}],"replies":[{"embeddable":true,"href":"https:\/\/labestiapolitica.com.mx\/index.php?rest_route=%2Fwp%2Fv2%2Fcomments&post=58743"}],"version-history":[{"count":1,"href":"https:\/\/labestiapolitica.com.mx\/index.php?rest_route=\/wp\/v2\/posts\/58743\/revisions"}],"predecessor-version":[{"id":58745,"href":"https:\/\/labestiapolitica.com.mx\/index.php?rest_route=\/wp\/v2\/posts\/58743\/revisions\/58745"}],"wp:featuredmedia":[{"embeddable":true,"href":"https:\/\/labestiapolitica.com.mx\/index.php?rest_route=\/wp\/v2\/media\/58744"}],"wp:attachment":[{"href":"https:\/\/labestiapolitica.com.mx\/index.php?rest_route=%2Fwp%2Fv2%2Fmedia&parent=58743"}],"wp:term":[{"taxonomy":"category","embeddable":true,"href":"https:\/\/labestiapolitica.com.mx\/index.php?rest_route=%2Fwp%2Fv2%2Fcategories&post=58743"},{"taxonomy":"post_tag","embeddable":true,"href":"https:\/\/labestiapolitica.com.mx\/index.php?rest_route=%2Fwp%2Fv2%2Ftags&post=58743"}],"curies":[{"name":"wp","href":"https:\/\/api.w.org\/{rel}","templated":true}]}}