{"id":58751,"date":"2026-01-19T15:34:49","date_gmt":"2026-01-19T21:34:49","guid":{"rendered":"https:\/\/labestiapolitica.com.mx\/?p=58751"},"modified":"2026-01-19T15:34:49","modified_gmt":"2026-01-19T21:34:49","slug":"participa-gobernadora-lorena-cuellar-en-el-encuentro-hispano-mexicano-en-la-fitur","status":"publish","type":"post","link":"https:\/\/labestiapolitica.com.mx\/?p=58751","title":{"rendered":"Participa gobernadora Lorena Cu\u00e9llar en el Encuentro Hispano-Mexicano en la FITUR"},"content":{"rendered":"<ul>\n<li class=\"p1\" style=\"text-align: justify;\">El evento permiti\u00f3 intercambiar experiencias sobre las sinergias entre Espa\u00f1a y M\u00e9xico, que comparten lengua, cultura y una visi\u00f3n de futuro basada en la innovaci\u00f3n y el turismo de calidad_<\/li>\n<\/ul>\n<p class=\"p1\" style=\"text-align: justify;\"><span class=\"s1\">La gobernadora Lorena Cu\u00e9llar Cisneros particip\u00f3 en el I Encuentro Hispano-Mexicano, foro estrat\u00e9gico dedicado al fortalecimiento de los lazos hist\u00f3ricos, culturales y comerciales que unen a Espa\u00f1a y M\u00e9xico, el cual cont\u00f3 con la presencia de \u00c1ngela de Miguel, presidenta de la Confederaci\u00f3n Espa\u00f1ola de Organizaciones Empresariales de Peque\u00f1as y Medianas Empresas (CEPYME).<\/span><\/p>\n<p class=\"p1\" style=\"text-align: justify;\"><span class=\"s1\">La cita se desarroll\u00f3 en Bodega Matarromera y permiti\u00f3 intercambiar experiencias sobre las sinergias entre ambos pa\u00edses, que adem\u00e1s de lengua y cultura, comparten una visi\u00f3n de futuro basada en la innovaci\u00f3n y el turismo de calidad.<\/span><\/p>\n<p class=\"p1\" style=\"text-align: justify;\"><span class=\"s1\">Acompa\u00f1ada por el secretario de Turismo, Fabricio Mena Rodr\u00edguez, y la secretaria de Cultura, Karen Villeda, la mandataria estatal recorri\u00f3 las instalaciones de la bodega, s\u00edmbolo de la Ribera del Duero, y junto con una comitiva de destacados empresarios, conoci\u00f3 su historia y legado.<\/span><\/p>\n<p class=\"p1\" style=\"text-align: justify;\"><span class=\"s1\">Actualmente, Matarromera ejemplifica un modelo de turismo experiencial de alto valor a\u00f1adido, que combina vino, gastronom\u00eda, paisaje y patrimonio, por lo que atrae a visitantes nacionales e internacionales interesados en conocer de primera mano la excelencia vitivin\u00edcola de la regi\u00f3n. <\/span><\/p>\n<p class=\"p1\" style=\"text-align: justify;\"><span class=\"s1\">En este contexto, el enoturismo -turismo enfocado en la cultura del vino- se presenta como uno de los grandes motores de desarrollo econ\u00f3mico y cultural en el territorio de Valbuena de Duero, en Valladolid.<\/span><\/p>\n<p class=\"p1\" style=\"text-align: justify;\"><span class=\"s1\">En esta visita, se presentaron proyectos de eficiencia energ\u00e9tica y respeto al medio ambiente que integran la estrategia de la bodega que, con visi\u00f3n global, apuesta por la internacionalizaci\u00f3n, siendo M\u00e9xico uno de los destinos prioritarios debido a su creciente actividad en el sector enol\u00f3gico y su gran potencial en el \u00e1mbito del enoturismo.<\/span><\/p>\n<p class=\"p1\" style=\"text-align: justify;\"><span class=\"s1\">Carlos Moro, presidente de Bodegas Familiares Matarromera, manifest\u00f3 que \u00abeste encuentro reafirma que nuestras ra\u00edces hist\u00f3ricas con M\u00e9xico son la base para un futuro de colaboraci\u00f3n econ\u00f3mica sin precedentes, donde el vino y la sostenibilidad son nuestros mejores embajadores\u00bb. <\/span><\/p>\n<p class=\"p1\" style=\"text-align: justify;\"><span class=\"s1\">La asistencia de la gobernadora Lorena Cu\u00e9llar al I Encuentro Hispano-Mexicano coincidi\u00f3 con la participaci\u00f3n de Tlaxcala en la Feria Internacional de Turismo (FITUR) 2026, que tendr\u00e1 lugar del 21 al 25 de enero en Madrid, Espa\u00f1a, misma que forma parte de la estrategia de promoci\u00f3n tur\u00edstica, cultural y comercial del estado.<\/span><\/p>\n","protected":false},"excerpt":{"rendered":"<p>El evento permiti\u00f3 intercambiar experiencias sobre las sinergias entre Espa\u00f1a y M\u00e9xico, que comparten lengua, cultura y una visi\u00f3n de futuro basada en la innovaci\u00f3n y el turismo de calidad_ La gobernadora Lorena Cu\u00e9llar Cisneros particip\u00f3 en el I Encuentro Hispano-Mexicano, foro estrat\u00e9gico dedicado al fortalecimiento de los lazos hist\u00f3ricos, culturales y comerciales que unen [&hellip;]<\/p>\n","protected":false},"author":3,"featured_media":58752,"comment_status":"open","ping_status":"open","sticky":false,"template":"","format":"standard","meta":{"footnotes":""},"categories":[3,236],"tags":[],"class_list":["post-58751","post","type-post","status-publish","format-standard","has-post-thumbnail","hentry","category-8-columnas","category-gobierno-de-tlaxcala"],"amp_enabled":true,"_links":{"self":[{"href":"https:\/\/labestiapolitica.com.mx\/index.php?rest_route=\/wp\/v2\/posts\/58751","targetHints":{"allow":["GET"]}}],"collection":[{"href":"https:\/\/labestiapolitica.com.mx\/index.php?rest_route=\/wp\/v2\/posts"}],"about":[{"href":"https:\/\/labestiapolitica.com.mx\/index.php?rest_route=\/wp\/v2\/types\/post"}],"author":[{"embeddable":true,"href":"https:\/\/labestiapolitica.com.mx\/index.php?rest_route=\/wp\/v2\/users\/3"}],"replies":[{"embeddable":true,"href":"https:\/\/labestiapolitica.com.mx\/index.php?rest_route=%2Fwp%2Fv2%2Fcomments&post=58751"}],"version-history":[{"count":1,"href":"https:\/\/labestiapolitica.com.mx\/index.php?rest_route=\/wp\/v2\/posts\/58751\/revisions"}],"predecessor-version":[{"id":58753,"href":"https:\/\/labestiapolitica.com.mx\/index.php?rest_route=\/wp\/v2\/posts\/58751\/revisions\/58753"}],"wp:featuredmedia":[{"embeddable":true,"href":"https:\/\/labestiapolitica.com.mx\/index.php?rest_route=\/wp\/v2\/media\/58752"}],"wp:attachment":[{"href":"https:\/\/labestiapolitica.com.mx\/index.php?rest_route=%2Fwp%2Fv2%2Fmedia&parent=58751"}],"wp:term":[{"taxonomy":"category","embeddable":true,"href":"https:\/\/labestiapolitica.com.mx\/index.php?rest_route=%2Fwp%2Fv2%2Fcategories&post=58751"},{"taxonomy":"post_tag","embeddable":true,"href":"https:\/\/labestiapolitica.com.mx\/index.php?rest_route=%2Fwp%2Fv2%2Ftags&post=58751"}],"curies":[{"name":"wp","href":"https:\/\/api.w.org\/{rel}","templated":true}]}}