{"id":58757,"date":"2026-01-19T15:49:24","date_gmt":"2026-01-19T21:49:24","guid":{"rendered":"https:\/\/labestiapolitica.com.mx\/?p=58757"},"modified":"2026-01-19T15:49:24","modified_gmt":"2026-01-19T21:49:24","slug":"la-cedht-acude-como-observadora-en-el-caso-de-fallecimiento-de-alumna-de-la-normal-rural-de-panotla","status":"publish","type":"post","link":"https:\/\/labestiapolitica.com.mx\/?p=58757","title":{"rendered":"La CEDHT acude como observadora en el caso de fallecimiento de alumna de la Normal Rural de Panotla"},"content":{"rendered":"<blockquote>\n<p class=\"s7\" style=\"text-align: justify;\"><span class=\"s8\"><span class=\"bumpedFont15\">El acompa\u00f1amiento fue para verificar que las diligencias periciales se llevaran a cabo conforme a la legalidad<\/span><\/span><\/p>\n<\/blockquote>\n<p class=\"s7\" style=\"text-align: justify;\">Personal de la Comisi\u00f3n Estatal de Derechos Humanos de Tlaxcala (CEDHT) acudi\u00f3 a la Escuela Normal Rural \u201cBenito Ju\u00e1rez\u201d, ubicada en el municipio de Panotla, en calidad de observador, con el objetivo de dar seguimiento y observar las diligencias periciales realizadas por las autoridades competentes, con motivo del fallecimiento de una alumna de dicha instituci\u00f3n educativa.<\/p>\n<p class=\"s7\" style=\"text-align: justify;\"><span class=\"s9\"><span class=\"bumpedFont15\">La CEDHT, a trav\u00e9s de personal m\u00e9dico y de la Defensor\u00eda de Derechos Humanos I, particip\u00f3 en ejercicio de sus atribuciones constitucionales y legales, que la facultan para observar, investigar y vigilar el respeto a los derechos humanos del actuar en ejercicio de sus funciones de las autoridades estatales y municipales.<\/span><\/span><\/p>\n<p class=\"s7\" style=\"text-align: justify;\"><span class=\"s9\"><span class=\"bumpedFont15\">El acompa\u00f1amiento institucional tuvo como finalidad\u00a0verificar que las diligencias periciales se llevaran a cabo con apego a los principios de legalidad, debida diligencia, objetividad y respeto a la dignidad humana, as\u00ed como a los derechos de la persona fallecida, su familia y de su comunidad educativa.<\/span><\/span><\/p>\n<p class=\"s7\" style=\"text-align: justify;\"><span class=\"s9\"><span class=\"bumpedFont15\">La actuaci\u00f3n de la CEDHT se rige por los principios de\u00a0autonom\u00eda, imparcialidad, independencia y legalidad, por lo cual dar\u00e1 puntual seguimiento al caso dentro del \u00e1mbito de sus competencias, con pleno respeto a las investigaciones que correspondan a las autoridades ministeriales.<\/span><\/span><\/p>\n<p class=\"s7\" style=\"text-align: justify;\"><span class=\"s9\"><span class=\"bumpedFont15\">Este organismo aut\u00f3nomo expresa su\u00a0solidaridad con la familia de la alumna fallecida, con sus compa\u00f1eras y con la comunidad educativa, y refrenda su compromiso de\u00a0coadyuvar en la protecci\u00f3n y defensa de los derechos humanos, as\u00ed como de vigilar que toda actuaci\u00f3n de la autoridad se realice conforme a la ley y a los est\u00e1ndares nacionales e internacionales en la materia.<\/span><\/span><\/p>\n","protected":false},"excerpt":{"rendered":"<p>El acompa\u00f1amiento fue para verificar que las diligencias periciales se llevaran a cabo conforme a la legalidad Personal de la Comisi\u00f3n Estatal de Derechos Humanos de Tlaxcala (CEDHT) acudi\u00f3 a la Escuela Normal Rural \u201cBenito Ju\u00e1rez\u201d, ubicada en el municipio de Panotla, en calidad de observador, con el objetivo de dar seguimiento y observar las [&hellip;]<\/p>\n","protected":false},"author":3,"featured_media":58758,"comment_status":"open","ping_status":"open","sticky":false,"template":"","format":"standard","meta":{"footnotes":""},"categories":[232],"tags":[],"class_list":["post-58757","post","type-post","status-publish","format-standard","has-post-thumbnail","hentry","category-derechos-humanos-tlaxcala"],"amp_enabled":true,"_links":{"self":[{"href":"https:\/\/labestiapolitica.com.mx\/index.php?rest_route=\/wp\/v2\/posts\/58757","targetHints":{"allow":["GET"]}}],"collection":[{"href":"https:\/\/labestiapolitica.com.mx\/index.php?rest_route=\/wp\/v2\/posts"}],"about":[{"href":"https:\/\/labestiapolitica.com.mx\/index.php?rest_route=\/wp\/v2\/types\/post"}],"author":[{"embeddable":true,"href":"https:\/\/labestiapolitica.com.mx\/index.php?rest_route=\/wp\/v2\/users\/3"}],"replies":[{"embeddable":true,"href":"https:\/\/labestiapolitica.com.mx\/index.php?rest_route=%2Fwp%2Fv2%2Fcomments&post=58757"}],"version-history":[{"count":1,"href":"https:\/\/labestiapolitica.com.mx\/index.php?rest_route=\/wp\/v2\/posts\/58757\/revisions"}],"predecessor-version":[{"id":58759,"href":"https:\/\/labestiapolitica.com.mx\/index.php?rest_route=\/wp\/v2\/posts\/58757\/revisions\/58759"}],"wp:featuredmedia":[{"embeddable":true,"href":"https:\/\/labestiapolitica.com.mx\/index.php?rest_route=\/wp\/v2\/media\/58758"}],"wp:attachment":[{"href":"https:\/\/labestiapolitica.com.mx\/index.php?rest_route=%2Fwp%2Fv2%2Fmedia&parent=58757"}],"wp:term":[{"taxonomy":"category","embeddable":true,"href":"https:\/\/labestiapolitica.com.mx\/index.php?rest_route=%2Fwp%2Fv2%2Fcategories&post=58757"},{"taxonomy":"post_tag","embeddable":true,"href":"https:\/\/labestiapolitica.com.mx\/index.php?rest_route=%2Fwp%2Fv2%2Ftags&post=58757"}],"curies":[{"name":"wp","href":"https:\/\/api.w.org\/{rel}","templated":true}]}}