{"id":58764,"date":"2026-01-19T16:25:16","date_gmt":"2026-01-19T22:25:16","guid":{"rendered":"https:\/\/labestiapolitica.com.mx\/?p=58764"},"modified":"2026-01-19T16:25:16","modified_gmt":"2026-01-19T22:25:16","slug":"ixtenco-logra-50-esterilizaciones-gratuitas-en-el-primer-dia-de-jornada","status":"publish","type":"post","link":"https:\/\/labestiapolitica.com.mx\/?p=58764","title":{"rendered":"Ixtenco logra 50 esterilizaciones gratuitas en el primer d\u00eda de jornada"},"content":{"rendered":"<blockquote>\n<p style=\"text-align: justify;\">Gobierno Municipal anuncia nueva fecha para continuar con esta acci\u00f3n en favor del bienestar animal<\/p>\n<\/blockquote>\n<p style=\"text-align: justify;\">El Gobierno Municipal de Ixtenco, que encabeza la Presidenta Municipal, Aline Lazo Caballero, informa que con gran \u00e9xito se llev\u00f3 a cabo el primer d\u00eda de la Jornada de Esterilizaciones Gratuitas para Perros y Gatos en el municipio de Ixtenco, logrando la esterilizaci\u00f3n de 50 mascotas de manera totalmente gratuita.<\/p>\n<p style=\"text-align: justify;\">Este importante resultado fue posible gracias a la participaci\u00f3n responsable de las y los due\u00f1os de mascotas de Ixtenco, quienes atendieron el llamado y cumplieron con las indicaciones establecidas para cada procedimiento.<\/p>\n<p style=\"text-align: justify;\">La jornada se realiz\u00f3 en el municipio de Ixtenco, en coordinaci\u00f3n con Protecci\u00f3n Civil Municipal, el Regidor de Salud, Javier Sol\u00eds Ventura, y la Secretar\u00eda de Salud, a trav\u00e9s del Centro Veterinario Antirr\u00e1bico, garantizando en todo momento la seguridad, el cuidado y la atenci\u00f3n adecuada de los animales.<\/p>\n<p style=\"text-align: justify;\">Derivado del \u00e9xito obtenido en este primer d\u00eda, el Gobierno Municipal de Ixtenco, encabezado por la Presidenta Municipal, Aline Lazo Caballero, informa que la pr\u00f3xima jornada de esterilizaciones gratuitas se llevar\u00e1 a cabo el viernes 23 de enero, para la cual \u00fanicamente se contar\u00e1 con 50 lugares disponibles.<\/p>\n<p style=\"text-align: justify;\">Por ello, se invita a las y los interesados a acudir con el Regidor de Salud, Javier Sol\u00eds Ventura, para realizar el registro correspondiente de su mascota y asegurar su lugar.<\/p>\n<p style=\"text-align: justify;\">Con este tipo de acciones, el Gobierno Municipal de Ixtenco refrenda su compromiso con la tenencia responsable de mascotas, la prevenci\u00f3n de la sobrepoblaci\u00f3n animal y el fortalecimiento de la salud p\u00fablica, trabajando por el bienestar de las familias y de los animales del municipio.<\/p>\n","protected":false},"excerpt":{"rendered":"<p>Gobierno Municipal anuncia nueva fecha para continuar con esta acci\u00f3n en favor del bienestar animal El Gobierno Municipal de Ixtenco, que encabeza la Presidenta Municipal, Aline Lazo Caballero, informa que con gran \u00e9xito se llev\u00f3 a cabo el primer d\u00eda de la Jornada de Esterilizaciones Gratuitas para Perros y Gatos en el municipio de Ixtenco, [&hellip;]<\/p>\n","protected":false},"author":3,"featured_media":58765,"comment_status":"open","ping_status":"open","sticky":false,"template":"","format":"standard","meta":{"footnotes":""},"categories":[257,216],"tags":[],"class_list":["post-58764","post","type-post","status-publish","format-standard","has-post-thumbnail","hentry","category-ixtenco","category-municipios"],"amp_enabled":true,"_links":{"self":[{"href":"https:\/\/labestiapolitica.com.mx\/index.php?rest_route=\/wp\/v2\/posts\/58764","targetHints":{"allow":["GET"]}}],"collection":[{"href":"https:\/\/labestiapolitica.com.mx\/index.php?rest_route=\/wp\/v2\/posts"}],"about":[{"href":"https:\/\/labestiapolitica.com.mx\/index.php?rest_route=\/wp\/v2\/types\/post"}],"author":[{"embeddable":true,"href":"https:\/\/labestiapolitica.com.mx\/index.php?rest_route=\/wp\/v2\/users\/3"}],"replies":[{"embeddable":true,"href":"https:\/\/labestiapolitica.com.mx\/index.php?rest_route=%2Fwp%2Fv2%2Fcomments&post=58764"}],"version-history":[{"count":1,"href":"https:\/\/labestiapolitica.com.mx\/index.php?rest_route=\/wp\/v2\/posts\/58764\/revisions"}],"predecessor-version":[{"id":58766,"href":"https:\/\/labestiapolitica.com.mx\/index.php?rest_route=\/wp\/v2\/posts\/58764\/revisions\/58766"}],"wp:featuredmedia":[{"embeddable":true,"href":"https:\/\/labestiapolitica.com.mx\/index.php?rest_route=\/wp\/v2\/media\/58765"}],"wp:attachment":[{"href":"https:\/\/labestiapolitica.com.mx\/index.php?rest_route=%2Fwp%2Fv2%2Fmedia&parent=58764"}],"wp:term":[{"taxonomy":"category","embeddable":true,"href":"https:\/\/labestiapolitica.com.mx\/index.php?rest_route=%2Fwp%2Fv2%2Fcategories&post=58764"},{"taxonomy":"post_tag","embeddable":true,"href":"https:\/\/labestiapolitica.com.mx\/index.php?rest_route=%2Fwp%2Fv2%2Ftags&post=58764"}],"curies":[{"name":"wp","href":"https:\/\/api.w.org\/{rel}","templated":true}]}}