{"id":58771,"date":"2026-01-19T16:46:28","date_gmt":"2026-01-19T22:46:28","guid":{"rendered":"https:\/\/labestiapolitica.com.mx\/?p=58771"},"modified":"2026-01-19T16:47:20","modified_gmt":"2026-01-19T22:47:20","slug":"%f0%9f%92%a7%f0%9f%8f%a0-gobierno-municipal-de-ixtenco-llama-a-aprovechar-tarifas-vigentes-de-agua-y-predial-con-uma-2025-hasta-el-30-de-enero","status":"publish","type":"post","link":"https:\/\/labestiapolitica.com.mx\/?p=58771","title":{"rendered":"\ud83d\udca7\ud83c\udfe0 Gobierno Municipal de Ixtenco llama a aprovechar tarifas vigentes de agua y predial con UMA 2025 hasta el 30 de enero"},"content":{"rendered":"<p style=\"text-align: justify;\" data-start=\"134\" data-end=\"464\">El <strong data-start=\"137\" data-end=\"178\"><span class=\"hover:entity-accent entity-underline inline cursor-pointer align-baseline\"><span class=\"whitespace-normal\">Ayuntamiento de Ixtenco<\/span><\/span><\/strong>, encabezado por la presidenta municipal <strong data-start=\"219\" data-end=\"260\"><span class=\"hover:entity-accent entity-underline inline cursor-pointer align-baseline\"><span class=\"whitespace-normal\">Aline Lazo Caballero<\/span><\/span><\/strong>, inform\u00f3 a la ciudadan\u00eda que <strong data-start=\"290\" data-end=\"322\">hasta el pr\u00f3ximo 30 de enero<\/strong> podr\u00e1n realizar los pagos del <strong data-start=\"353\" data-end=\"381\">servicio de agua potable<\/strong> y del <strong data-start=\"388\" data-end=\"413\">impuesto predial 2026<\/strong> con tarifas calculadas conforme a la <strong data-start=\"451\" data-end=\"463\">UMA 2025<\/strong>.<\/p>\n<p style=\"text-align: justify;\" data-start=\"466\" data-end=\"720\">La alcaldesa explic\u00f3 que las tarifas se actualizan de manera anual con base en la <strong data-start=\"548\" data-end=\"590\">Unidad de Medida y Actualizaci\u00f3n (UMA)<\/strong>, por lo que <strong data-start=\"603\" data-end=\"632\">a partir del 1 de febrero<\/strong> entrar\u00e1 en vigor la <strong data-start=\"653\" data-end=\"665\">UMA 2026<\/strong>, lo que implicar\u00e1 un <strong data-start=\"687\" data-end=\"719\">ajuste en los montos a pagar<\/strong>.<\/p>\n<p style=\"text-align: justify;\" data-start=\"722\" data-end=\"1062\">Detall\u00f3 que, si bien los <strong data-start=\"747\" data-end=\"801\">descuentos continuar\u00e1n aplic\u00e1ndose durante febrero<\/strong>, los pagos realizados a partir de esa fecha deber\u00e1n cubrirse ya con la <strong data-start=\"873\" data-end=\"913\">tarifa correspondiente a la UMA 2026<\/strong>, por lo que el <strong data-start=\"929\" data-end=\"961\">beneficio econ\u00f3mico es mayor<\/strong> para quienes realicen su pago durante enero, cuando a\u00fan se mantiene la tarifa basada en la UMA 2025.<\/p>\n<p style=\"text-align: justify;\" data-start=\"1064\" data-end=\"1360\">Ante ello, el Gobierno Municipal de Ixtenco <strong data-start=\"1108\" data-end=\"1142\">hizo un llamado a la poblaci\u00f3n<\/strong> a acudir antes del <strong data-start=\"1162\" data-end=\"1177\">30 de enero<\/strong> a realizar sus pagos, <strong data-start=\"1200\" data-end=\"1235\">aprovechar las tarifas vigentes<\/strong> y ponerse al corriente en sus contribuciones, fortaleciendo as\u00ed la econom\u00eda familiar y el desarrollo ordenado del municipio.<\/p>\n","protected":false},"excerpt":{"rendered":"<p>El Ayuntamiento de Ixtenco, encabezado por la presidenta municipal Aline Lazo Caballero, inform\u00f3 a la ciudadan\u00eda que hasta el pr\u00f3ximo 30 de enero podr\u00e1n realizar los pagos del servicio de agua potable y del impuesto predial 2026 con tarifas calculadas conforme a la UMA 2025. La alcaldesa explic\u00f3 que las tarifas se actualizan de manera [&hellip;]<\/p>\n","protected":false},"author":3,"featured_media":58772,"comment_status":"open","ping_status":"open","sticky":false,"template":"","format":"standard","meta":{"footnotes":""},"categories":[257],"tags":[],"class_list":["post-58771","post","type-post","status-publish","format-standard","has-post-thumbnail","hentry","category-ixtenco"],"amp_enabled":true,"_links":{"self":[{"href":"https:\/\/labestiapolitica.com.mx\/index.php?rest_route=\/wp\/v2\/posts\/58771","targetHints":{"allow":["GET"]}}],"collection":[{"href":"https:\/\/labestiapolitica.com.mx\/index.php?rest_route=\/wp\/v2\/posts"}],"about":[{"href":"https:\/\/labestiapolitica.com.mx\/index.php?rest_route=\/wp\/v2\/types\/post"}],"author":[{"embeddable":true,"href":"https:\/\/labestiapolitica.com.mx\/index.php?rest_route=\/wp\/v2\/users\/3"}],"replies":[{"embeddable":true,"href":"https:\/\/labestiapolitica.com.mx\/index.php?rest_route=%2Fwp%2Fv2%2Fcomments&post=58771"}],"version-history":[{"count":1,"href":"https:\/\/labestiapolitica.com.mx\/index.php?rest_route=\/wp\/v2\/posts\/58771\/revisions"}],"predecessor-version":[{"id":58773,"href":"https:\/\/labestiapolitica.com.mx\/index.php?rest_route=\/wp\/v2\/posts\/58771\/revisions\/58773"}],"wp:featuredmedia":[{"embeddable":true,"href":"https:\/\/labestiapolitica.com.mx\/index.php?rest_route=\/wp\/v2\/media\/58772"}],"wp:attachment":[{"href":"https:\/\/labestiapolitica.com.mx\/index.php?rest_route=%2Fwp%2Fv2%2Fmedia&parent=58771"}],"wp:term":[{"taxonomy":"category","embeddable":true,"href":"https:\/\/labestiapolitica.com.mx\/index.php?rest_route=%2Fwp%2Fv2%2Fcategories&post=58771"},{"taxonomy":"post_tag","embeddable":true,"href":"https:\/\/labestiapolitica.com.mx\/index.php?rest_route=%2Fwp%2Fv2%2Ftags&post=58771"}],"curies":[{"name":"wp","href":"https:\/\/api.w.org\/{rel}","templated":true}]}}