{"id":58780,"date":"2026-01-19T16:59:03","date_gmt":"2026-01-19T22:59:03","guid":{"rendered":"https:\/\/labestiapolitica.com.mx\/?p=58780"},"modified":"2026-01-19T16:59:03","modified_gmt":"2026-01-19T22:59:03","slug":"%f0%9f%97%b3%ef%b8%8f%f0%9f%92%99-el-pan-se-consolida-como-la-principal-alternativa-politica-en-tlaxcala-rumbo-al-2027","status":"publish","type":"post","link":"https:\/\/labestiapolitica.com.mx\/?p=58780","title":{"rendered":"\ud83d\uddf3\ufe0f\ud83d\udc99 El PAN se consolida como la principal alternativa pol\u00edtica en Tlaxcala rumbo al 2027"},"content":{"rendered":"<p style=\"text-align: justify;\" data-start=\"102\" data-end=\"414\">De cara a la sucesi\u00f3n gubernamental de <strong data-start=\"141\" data-end=\"149\">2027<\/strong>, el <strong data-start=\"154\" data-end=\"201\"><span class=\"hover:entity-accent entity-underline inline cursor-pointer align-baseline\"><span class=\"whitespace-normal\">Partido Acci\u00f3n Nacional<\/span><\/span> (PAN)<\/strong> se perfila como la <strong data-start=\"221\" data-end=\"267\">opci\u00f3n de oposici\u00f3n m\u00e1s s\u00f3lida en Tlaxcala<\/strong>, posicion\u00e1ndose por encima de otras fuerzas pol\u00edticas tradicionales y consolid\u00e1ndose como la <strong data-start=\"361\" data-end=\"413\">alternativa viable frente al partido oficialista<\/strong>.<\/p>\n<p style=\"text-align: justify;\" data-start=\"416\" data-end=\"775\">De acuerdo con el m\u00e1s reciente <strong data-start=\"447\" data-end=\"539\">estudio de opini\u00f3n p\u00fablica de la casa encuestadora <span class=\"hover:entity-accent entity-underline inline cursor-pointer align-baseline\"><span class=\"whitespace-normal\">Analitika Social<\/span><\/span><\/strong>, realizado en <strong data-start=\"554\" data-end=\"571\">enero de 2026<\/strong>, el PAN se ubica como la <strong data-start=\"597\" data-end=\"638\">segunda fuerza pol\u00edtica en la entidad<\/strong>. Ante la pregunta sobre por qu\u00e9 partido votar\u00edan si hoy fueran las elecciones, el blanquiazul obtuvo el <strong data-start=\"743\" data-end=\"774\">16.51 % de las preferencias<\/strong>.<\/p>\n<p style=\"text-align: justify;\" data-start=\"777\" data-end=\"1118\">Este posicionamiento coloca al PAN como el <strong data-start=\"820\" data-end=\"856\">competidor directo m\u00e1s relevante<\/strong> en el escenario pol\u00edtico estatal. Adem\u00e1s, el estudio revela que un <strong data-start=\"924\" data-end=\"974\">15.29 % de la ciudadan\u00eda a\u00fan no decide su voto<\/strong>, segmento que representa un <strong data-start=\"1003\" data-end=\"1023\">electorado clave<\/strong> y que podr\u00eda ser capitalizado por el panismo, dada su condici\u00f3n de principal fuerza opositora.<\/p>\n<p style=\"text-align: justify;\" data-start=\"1120\" data-end=\"1535\">La <strong data-start=\"1123\" data-end=\"1156\">fortaleza interna del partido<\/strong> tambi\u00e9n queda reflejada en los perfiles que encabezan las preferencias rumbo a una eventual candidatura. Dentro del PAN, <strong data-start=\"1278\" data-end=\"1319\"><span class=\"hover:entity-accent entity-underline inline cursor-pointer align-baseline\"><span class=\"whitespace-normal\">Miriam Mart\u00ednez S\u00e1nchez<\/span><\/span><\/strong> lidera con el <strong data-start=\"1334\" data-end=\"1345\">33.91 %<\/strong>, seguida muy de cerca por <strong data-start=\"1372\" data-end=\"1413\"><span class=\"hover:entity-accent entity-underline inline cursor-pointer align-baseline\"><span class=\"whitespace-normal\">Juan Carlos S\u00e1nchez Garc\u00eda<\/span><\/span><\/strong>, conocido como <em data-start=\"1429\" data-end=\"1435\">SAGA<\/em>, con el <strong data-start=\"1444\" data-end=\"1455\">30.43 %<\/strong>, cifras que muestran un <strong data-start=\"1480\" data-end=\"1534\">escenario competitivo y con liderazgos reconocidos<\/strong>.<\/p>\n<p style=\"text-align: justify;\" data-start=\"1537\" data-end=\"1792\">La encuesta fue aplicada mediante entrevistas <strong data-start=\"1583\" data-end=\"1611\">cara a cara en viviendas<\/strong>, del <strong data-start=\"1617\" data-end=\"1646\">12 al 16 de enero de 2026<\/strong>, con una <strong data-start=\"1656\" data-end=\"1682\">muestra de 1,200 casos<\/strong> en todo el estado de Tlaxcala y un <strong data-start=\"1718\" data-end=\"1745\">margen de error de \u00b13 %<\/strong>, lo que respalda la solidez de los resultados.<\/p>\n<p style=\"text-align: justify;\" data-start=\"1794\" data-end=\"2017\">Con estos n\u00fameros, el PAN entra a la antesala del proceso electoral de 2027 como la <strong data-start=\"1878\" data-end=\"1917\">principal opci\u00f3n de cambio pol\u00edtico<\/strong> en Tlaxcala, con estructura, perfiles competitivos y un amplio sector ciudadano a\u00fan por conquistar.<\/p>\n","protected":false},"excerpt":{"rendered":"<p>De cara a la sucesi\u00f3n gubernamental de 2027, el Partido Acci\u00f3n Nacional (PAN) se perfila como la opci\u00f3n de oposici\u00f3n m\u00e1s s\u00f3lida en Tlaxcala, posicion\u00e1ndose por encima de otras fuerzas pol\u00edticas tradicionales y consolid\u00e1ndose como la alternativa viable frente al partido oficialista. De acuerdo con el m\u00e1s reciente estudio de opini\u00f3n p\u00fablica de la casa [&hellip;]<\/p>\n","protected":false},"author":3,"featured_media":58783,"comment_status":"open","ping_status":"open","sticky":false,"template":"","format":"standard","meta":{"footnotes":""},"categories":[248,247],"tags":[],"class_list":["post-58780","post","type-post","status-publish","format-standard","has-post-thumbnail","hentry","category-pan","category-politica"],"amp_enabled":true,"_links":{"self":[{"href":"https:\/\/labestiapolitica.com.mx\/index.php?rest_route=\/wp\/v2\/posts\/58780","targetHints":{"allow":["GET"]}}],"collection":[{"href":"https:\/\/labestiapolitica.com.mx\/index.php?rest_route=\/wp\/v2\/posts"}],"about":[{"href":"https:\/\/labestiapolitica.com.mx\/index.php?rest_route=\/wp\/v2\/types\/post"}],"author":[{"embeddable":true,"href":"https:\/\/labestiapolitica.com.mx\/index.php?rest_route=\/wp\/v2\/users\/3"}],"replies":[{"embeddable":true,"href":"https:\/\/labestiapolitica.com.mx\/index.php?rest_route=%2Fwp%2Fv2%2Fcomments&post=58780"}],"version-history":[{"count":1,"href":"https:\/\/labestiapolitica.com.mx\/index.php?rest_route=\/wp\/v2\/posts\/58780\/revisions"}],"predecessor-version":[{"id":58784,"href":"https:\/\/labestiapolitica.com.mx\/index.php?rest_route=\/wp\/v2\/posts\/58780\/revisions\/58784"}],"wp:featuredmedia":[{"embeddable":true,"href":"https:\/\/labestiapolitica.com.mx\/index.php?rest_route=\/wp\/v2\/media\/58783"}],"wp:attachment":[{"href":"https:\/\/labestiapolitica.com.mx\/index.php?rest_route=%2Fwp%2Fv2%2Fmedia&parent=58780"}],"wp:term":[{"taxonomy":"category","embeddable":true,"href":"https:\/\/labestiapolitica.com.mx\/index.php?rest_route=%2Fwp%2Fv2%2Fcategories&post=58780"},{"taxonomy":"post_tag","embeddable":true,"href":"https:\/\/labestiapolitica.com.mx\/index.php?rest_route=%2Fwp%2Fv2%2Ftags&post=58780"}],"curies":[{"name":"wp","href":"https:\/\/api.w.org\/{rel}","templated":true}]}}