{"id":58785,"date":"2026-01-19T17:05:47","date_gmt":"2026-01-19T23:05:47","guid":{"rendered":"https:\/\/labestiapolitica.com.mx\/?p=58785"},"modified":"2026-01-19T17:05:47","modified_gmt":"2026-01-19T23:05:47","slug":"donde-esta-danna-fernanda-rodriguez","status":"publish","type":"post","link":"https:\/\/labestiapolitica.com.mx\/?p=58785","title":{"rendered":"\u00bfD\u00f3nde est\u00e1 Danna Fernanda Rodriguez ?"},"content":{"rendered":"<p style=\"text-align: justify;\">Amix, ag\u00e1rrense porque enero de 2026 vino con m\u00e1s salsa que cualquier telenovela de lunes a viernes. \ud83d\udcfa\ud83c\udf36\ufe0f<\/p>\n<p style=\"text-align: justify;\">Y no hablo de chisme de pasillo, hablo de shock pol\u00edtico global y local en primera fila.<\/p>\n<p style=\"text-align: justify;\">Empezamos por lo federal, donde nuestro vecino del norte, Donald Trump, anda m\u00e1s tenso que estudiante el d\u00eda antes del examen final. Ya anda EXIGIENDO que se le entreguen a los narco pol\u00edticos de Morena, \u00e9l tiene una lista super top de personajes que deber\u00edan ser se\u00f1alados por v\u00ednculos con el narco.<br \/>\nY aqu\u00ed la pregunta del mill\u00f3n:<\/p>\n<p style=\"text-align: justify;\">\u00bfQui\u00e9n inicia esa lista? \ud83e\uddd0<\/p>\n<p style=\"text-align: justify;\">Pues efectivamente: welito de Macuspana, sus hijos y un combo que ni cartel de serie:<br \/>\nAd\u00e1n Augusto, Roc\u00edo Nale, Ricardo Monreal, Clara Brugada, Am\u00e9rico Real, Mar\u00eda del Pilar \u00c1vila, Mario Delgado, Manuel Bartelt, Marcelo Ebrard entre otros.<\/p>\n<p style=\"text-align: justify;\">Los vips meros meros Vips<br \/>\nYo pens\u00e9 que saldr\u00eda Noro\u00f1a, \u00bfverdad? Jajajjaa, pero parece que a \u00e9l no lo invitaron al club de los negocios chonchos y a\u00fan as\u00ed le alcanz\u00f3 para su casita de 12 millones. \ud83d\udcb0<\/p>\n<p style=\"text-align: justify;\">\ud83d\udd17https:\/\/www.propublica.org\/article\/trump-mexico-restricciones-visas-politicos-sheinbaum?utm_source=chatgpt.com<\/p>\n<p style=\"text-align: justify;\">\ud83d\udd17https:\/\/www.reddit.com\/\/r\/rmexico\/comments\/1qf4f5p\/a%C3%BAn_no_est%C3%A1n_confirmado_son_suposiciones\/?utm_source=chatgpt.com<\/p>\n<p style=\"text-align: justify;\">Bueno, con decirles que ya sali\u00f3 una apuesta en Polymarket sobre la ca\u00edda de la presidenta Claudia Sheimbaum, unos dicen que cae fin de mes, otros que mediados de a\u00f1o<br \/>\nHagan sus apuestas se\u00f1orxs.<\/p>\n<p style=\"text-align: justify;\">\ud83d\udd17https:\/\/www.facebook.com\/share\/r\/1C4AV4m2oV\/?mibextid=wwXIfr<\/p>\n<p style=\"text-align: justify;\">La cosa est\u00e1 tan loca que parece que este juego de cada 3 a\u00f1os, ahora tiene jugador extranjero participando y aqu\u00ed en local ni siquiera lo toman en cuenta. \ud83c\udccf<\/p>\n<p style=\"text-align: justify;\">Al tiempo\u2026<\/p>\n<p style=\"text-align: justify;\">Y como no quer\u00edan quedarse atr\u00e1s, nuestras autoridades locales dijeron: \u201cnosotros tambi\u00e9n podemos lucirnos\u201d.<\/p>\n<p style=\"text-align: justify;\">\u00bfQue si a\u00fan no podemos sorprendernos?<br \/>\nNambreeeee, est\u00e1n chavos si creen que no, claro que por supuesto que yes.<\/p>\n<p style=\"text-align: justify;\">Resulta que si cuestionas el trabajo de alguna autoridad\u2026 te dice que eres EST\u00daPIDO. \ud83e\udd74\ud83d\ude43<br \/>\nPero si no cuestionas nada, \u00a1oh santo cielo!, eres parte del pueblo bueno y sabio, en una reciente entrevista la senadora Ana Lilia, dijo<br \/>\nCuando me preguntan:<br \/>\n\u00bfqu\u00e9 ha hecho por Tlaxcala?<br \/>\n\ud83d\udca5 \u00a1T\u00f3mala! Asi dijo: \u00bfqu\u00e9 es Est\u00fapido?<\/p>\n<p style=\"text-align: justify;\">\ud83d\udd17https:\/\/www.facebook.com\/share\/v\/1CFBaXxx7e\/?mibextid=wwXIfr<\/p>\n<p style=\"text-align: justify;\">Qu\u00e9 bonitos candidatos, ojal\u00e1 , en alg\u00fan momento, tengamos autoridades que se sepan la de escuchamos, no juzgamos, porque con esa piel tan sensible que tienen\u2026<br \/>\n\u00bfc\u00f3mo pretenden gobernar? \ud83d\ude44<\/p>\n<p style=\"text-align: justify;\">Continuemos\u2026<br \/>\n(s\u00ed, les digo que todos se lucieron), ahora en el Congreso del Estado de Tlaxcala\u2026<\/p>\n<p style=\"text-align: justify;\">Esta semana, las diputadas Laura Flores, Blanca \u00c1guila y Miriam Mart\u00ednez pidieron que comparecieran las autoridades encargadas de la seguridad en Tlaxcala \ud83d\ude93\ud83d\udcc9.<br \/>\nNada raro, nada ilegal, es rendici\u00f3n de cuentas, NO castigo.<\/p>\n<p style=\"text-align: justify;\">Recordatorio r\u00e1pido \ud83d\udcdd:<br \/>\nUn diputado est\u00e1 para<br \/>\nLegislar \ud83d\udcdc | Fiscalizar \ud83d\udcb0| Pedir cuentas \ud83d\udc40<\/p>\n<p style=\"text-align: justify;\">Pero el bloque mayoritario dijo:<br \/>\n\u201cNeeeel\u201d.\u274c aqu\u00ed el barrio respalda a la chines \ud83e\udd1d, d\u00e9jenlos trabajar\u2026(casi casi: trabajan poco y todav\u00eda les quieren quitar su tiempo \ud83d\ude0c).<\/p>\n<p style=\"text-align: justify;\">Te dejo el circo para que, con cafecito en mano \u2615, veas la sesi\u00f3n completa \ud83c\udfad.<br \/>\n\ud83d\udd17<\/p>\n<p style=\"text-align: justify;\">Y para cerrar con broche de oro \ud83e\udd47\u2728:<br \/>\napenas llega la nueva dirigente al PRI y pensamos que de la emoci\u00f3n se le subieron las copitas \ud83c\udf77\u2026pero, no fue eso: fue ansiedad \ud83d\ude2e\u200d\ud83d\udca8<br \/>\n\u2026y termin\u00f3 chocando y tirando uno de los sem\u00e1foros principales de la capital \ud83d\udea6\ud83d\udca5.<\/p>\n<p style=\"text-align: justify;\">\ud83d\udd17https:\/\/www.facebook.com\/share\/17k9y5Xn8P\/?mibextid=wwXIfr<\/p>\n<p style=\"text-align: justify;\">aqu\u00ed es donde se acaba la risa.<\/p>\n<p style=\"text-align: justify;\">Porque mientras el circo pol\u00edtico sigue \ud83c\udfaa, en Totolac nos falta una ni\u00f1a.<\/p>\n<p style=\"text-align: justify;\">Se llama Danna Fernanda Rodriguez, tiene 15 a\u00f1os, y desde el d\u00eda 15 de Enero no sabemos nada de ella.<\/p>\n<p style=\"text-align: justify;\">\ud83d\udd17https:\/\/www.facebook.com\/share\/1854xMi1ns\/?mibextid=wwXIfr<\/p>\n<p style=\"text-align: justify;\">Quince a\u00f1os, una menor de edad, una familia esperando una llamada que no llega \ud83d\udcf5\ud83d\udc94.<\/p>\n<p style=\"text-align: justify;\">\u00bfy crees que alguna autoridad de alg\u00fan color ya se pronunci\u00f3?<\/p>\n<p style=\"text-align: justify;\">\u00bfCrees que con toda la maquinaria que tienen para sus s\u00faper campa\u00f1as, con sus equipos, sus redes, sus discursos ensayados, se han movilizado, pronunciado o al menos dicho algo?<\/p>\n<p style=\"text-align: justify;\">La respuesta es NO \ud83e\udd14<\/p>\n<p style=\"text-align: justify;\">Silencio, de nuevo y no es sorpresa, porque ya se los dec\u00eda en columnas anteriores, parece que no hay sensibilidad ante lo que de verdad nos pasa.<\/p>\n<p style=\"text-align: justify;\">Hay tiempo para pelear en tribuna,para llamar est\u00fapido al ciudadano que cuestiona, para defender la \u201csoberania\u201d \ud83d\ude43\u2026pero no hay tiempo para una ni\u00f1a desaparecida.<\/p>\n<p style=\"text-align: justify;\">Ah\u00ed es donde se cae todo el discurso, donde sus campa\u00f1as dejan de ser algo ajeno a nosotros, porque cuando una menor desaparece y el Estado no alza la voz, no es descuido: es abandono \ud83d\udea8.<\/p>\n<p style=\"text-align: justify;\">No pedimos milagros, pedimos humanidad, pedimos empat\u00eda, pedimos que quienes gobiernan recuerden para qu\u00e9 se supone que est\u00e1n ah\u00ed.<br \/>\nPorque mientras ellos apuestan poder, campa\u00f1as y egos, hay una familia que solo quiere saber d\u00f3nde est\u00e1 Danna y eso, amix,eso no deber\u00eda ser normal, NUNCA.<\/p>\n","protected":false},"excerpt":{"rendered":"<p>Amix, ag\u00e1rrense porque enero de 2026 vino con m\u00e1s salsa que cualquier telenovela de lunes a viernes. \ud83d\udcfa\ud83c\udf36\ufe0f Y no hablo de chisme de pasillo, hablo de shock pol\u00edtico global y local en primera fila. Empezamos por lo federal, donde nuestro vecino del norte, Donald Trump, anda m\u00e1s tenso que estudiante el d\u00eda antes del [&hellip;]<\/p>\n","protected":false},"author":3,"featured_media":58786,"comment_status":"open","ping_status":"open","sticky":false,"template":"","format":"standard","meta":{"footnotes":""},"categories":[6,247],"tags":[],"class_list":["post-58785","post","type-post","status-publish","format-standard","has-post-thumbnail","hentry","category-opinion","category-politica"],"amp_enabled":true,"_links":{"self":[{"href":"https:\/\/labestiapolitica.com.mx\/index.php?rest_route=\/wp\/v2\/posts\/58785","targetHints":{"allow":["GET"]}}],"collection":[{"href":"https:\/\/labestiapolitica.com.mx\/index.php?rest_route=\/wp\/v2\/posts"}],"about":[{"href":"https:\/\/labestiapolitica.com.mx\/index.php?rest_route=\/wp\/v2\/types\/post"}],"author":[{"embeddable":true,"href":"https:\/\/labestiapolitica.com.mx\/index.php?rest_route=\/wp\/v2\/users\/3"}],"replies":[{"embeddable":true,"href":"https:\/\/labestiapolitica.com.mx\/index.php?rest_route=%2Fwp%2Fv2%2Fcomments&post=58785"}],"version-history":[{"count":1,"href":"https:\/\/labestiapolitica.com.mx\/index.php?rest_route=\/wp\/v2\/posts\/58785\/revisions"}],"predecessor-version":[{"id":58787,"href":"https:\/\/labestiapolitica.com.mx\/index.php?rest_route=\/wp\/v2\/posts\/58785\/revisions\/58787"}],"wp:featuredmedia":[{"embeddable":true,"href":"https:\/\/labestiapolitica.com.mx\/index.php?rest_route=\/wp\/v2\/media\/58786"}],"wp:attachment":[{"href":"https:\/\/labestiapolitica.com.mx\/index.php?rest_route=%2Fwp%2Fv2%2Fmedia&parent=58785"}],"wp:term":[{"taxonomy":"category","embeddable":true,"href":"https:\/\/labestiapolitica.com.mx\/index.php?rest_route=%2Fwp%2Fv2%2Fcategories&post=58785"},{"taxonomy":"post_tag","embeddable":true,"href":"https:\/\/labestiapolitica.com.mx\/index.php?rest_route=%2Fwp%2Fv2%2Ftags&post=58785"}],"curies":[{"name":"wp","href":"https:\/\/api.w.org\/{rel}","templated":true}]}}