{"id":58800,"date":"2026-01-19T17:53:28","date_gmt":"2026-01-19T23:53:28","guid":{"rendered":"https:\/\/labestiapolitica.com.mx\/?p=58800"},"modified":"2026-01-19T17:53:28","modified_gmt":"2026-01-19T23:53:28","slug":"faena-comunitaria-realizada-con-exito-en-tocatlan","status":"publish","type":"post","link":"https:\/\/labestiapolitica.com.mx\/?p=58800","title":{"rendered":"Faena comunitaria realizada con \u00e9xito en Tocatl\u00e1n."},"content":{"rendered":"<div class=\"xdj266r x14z9mp xat24cr x1lziwak x1vvkbs x126k92a\">\n<div dir=\"auto\" style=\"text-align: justify;\">El pasado s\u00e1bado, se llev\u00f3 a cabo la faena comunitaria en la calle 2 de Septiembre, a un costado del Centro de Salud, logrando la recuperaci\u00f3n y mejora de este importante espacio p\u00fablico.<\/div>\n<\/div>\n<div class=\"x14z9mp xat24cr x1lziwak x1vvkbs xtlvy1s x126k92a\" style=\"text-align: justify;\">\n<div dir=\"auto\"><\/div>\n<\/div>\n<div class=\"x14z9mp xat24cr x1lziwak x1vvkbs xtlvy1s x126k92a\" style=\"text-align: justify;\">\n<div dir=\"auto\">Agradecemos de manera especial a todas y todos los ciudadanos que acudieron, se sumaron y colaboraron con entusiasmo y compromiso, as\u00ed como a los integrantes de la administraci\u00f3n municipal que participaron activamente en estas labores.<\/div>\n<div dir=\"auto\"><\/div>\n<\/div>\n<div class=\"x14z9mp xat24cr x1lziwak x1vvkbs xtlvy1s x126k92a\" style=\"text-align: justify;\">\n<div dir=\"auto\">Nuestro reconocimiento al Presidente Municipal, Sergio Avenda\u00f1o P\u00e9rez, por impulsar y respaldar estas acciones que fortalecen la participaci\u00f3n ciudadana y contribuyen a tener un municipio m\u00e1s limpio, ordenado y digno para todas y todos.<\/div>\n<div dir=\"auto\"><\/div>\n<\/div>\n<div class=\"x14z9mp xat24cr x1lziwak x1vvkbs xtlvy1s x126k92a\" style=\"text-align: justify;\">\n<div dir=\"auto\">Cuando sociedad y gobierno trabajan unidos, los resultados se reflejan en mejores espacios y una comunidad m\u00e1s fuerte.<\/div>\n<div dir=\"auto\"><\/div>\n<\/div>\n<div class=\"x14z9mp xat24cr x1lziwak x1vvkbs xtlvy1s x126k92a\">\n<div dir=\"auto\" style=\"text-align: justify;\">\u00a1Sigamos construyendo juntos un mejor Tocatl\u00e1n!<\/div>\n<\/div>\n","protected":false},"excerpt":{"rendered":"<p>El pasado s\u00e1bado, se llev\u00f3 a cabo la faena comunitaria en la calle 2 de Septiembre, a un costado del Centro de Salud, logrando la recuperaci\u00f3n y mejora de este importante espacio p\u00fablico. Agradecemos de manera especial a todas y todos los ciudadanos que acudieron, se sumaron y colaboraron con entusiasmo y compromiso, as\u00ed como [&hellip;]<\/p>\n","protected":false},"author":5,"featured_media":58801,"comment_status":"open","ping_status":"open","sticky":false,"template":"","format":"standard","meta":{"footnotes":""},"categories":[7,216,221],"tags":[],"class_list":["post-58800","post","type-post","status-publish","format-standard","has-post-thumbnail","hentry","category-ciudadanos","category-municipios","category-tocatlan"],"amp_enabled":true,"_links":{"self":[{"href":"https:\/\/labestiapolitica.com.mx\/index.php?rest_route=\/wp\/v2\/posts\/58800","targetHints":{"allow":["GET"]}}],"collection":[{"href":"https:\/\/labestiapolitica.com.mx\/index.php?rest_route=\/wp\/v2\/posts"}],"about":[{"href":"https:\/\/labestiapolitica.com.mx\/index.php?rest_route=\/wp\/v2\/types\/post"}],"author":[{"embeddable":true,"href":"https:\/\/labestiapolitica.com.mx\/index.php?rest_route=\/wp\/v2\/users\/5"}],"replies":[{"embeddable":true,"href":"https:\/\/labestiapolitica.com.mx\/index.php?rest_route=%2Fwp%2Fv2%2Fcomments&post=58800"}],"version-history":[{"count":1,"href":"https:\/\/labestiapolitica.com.mx\/index.php?rest_route=\/wp\/v2\/posts\/58800\/revisions"}],"predecessor-version":[{"id":58802,"href":"https:\/\/labestiapolitica.com.mx\/index.php?rest_route=\/wp\/v2\/posts\/58800\/revisions\/58802"}],"wp:featuredmedia":[{"embeddable":true,"href":"https:\/\/labestiapolitica.com.mx\/index.php?rest_route=\/wp\/v2\/media\/58801"}],"wp:attachment":[{"href":"https:\/\/labestiapolitica.com.mx\/index.php?rest_route=%2Fwp%2Fv2%2Fmedia&parent=58800"}],"wp:term":[{"taxonomy":"category","embeddable":true,"href":"https:\/\/labestiapolitica.com.mx\/index.php?rest_route=%2Fwp%2Fv2%2Fcategories&post=58800"},{"taxonomy":"post_tag","embeddable":true,"href":"https:\/\/labestiapolitica.com.mx\/index.php?rest_route=%2Fwp%2Fv2%2Ftags&post=58800"}],"curies":[{"name":"wp","href":"https:\/\/api.w.org\/{rel}","templated":true}]}}