{"id":58803,"date":"2026-01-19T19:09:01","date_gmt":"2026-01-20T01:09:01","guid":{"rendered":"https:\/\/labestiapolitica.com.mx\/?p=58803"},"modified":"2026-01-19T19:09:01","modified_gmt":"2026-01-20T01:09:01","slug":"transformando-vidas-con-estilo-y-empoderamiento-en-totolac","status":"publish","type":"post","link":"https:\/\/labestiapolitica.com.mx\/?p=58803","title":{"rendered":"\u00a1Transformando vidas con estilo y empoderamiento en Totolac!"},"content":{"rendered":"<p style=\"text-align: justify;\">El presidente municipal Benjam\u00edn Atonal Conde, inicia el 2026 trabajando de la mano con las y los directores a fin de \ud835\uddf4\ud835\uddee\ud835\uddff\ud835\uddee\ud835\uddfb\ud835\ude01\ud835\uddf6\ud835\ude07\ud835\uddee\ud835\uddff \ud835\uddf2\ud835\uddf9 \ud835\uddef\ud835\uddf6\ud835\uddf2\ud835\uddfb\ud835\uddf2\ud835\ude00\ud835\ude01\ud835\uddee\ud835\uddff \ud835\ude06 \ud835\uddf9\ud835\uddee\ud835\ude00 \ud835\uddfc\ud835\uddfd\ud835\uddfc\ud835\uddff\ud835\ude01\ud835\ude02\ud835\uddfb\ud835\uddf6\ud835\uddf1\ud835\uddee\ud835\uddf1\ud835\uddf2\ud835\ude00 a todos los sectores de la poblaci\u00f3n.<br \/>\nA trav\u00e9s del Centro de Desarrollo Comunitario de Totolac se inaugur\u00f3 el curso \u00ab\ud835\uddd6\ud835\uddfc\ud835\uddfb\ud835\ude01\ud835\uddf6\ud835\uddfb\ud835\ude02\ud835\uddf6\ud835\uddf1\ud835\uddee\ud835\uddf1 \ud835\uddf2\ud835\uddfb \ud835\udde7\u00e9\ud835\uddf0\ud835\uddfb\ud835\uddf6\ud835\uddf0\ud835\uddfc \ud835\uddf2\ud835\uddfb \ud835\uddd8\ud835\ude00\ud835\ude01\ud835\uddf6\ud835\uddf9\ud835\uddf6\ud835\ude00\ud835\uddfa\ud835\uddfc \ud835\ude06 \ud835\uddd7\ud835\uddf6\ud835\ude00\ud835\uddf2\u00f1\ud835\uddfc \ud835\uddf1\ud835\uddf2 \ud835\udddc\ud835\uddfa\ud835\uddee\ud835\uddf4\ud835\uddf2\ud835\uddfb &#8211; M\u00f3dulo 2: Color y Transformaci\u00f3n en el Cabello para Dama y Caballero\u00bb, con la importante participaci\u00f3n de 13 personas.<\/p>\n<p style=\"text-align: justify;\">\nEsta acci\u00f3n estrat\u00e9gica no solo imparte t\u00e9cnicas avanzadas de colorimetr\u00eda y transformaciones capilares, sino que genera beneficios transformadores para toda la comunidad mediante el \ud835\uddf6\ud835\uddfa\ud835\uddfd\ud835\ude02\ud835\uddf9\ud835\ude00\ud835\uddfc \ud835\uddee\ud835\uddf9 \ud835\uddf2\ud835\uddfa\ud835\uddfd\ud835\uddff\ud835\uddf2\ud835\uddfb\ud835\uddf1\ud835\uddf6\ud835\uddfa\ud835\uddf6\ud835\uddf2\ud835\uddfb\ud835\ude01\ud835\uddfc \ud835\uddf9\ud835\uddfc\ud835\uddf0\ud835\uddee\ud835\uddf9, \ud835\uddf9\ud835\uddee \ud835\uddf6\ud835\uddfb\ud835\uddf0\ud835\uddf9\ud835\ude02\ud835\ude00\ud835\uddf6\u00f3\ud835\uddfb \ud835\ude06 \ud835\uddf2\ud835\uddfe\ud835\ude02\ud835\uddf6\ud835\uddf1\ud835\uddee\ud835\uddf1, \ud835\uddf2\ud835\uddf9 \ud835\uddf3\ud835\uddfc\ud835\uddff\ud835\ude01\ud835\uddee\ud835\uddf9\ud835\uddf2\ud835\uddf0\ud835\uddf6\ud835\uddfa\ud835\uddf6\ud835\uddf2\ud835\uddfb\ud835\ude01\ud835\uddfc \ud835\uddee \ud835\uddf9\ud835\uddee \ud835\uddf2\ud835\uddf0\ud835\uddfc\ud835\uddfb\ud835\uddfc\ud835\uddfa\u00ed\ud835\uddee \ud835\uddf0\ud835\uddfc\ud835\uddfa\ud835\ude02\ud835\uddfb\ud835\uddf6\ud835\ude01\ud835\uddee\ud835\uddff\ud835\uddf6\ud835\uddee \ud835\ude06 \ud835\uddf9\ud835\uddee \ud835\uddff\ud835\uddf2\ud835\uddf1\ud835\ude02\ud835\uddf0\ud835\uddf0\ud835\uddf6\u00f3\ud835\uddfb \ud835\uddf1\ud835\uddf2 \ud835\uddf9\ud835\uddee\ud835\ude00 \ud835\uddf1\ud835\uddf2\ud835\ude00\ud835\uddf6\ud835\uddf4\ud835\ude02\ud835\uddee\ud835\uddf9\ud835\uddf1\ud835\uddee\ud835\uddf1\ud835\uddf2\ud835\ude00 \ud835\ude00\ud835\uddfc\ud835\uddf0\ud835\uddf6\ud835\uddee\ud835\uddf9\ud835\uddf2\ud835\ude00.<br \/>\nEn el evento participaron: Lic. \ud835\udddf\ud835\ude02\ud835\uddf0\ud835\uddff\ud835\uddf2\ud835\uddf0\ud835\uddf6\ud835\uddee \ud835\udded\ud835\uddf2\ud835\uddfa\ud835\uddfd\ud835\uddfc\ud835\uddee\ud835\uddf9\ud835\ude01\ud835\uddf2\ud835\uddf0\ud835\uddee \ud835\uddda\ud835\uddfc\ud835\uddfb\ud835\ude07\u00e1\ud835\uddf9\ud835\uddf2\ud835\ude07, titular del CDC Totolac, el Lic. Roberto Macias Layle, Director del Centro de Capacitaci\u00f3n de ICATLAX y la Mtra.: Adriana Atonal Gonz\u00e1lez, Presidenta Honor\u00edfica del DIF Municipal Totolac, y la C. Ernestina Melendez Escobar, responsable de impartir el curso.<\/p>\n","protected":false},"excerpt":{"rendered":"<p>El presidente municipal Benjam\u00edn Atonal Conde, inicia el 2026 trabajando de la mano con las y los directores a fin de \ud835\uddf4\ud835\uddee\ud835\uddff\ud835\uddee\ud835\uddfb\ud835\ude01\ud835\uddf6\ud835\ude07\ud835\uddee\ud835\uddff \ud835\uddf2\ud835\uddf9 \ud835\uddef\ud835\uddf6\ud835\uddf2\ud835\uddfb\ud835\uddf2\ud835\ude00\ud835\ude01\ud835\uddee\ud835\uddff \ud835\ude06 \ud835\uddf9\ud835\uddee\ud835\ude00 \ud835\uddfc\ud835\uddfd\ud835\uddfc\ud835\uddff\ud835\ude01\ud835\ude02\ud835\uddfb\ud835\uddf6\ud835\uddf1\ud835\uddee\ud835\uddf1\ud835\uddf2\ud835\ude00 a todos los sectores de la poblaci\u00f3n. A trav\u00e9s del Centro de Desarrollo Comunitario de Totolac se inaugur\u00f3 el curso \u00ab\ud835\uddd6\ud835\uddfc\ud835\uddfb\ud835\ude01\ud835\uddf6\ud835\uddfb\ud835\ude02\ud835\uddf6\ud835\uddf1\ud835\uddee\ud835\uddf1 \ud835\uddf2\ud835\uddfb \ud835\udde7\u00e9\ud835\uddf0\ud835\uddfb\ud835\uddf6\ud835\uddf0\ud835\uddfc \ud835\uddf2\ud835\uddfb \ud835\uddd8\ud835\ude00\ud835\ude01\ud835\uddf6\ud835\uddf9\ud835\uddf6\ud835\ude00\ud835\uddfa\ud835\uddfc \ud835\ude06 \ud835\uddd7\ud835\uddf6\ud835\ude00\ud835\uddf2\u00f1\ud835\uddfc \ud835\uddf1\ud835\uddf2 [&hellip;]<\/p>\n","protected":false},"author":5,"featured_media":58804,"comment_status":"open","ping_status":"open","sticky":false,"template":"","format":"standard","meta":{"footnotes":""},"categories":[7,216,225],"tags":[],"class_list":["post-58803","post","type-post","status-publish","format-standard","has-post-thumbnail","hentry","category-ciudadanos","category-municipios","category-totolac"],"amp_enabled":true,"_links":{"self":[{"href":"https:\/\/labestiapolitica.com.mx\/index.php?rest_route=\/wp\/v2\/posts\/58803","targetHints":{"allow":["GET"]}}],"collection":[{"href":"https:\/\/labestiapolitica.com.mx\/index.php?rest_route=\/wp\/v2\/posts"}],"about":[{"href":"https:\/\/labestiapolitica.com.mx\/index.php?rest_route=\/wp\/v2\/types\/post"}],"author":[{"embeddable":true,"href":"https:\/\/labestiapolitica.com.mx\/index.php?rest_route=\/wp\/v2\/users\/5"}],"replies":[{"embeddable":true,"href":"https:\/\/labestiapolitica.com.mx\/index.php?rest_route=%2Fwp%2Fv2%2Fcomments&post=58803"}],"version-history":[{"count":1,"href":"https:\/\/labestiapolitica.com.mx\/index.php?rest_route=\/wp\/v2\/posts\/58803\/revisions"}],"predecessor-version":[{"id":58805,"href":"https:\/\/labestiapolitica.com.mx\/index.php?rest_route=\/wp\/v2\/posts\/58803\/revisions\/58805"}],"wp:featuredmedia":[{"embeddable":true,"href":"https:\/\/labestiapolitica.com.mx\/index.php?rest_route=\/wp\/v2\/media\/58804"}],"wp:attachment":[{"href":"https:\/\/labestiapolitica.com.mx\/index.php?rest_route=%2Fwp%2Fv2%2Fmedia&parent=58803"}],"wp:term":[{"taxonomy":"category","embeddable":true,"href":"https:\/\/labestiapolitica.com.mx\/index.php?rest_route=%2Fwp%2Fv2%2Fcategories&post=58803"},{"taxonomy":"post_tag","embeddable":true,"href":"https:\/\/labestiapolitica.com.mx\/index.php?rest_route=%2Fwp%2Fv2%2Ftags&post=58803"}],"curies":[{"name":"wp","href":"https:\/\/api.w.org\/{rel}","templated":true}]}}