{"id":58812,"date":"2026-01-20T08:59:53","date_gmt":"2026-01-20T14:59:53","guid":{"rendered":"https:\/\/labestiapolitica.com.mx\/?p=58812"},"modified":"2026-01-20T09:01:19","modified_gmt":"2026-01-20T15:01:19","slug":"no-traicione-a-adriana-davila-hioo-desmiente-version-sobre-campana-de-2010","status":"publish","type":"post","link":"https:\/\/labestiapolitica.com.mx\/?p=58812","title":{"rendered":"\u201cNo traicion\u00e9 a Adriana D\u00e1vila\u201d: HIOO desmiente versi\u00f3n sobre campa\u00f1a de 2010"},"content":{"rendered":"<ul>\n<li class=\"p1\" style=\"text-align: justify;\">\n<blockquote><p>El exgobernador afirma que cumpli\u00f3 con el compromiso hecho con el presidente Calder\u00f3n de apoyar a la candidata.<\/p><\/blockquote>\n<\/li>\n<\/ul>\n<p style=\"text-align: justify;\">Ana S\u00e1nchez \/\/ Invitado al programa Caballo de Troya, el exgobernador de Tlaxcala, H\u00e9ctor Ortiz Ortiz,\u00a0 sali\u00f3 al paso de las versiones que lo se\u00f1alan como responsable de la derrota de Adriana D\u00e1vila en la elecci\u00f3n a la gubernatura de 2010, afirmando de manera categ\u00f3rica: \u00abNosotros no traicionamos\u00bb.<\/p>\n<p class=\"p1\" style=\"text-align: justify;\"><span class=\"s1\">En entrevista, Ortiz record\u00f3 que el entonces presidente Felipe Calder\u00f3n le pregunt\u00f3 su opini\u00f3n sobre la sucesi\u00f3n. \u00abAdriana iba como seis puntos abajo&#8230; y me dijo &#8216;no los podemos abatir&#8217;. Le dije &#8216;claro, si el presidente quiere, se puede'\u00bb, relat\u00f3. Acept\u00f3 el compromiso: \u00abMe ayudas con Adriana? Le dije &#8216;s\u00ed, te ayudo, c\u00f3mo no'\u00bb. Sobre ese apoyo, fue enf\u00e1tico: \u00abS\u00ed, por supuesto. S\u00ed hubo ese apoyo\u00bb.<\/span><\/p>\n<p class=\"p1\" style=\"text-align: justify;\"><span class=\"s1\">El ahora dirigente estatal del Partido Alianza Ciudadana (PAC) atribuy\u00f3 el resultado electoral a otros factores. Revel\u00f3 un episodio donde, preocupado, ofreci\u00f3 a D\u00e1vila ayuda en log\u00edstica y representantes. \u00abMe dijo &#8216;no se preocupe&#8217;&#8230; me llev\u00f3 a un lugar&#8230; con 60 personajes cada uno con una computadora y me dice &#8216;aqu\u00ed tengo un ej\u00e9rcito para ganar la elecci\u00f3n, todo est\u00e1 bajo control'\u00bb, narr\u00f3 Ortiz, quien admiti\u00f3 haberse quedado \u00abmuy tranquilo\u00bb tras ver esa operaci\u00f3n.<\/span><\/p>\n<p class=\"p1\" style=\"text-align: justify;\"><span class=\"s1\">En este contexto evalu\u00f3 que, falt\u00f3 experiencia, \u00abQuiz\u00e1 un poco de falta de experiencia. No creo que soberbia, pero le falt\u00f3 la experiencia. No hab\u00eda ganado ella nunca antes ninguna elecci\u00f3n\u00bb, analiz\u00f3 Ortiz, destacando que, a pesar de la derrota, D\u00e1vila subi\u00f3 la votaci\u00f3n panista en el estado. Sobre las \u00abtraiciones\u00bb internas, coment\u00f3: \u00abPues los intereses de siempre, eso se acomoda seg\u00fan las expectativas de cada quien\u00bb.<\/span><\/p>\n<p class=\"p1\" style=\"text-align: justify;\"><span class=\"s1\">Finalmente, justific\u00f3 su lealtad a la candidata oficial: \u00abJam\u00e1s pensamos en la traici\u00f3n porque no pod\u00edamos traicionar al presidente&#8230; era imposible, adem\u00e1s era mi amigo personal\u00bb.<\/span><\/p>\n","protected":false},"excerpt":{"rendered":"<p>El exgobernador afirma que cumpli\u00f3 con el compromiso hecho con el presidente Calder\u00f3n de apoyar a la candidata. Ana S\u00e1nchez \/\/ Invitado al programa Caballo de Troya, el exgobernador de Tlaxcala, H\u00e9ctor Ortiz Ortiz,\u00a0 sali\u00f3 al paso de las versiones que lo se\u00f1alan como responsable de la derrota de Adriana D\u00e1vila en la elecci\u00f3n a [&hellip;]<\/p>\n","protected":false},"author":3,"featured_media":58813,"comment_status":"open","ping_status":"open","sticky":false,"template":"","format":"standard","meta":{"footnotes":""},"categories":[3,12,7],"tags":[],"class_list":["post-58812","post","type-post","status-publish","format-standard","has-post-thumbnail","hentry","category-8-columnas","category-brujula-2026","category-ciudadanos"],"amp_enabled":true,"_links":{"self":[{"href":"https:\/\/labestiapolitica.com.mx\/index.php?rest_route=\/wp\/v2\/posts\/58812","targetHints":{"allow":["GET"]}}],"collection":[{"href":"https:\/\/labestiapolitica.com.mx\/index.php?rest_route=\/wp\/v2\/posts"}],"about":[{"href":"https:\/\/labestiapolitica.com.mx\/index.php?rest_route=\/wp\/v2\/types\/post"}],"author":[{"embeddable":true,"href":"https:\/\/labestiapolitica.com.mx\/index.php?rest_route=\/wp\/v2\/users\/3"}],"replies":[{"embeddable":true,"href":"https:\/\/labestiapolitica.com.mx\/index.php?rest_route=%2Fwp%2Fv2%2Fcomments&post=58812"}],"version-history":[{"count":3,"href":"https:\/\/labestiapolitica.com.mx\/index.php?rest_route=\/wp\/v2\/posts\/58812\/revisions"}],"predecessor-version":[{"id":58816,"href":"https:\/\/labestiapolitica.com.mx\/index.php?rest_route=\/wp\/v2\/posts\/58812\/revisions\/58816"}],"wp:featuredmedia":[{"embeddable":true,"href":"https:\/\/labestiapolitica.com.mx\/index.php?rest_route=\/wp\/v2\/media\/58813"}],"wp:attachment":[{"href":"https:\/\/labestiapolitica.com.mx\/index.php?rest_route=%2Fwp%2Fv2%2Fmedia&parent=58812"}],"wp:term":[{"taxonomy":"category","embeddable":true,"href":"https:\/\/labestiapolitica.com.mx\/index.php?rest_route=%2Fwp%2Fv2%2Fcategories&post=58812"},{"taxonomy":"post_tag","embeddable":true,"href":"https:\/\/labestiapolitica.com.mx\/index.php?rest_route=%2Fwp%2Fv2%2Ftags&post=58812"}],"curies":[{"name":"wp","href":"https:\/\/api.w.org\/{rel}","templated":true}]}}