{"id":58821,"date":"2026-01-20T11:35:05","date_gmt":"2026-01-20T17:35:05","guid":{"rendered":"https:\/\/labestiapolitica.com.mx\/?p=58821"},"modified":"2026-01-20T12:43:33","modified_gmt":"2026-01-20T18:43:33","slug":"pri-defendera-a-mexico-de-la-ley-maduro-enrique-padilla","status":"publish","type":"post","link":"https:\/\/labestiapolitica.com.mx\/?p=58821","title":{"rendered":"PRI defender\u00e1 a M\u00e9xico de la &#8216;Ley Maduro'\u00bb: Enrique Padilla"},"content":{"rendered":"<ul>\n<li>El dirigente estatal acus\u00f3 que la reforma electoral de Morena busca eliminar a la oposici\u00f3n y avanzar hacia un autoritarismo<\/li>\n<\/ul>\n<p style=\"text-align: justify;\">Ana S\u00e1nchez\/\/ El presidente del Comit\u00e9 Directivo Estatal del PRI, Enrique Padilla, calific\u00f3 la propuesta de reforma electoral impulsada por Morena como la \u00abLey Maduro\u00bb, asegurando que su partido se opondr\u00e1 frontalmente a lo que describi\u00f3 como un intento por \u00absilenciar las voces de quienes piensan diferente\u00bb y seguir \u00abel camino de conversi\u00f3n de M\u00e9xico hacia el autoritarismo al estilo de Nicol\u00e1s Maduro en Venezuela\u00bb.<\/p>\n<p style=\"text-align: justify;\">Padilla afirm\u00f3 que la iniciativa, que plantea, entre otros cambios, la eliminaci\u00f3n de la representaci\u00f3n proporcional, tiene un corte autoritario, \u00abEl objetivo de esta reforma desde el oficialismo es eliminar paulatinamente la oposici\u00f3n y a sus propios aliados\u00bb, declar\u00f3, advirtiendo sobre un \u00abpeligro inminente de dictadura\u00bb al no contar con organismos aut\u00f3nomos, ni oposici\u00f3n pol\u00edtica con voz y voto en el poder legislativo.<\/p>\n<p style=\"text-align: justify;\">Expuso que la eliminaci\u00f3n de la representaci\u00f3n proporcional viola el derecho a la representaci\u00f3n pol\u00edtica, argument\u00f3 que \u00abEl derecho de las minor\u00edas de la sociedad a contar con representaci\u00f3n pol\u00edtica se ver\u00eda severamente afectado\u00bb.<\/p>\n<p style=\"text-align: justify;\">El dirigente priista concluy\u00f3 este tema al afirmar que, \u00abEl PRI defender\u00e1 a M\u00e9xico de la &#8216;Ley Maduro&#8217;&#8230; y seguir\u00e1 siendo la voz de quienes piensan diferente&#8230; reafirmando que siempre estar\u00e1 del lado de la libertad y de los derechos\u00bb.<\/p>\n<p style=\"text-align: justify;\">\n","protected":false},"excerpt":{"rendered":"<p>El dirigente estatal acus\u00f3 que la reforma electoral de Morena busca eliminar a la oposici\u00f3n y avanzar hacia un autoritarismo Ana S\u00e1nchez\/\/ El presidente del Comit\u00e9 Directivo Estatal del PRI, Enrique Padilla, calific\u00f3 la propuesta de reforma electoral impulsada por Morena como la \u00abLey Maduro\u00bb, asegurando que su partido se opondr\u00e1 frontalmente a lo que [&hellip;]<\/p>\n","protected":false},"author":3,"featured_media":58823,"comment_status":"open","ping_status":"open","sticky":false,"template":"","format":"standard","meta":{"footnotes":""},"categories":[3,247,250],"tags":[],"class_list":["post-58821","post","type-post","status-publish","format-standard","has-post-thumbnail","hentry","category-8-columnas","category-politica","category-pri"],"amp_enabled":true,"_links":{"self":[{"href":"https:\/\/labestiapolitica.com.mx\/index.php?rest_route=\/wp\/v2\/posts\/58821","targetHints":{"allow":["GET"]}}],"collection":[{"href":"https:\/\/labestiapolitica.com.mx\/index.php?rest_route=\/wp\/v2\/posts"}],"about":[{"href":"https:\/\/labestiapolitica.com.mx\/index.php?rest_route=\/wp\/v2\/types\/post"}],"author":[{"embeddable":true,"href":"https:\/\/labestiapolitica.com.mx\/index.php?rest_route=\/wp\/v2\/users\/3"}],"replies":[{"embeddable":true,"href":"https:\/\/labestiapolitica.com.mx\/index.php?rest_route=%2Fwp%2Fv2%2Fcomments&post=58821"}],"version-history":[{"count":2,"href":"https:\/\/labestiapolitica.com.mx\/index.php?rest_route=\/wp\/v2\/posts\/58821\/revisions"}],"predecessor-version":[{"id":58832,"href":"https:\/\/labestiapolitica.com.mx\/index.php?rest_route=\/wp\/v2\/posts\/58821\/revisions\/58832"}],"wp:featuredmedia":[{"embeddable":true,"href":"https:\/\/labestiapolitica.com.mx\/index.php?rest_route=\/wp\/v2\/media\/58823"}],"wp:attachment":[{"href":"https:\/\/labestiapolitica.com.mx\/index.php?rest_route=%2Fwp%2Fv2%2Fmedia&parent=58821"}],"wp:term":[{"taxonomy":"category","embeddable":true,"href":"https:\/\/labestiapolitica.com.mx\/index.php?rest_route=%2Fwp%2Fv2%2Fcategories&post=58821"},{"taxonomy":"post_tag","embeddable":true,"href":"https:\/\/labestiapolitica.com.mx\/index.php?rest_route=%2Fwp%2Fv2%2Ftags&post=58821"}],"curies":[{"name":"wp","href":"https:\/\/api.w.org\/{rel}","templated":true}]}}