{"id":58824,"date":"2026-01-20T12:10:59","date_gmt":"2026-01-20T18:10:59","guid":{"rendered":"https:\/\/labestiapolitica.com.mx\/?p=58824"},"modified":"2026-01-20T12:15:18","modified_gmt":"2026-01-20T18:15:18","slug":"nadie-se-raja-cuando-se-trata-de-defender-principios-diputada-miriam-martinez-presenta-programa-legislativo-del-pan-en-tlaxcala","status":"publish","type":"post","link":"https:\/\/labestiapolitica.com.mx\/?p=58824","title":{"rendered":"\u00abNadie se raja cuando se trata de defender principios\u00bb: Diputada Miriam Mart\u00ednez presenta programa legislativo del PAN en Tlaxcala"},"content":{"rendered":"<blockquote>\n<p class=\"p1\" style=\"text-align: justify;\">Con una agenda centrada en dignificar a la persona y fortalecer las instituciones, la bancada panista propone reformas en materia constitucional, laboral, municipal, penal y de protecci\u00f3n a la maternidad.<\/p>\n<\/blockquote>\n<p class=\"p1\" style=\"text-align: justify;\"><span class=\"s1\">Mariana LOVERA\/\/ La diputada local Miriam Mart\u00ednez, representante del Partido Acci\u00f3n Nacional (PAN) en el Congreso de Tlaxcala, present\u00f3 el programa legislativo de su bancada con un llamado a priorizar \u201cuna visi\u00f3n de Estado, no de coyuntura\u201d y a colocar a la persona en el centro de las decisiones p\u00fablicas.<\/span><\/p>\n<p class=\"p1\" style=\"text-align: justify;\"><span class=\"s1\">\u201cEn Acci\u00f3n Nacional creemos que la pol\u00edtica debe servir para dignificar a la persona, fortalecer las instituciones y construir el bien com\u00fan. Aqu\u00ed nadie se raja cuando se trata de defender estos principios\u201d, afirm\u00f3 Mart\u00ednez desde la tribuna, tras la aprobaci\u00f3n de la agenda por el Pleno.<\/span><\/p>\n<p class=\"p1\" style=\"text-align: justify;\"><span class=\"s1\">Entre los ejes centrales del programa destaca la propuesta para fortalecer la Constituci\u00f3n local, con el fin de responder a \u201clos desaf\u00edos democr\u00e1ticos, sociales e institucionales de nuestro tiempo\u201d. La diputada subray\u00f3 que la transparencia, la rendici\u00f3n de cuentas, la legalidad y la protecci\u00f3n de los derechos humanos \u201cson obligaciones que este Congreso no puede seguir postergando\u201d.<\/span><\/p>\n<p class=\"p1\" style=\"text-align: justify;\"><span class=\"s1\">En materia laboral, el PAN plantea una revisi\u00f3n profunda a la ley que rige a los servidores p\u00fablicos del estado y sus municipios. \u201cQuienes sirven al Estado merecen certeza jur\u00eddica, procedimientos claros y condiciones laborales justas. Un gobierno que precariza a sus trabajadores debilita al propio Estado\u201d, se\u00f1al\u00f3.<\/span><\/p>\n<p class=\"p1\" style=\"text-align: justify;\"><span class=\"s1\">Asimismo, bajo el principio federalista y subsidiario, la bancada propone fortalecer a los municipios como el orden de gobierno m\u00e1s cercano a la ciudadan\u00eda. \u201cSi los municipios no tienen capacidad jur\u00eddica, administrativa y financiera, la gente es la primera en pagar las consecuencias\u201d, advirti\u00f3 Mart\u00ednez.<\/span><\/p>\n<p class=\"p1\" style=\"text-align: justify;\"><span class=\"s1\">En el \u00e1mbito penal, la legisladora llam\u00f3 a discutir \u201ccon mucha seriedad\u201d la imprescriptibilidad de delitos que lesionen bienes jur\u00eddicos fundamentales, especialmente aquellos que afecten a menores de edad. \u201cEl acceso a la justicia tambi\u00e9n es un derecho humano, y este Congreso debe estar a la altura de las v\u00edctimas, no de los agresores\u201d, afirm\u00f3.<\/span><\/p>\n<p class=\"p1\" style=\"text-align: justify;\"><span class=\"s1\">Uno de los puntos que destac\u00f3 con mayor \u00e9nfasis fue la propuesta de una ley integral para la protecci\u00f3n de la maternidad y la primera infancia. \u201cProteger a las mujeres embarazadas, a las ni\u00f1as y ni\u00f1os en sus primeros a\u00f1os de vida no es ideolog\u00eda, es humanidad\u201d, expres\u00f3. La iniciativa busca garantizar atenci\u00f3n m\u00e9dica, proteger el empleo, sancionar el despido por embarazo y reconocer la maternidad como una etapa de especial protecci\u00f3n social.<\/span><\/p>\n<p class=\"p1\" style=\"text-align: justify;\"><span class=\"s1\">Con testimonios personales, Mart\u00ednez record\u00f3: \u201cYo soy hija, como muchos de los que estamos aqu\u00ed, de una madre que careci\u00f3 de estos respaldos. Yo soy madre, como muchas que adolecimos del apoyo del Estado. Eso debe acabarse\u201d.<\/span><\/p>\n<p class=\"p1\" style=\"text-align: justify;\"><span class=\"s1\">La diputada cerr\u00f3 su intervenci\u00f3n reafirmando el compromiso de su bancada: \u201cLegislar es asumir responsabilidades, no es esconderse; es defender causas, no intereses. Cuando se legisla con principios, con valor y compromiso social, el futuro deja de ser una promesa y se convierte en responsabilidad\u201d.<\/span><\/p>\n","protected":false},"excerpt":{"rendered":"<p>Con una agenda centrada en dignificar a la persona y fortalecer las instituciones, la bancada panista propone reformas en materia constitucional, laboral, municipal, penal y de protecci\u00f3n a la maternidad. Mariana LOVERA\/\/ La diputada local Miriam Mart\u00ednez, representante del Partido Acci\u00f3n Nacional (PAN) en el Congreso de Tlaxcala, present\u00f3 el programa legislativo de su bancada [&hellip;]<\/p>\n","protected":false},"author":6,"featured_media":58826,"comment_status":"open","ping_status":"open","sticky":false,"template":"","format":"standard","meta":{"footnotes":""},"categories":[3,248,247],"tags":[],"class_list":["post-58824","post","type-post","status-publish","format-standard","has-post-thumbnail","hentry","category-8-columnas","category-pan","category-politica"],"amp_enabled":true,"_links":{"self":[{"href":"https:\/\/labestiapolitica.com.mx\/index.php?rest_route=\/wp\/v2\/posts\/58824","targetHints":{"allow":["GET"]}}],"collection":[{"href":"https:\/\/labestiapolitica.com.mx\/index.php?rest_route=\/wp\/v2\/posts"}],"about":[{"href":"https:\/\/labestiapolitica.com.mx\/index.php?rest_route=\/wp\/v2\/types\/post"}],"author":[{"embeddable":true,"href":"https:\/\/labestiapolitica.com.mx\/index.php?rest_route=\/wp\/v2\/users\/6"}],"replies":[{"embeddable":true,"href":"https:\/\/labestiapolitica.com.mx\/index.php?rest_route=%2Fwp%2Fv2%2Fcomments&post=58824"}],"version-history":[{"count":1,"href":"https:\/\/labestiapolitica.com.mx\/index.php?rest_route=\/wp\/v2\/posts\/58824\/revisions"}],"predecessor-version":[{"id":58825,"href":"https:\/\/labestiapolitica.com.mx\/index.php?rest_route=\/wp\/v2\/posts\/58824\/revisions\/58825"}],"wp:featuredmedia":[{"embeddable":true,"href":"https:\/\/labestiapolitica.com.mx\/index.php?rest_route=\/wp\/v2\/media\/58826"}],"wp:attachment":[{"href":"https:\/\/labestiapolitica.com.mx\/index.php?rest_route=%2Fwp%2Fv2%2Fmedia&parent=58824"}],"wp:term":[{"taxonomy":"category","embeddable":true,"href":"https:\/\/labestiapolitica.com.mx\/index.php?rest_route=%2Fwp%2Fv2%2Fcategories&post=58824"},{"taxonomy":"post_tag","embeddable":true,"href":"https:\/\/labestiapolitica.com.mx\/index.php?rest_route=%2Fwp%2Fv2%2Ftags&post=58824"}],"curies":[{"name":"wp","href":"https:\/\/api.w.org\/{rel}","templated":true}]}}