{"id":58833,"date":"2026-01-20T12:55:34","date_gmt":"2026-01-20T18:55:34","guid":{"rendered":"https:\/\/labestiapolitica.com.mx\/?p=58833"},"modified":"2026-01-20T12:55:53","modified_gmt":"2026-01-20T18:55:53","slug":"%f0%9f%9a%a8%f0%9f%94%a5-atienden-autoridades-incendio-en-limites-de-reforma-y-texcacoac-llaman-a-evitar-quema-de-basura","status":"publish","type":"post","link":"https:\/\/labestiapolitica.com.mx\/?p=58833","title":{"rendered":"\ud83d\udea8\ud83d\udd25 Atienden autoridades incendio en l\u00edmites de Reforma y Texcacoac; llaman a evitar quema de basura"},"content":{"rendered":"<p style=\"text-align: justify;\" data-start=\"113\" data-end=\"520\">En un trabajo coordinado, elementos de la <span class=\"hover:entity-accent entity-underline inline cursor-pointer align-baseline\"><span class=\"whitespace-normal\">Polic\u00eda Municipal de Chiautempan<\/span><\/span>, la <span class=\"hover:entity-accent entity-underline inline cursor-pointer align-baseline\"><span class=\"whitespace-normal\">Polic\u00eda Estatal de Tlaxcala<\/span><\/span>, Protecci\u00f3n Civil de Chiautempan y el <span class=\"hover:entity-accent entity-underline inline cursor-pointer align-baseline\"><span class=\"whitespace-normal\">Heroico Cuerpo de Bomberos<\/span><\/span> lograron sofocar de manera oportuna un incendio registrado en los l\u00edmites entre las comunidades de Reforma y Texcacoac, en el municipio de <span class=\"hover:entity-accent entity-underline inline cursor-pointer align-baseline\"><span class=\"whitespace-normal\">Chiautempan<\/span><\/span>.<\/p>\n<p style=\"text-align: justify;\" data-start=\"522\" data-end=\"744\">De acuerdo con los primeros reportes, el siniestro habr\u00eda sido provocado por la quema irresponsable de basura, pr\u00e1ctica que gener\u00f3 riesgo para las viviendas cercanas, la integridad de la poblaci\u00f3n y el entorno natural.<\/p>\n<p style=\"text-align: justify;\" data-start=\"746\" data-end=\"914\">Gracias a la r\u00e1pida intervenci\u00f3n de los cuerpos de emergencia, el fuego fue controlado sin que se reportaran personas lesionadas, evitando as\u00ed mayores afectaciones.<\/p>\n<p style=\"text-align: justify;\" data-start=\"916\" data-end=\"1132\">Las autoridades exhortaron a la ciudadan\u00eda a evitar la quema de basura, ya que adem\u00e1s de representar un peligro para la seguridad y el medio ambiente, puede derivar en sanciones conforme a la ley vigente.<\/p>\n<p style=\"text-align: justify;\" data-start=\"1134\" data-end=\"1315\">El Gobierno Municipal reiter\u00f3 el llamado a la responsabilidad ciudadana, recordando que la prevenci\u00f3n es fundamental para evitar emergencias que pongan en riesgo a la comunidad.<img loading=\"lazy\" decoding=\"async\" class=\"alignnone size-full wp-image-58835\" src=\"https:\/\/labestiapolitica.com.mx\/wp-content\/uploads\/2026\/01\/WhatsApp-Image-2026-01-20-at-10.20.28-AM.jpeg\" alt=\"\" width=\"720\" height=\"1280\" srcset=\"https:\/\/labestiapolitica.com.mx\/wp-content\/uploads\/2026\/01\/WhatsApp-Image-2026-01-20-at-10.20.28-AM.jpeg 720w, https:\/\/labestiapolitica.com.mx\/wp-content\/uploads\/2026\/01\/WhatsApp-Image-2026-01-20-at-10.20.28-AM-169x300.jpeg 169w, https:\/\/labestiapolitica.com.mx\/wp-content\/uploads\/2026\/01\/WhatsApp-Image-2026-01-20-at-10.20.28-AM-576x1024.jpeg 576w\" sizes=\"auto, (max-width: 720px) 100vw, 720px\" \/> <img loading=\"lazy\" decoding=\"async\" class=\"alignnone size-full wp-image-58836\" src=\"https:\/\/labestiapolitica.com.mx\/wp-content\/uploads\/2026\/01\/WhatsApp-Image-2026-01-20-at-10.20.27-AM-1.jpeg\" alt=\"\" width=\"1280\" height=\"720\" srcset=\"https:\/\/labestiapolitica.com.mx\/wp-content\/uploads\/2026\/01\/WhatsApp-Image-2026-01-20-at-10.20.27-AM-1.jpeg 1280w, https:\/\/labestiapolitica.com.mx\/wp-content\/uploads\/2026\/01\/WhatsApp-Image-2026-01-20-at-10.20.27-AM-1-300x169.jpeg 300w, https:\/\/labestiapolitica.com.mx\/wp-content\/uploads\/2026\/01\/WhatsApp-Image-2026-01-20-at-10.20.27-AM-1-1024x576.jpeg 1024w, https:\/\/labestiapolitica.com.mx\/wp-content\/uploads\/2026\/01\/WhatsApp-Image-2026-01-20-at-10.20.27-AM-1-768x432.jpeg 768w\" sizes=\"auto, (max-width: 1280px) 100vw, 1280px\" \/> <img loading=\"lazy\" decoding=\"async\" class=\"alignnone size-full wp-image-58837\" src=\"https:\/\/labestiapolitica.com.mx\/wp-content\/uploads\/2026\/01\/WhatsApp-Image-2026-01-20-at-10.20.27-AM-2.jpeg\" alt=\"\" width=\"1084\" height=\"719\" srcset=\"https:\/\/labestiapolitica.com.mx\/wp-content\/uploads\/2026\/01\/WhatsApp-Image-2026-01-20-at-10.20.27-AM-2.jpeg 1084w, https:\/\/labestiapolitica.com.mx\/wp-content\/uploads\/2026\/01\/WhatsApp-Image-2026-01-20-at-10.20.27-AM-2-300x199.jpeg 300w, https:\/\/labestiapolitica.com.mx\/wp-content\/uploads\/2026\/01\/WhatsApp-Image-2026-01-20-at-10.20.27-AM-2-1024x679.jpeg 1024w, https:\/\/labestiapolitica.com.mx\/wp-content\/uploads\/2026\/01\/WhatsApp-Image-2026-01-20-at-10.20.27-AM-2-768x509.jpeg 768w\" sizes=\"auto, (max-width: 1084px) 100vw, 1084px\" \/> <img loading=\"lazy\" decoding=\"async\" class=\"alignnone size-full wp-image-58838\" src=\"https:\/\/labestiapolitica.com.mx\/wp-content\/uploads\/2026\/01\/WhatsApp-Image-2026-01-20-at-10.20.28-AM-1.jpeg\" alt=\"\" width=\"1599\" height=\"899\" srcset=\"https:\/\/labestiapolitica.com.mx\/wp-content\/uploads\/2026\/01\/WhatsApp-Image-2026-01-20-at-10.20.28-AM-1.jpeg 1599w, https:\/\/labestiapolitica.com.mx\/wp-content\/uploads\/2026\/01\/WhatsApp-Image-2026-01-20-at-10.20.28-AM-1-300x169.jpeg 300w, https:\/\/labestiapolitica.com.mx\/wp-content\/uploads\/2026\/01\/WhatsApp-Image-2026-01-20-at-10.20.28-AM-1-1024x576.jpeg 1024w, https:\/\/labestiapolitica.com.mx\/wp-content\/uploads\/2026\/01\/WhatsApp-Image-2026-01-20-at-10.20.28-AM-1-768x432.jpeg 768w, https:\/\/labestiapolitica.com.mx\/wp-content\/uploads\/2026\/01\/WhatsApp-Image-2026-01-20-at-10.20.28-AM-1-1536x864.jpeg 1536w\" sizes=\"auto, (max-width: 1599px) 100vw, 1599px\" \/><\/p>\n<p data-start=\"1134\" data-end=\"1315\">\n","protected":false},"excerpt":{"rendered":"<p>En un trabajo coordinado, elementos de la Polic\u00eda Municipal de Chiautempan, la Polic\u00eda Estatal de Tlaxcala, Protecci\u00f3n Civil de Chiautempan y el Heroico Cuerpo de Bomberos lograron sofocar de manera oportuna un incendio registrado en los l\u00edmites entre las comunidades de Reforma y Texcacoac, en el municipio de Chiautempan. De acuerdo con los primeros reportes, [&hellip;]<\/p>\n","protected":false},"author":3,"featured_media":58834,"comment_status":"open","ping_status":"open","sticky":false,"template":"","format":"standard","meta":{"footnotes":""},"categories":[215],"tags":[],"class_list":["post-58833","post","type-post","status-publish","format-standard","has-post-thumbnail","hentry","category-chiautempan"],"amp_enabled":true,"_links":{"self":[{"href":"https:\/\/labestiapolitica.com.mx\/index.php?rest_route=\/wp\/v2\/posts\/58833","targetHints":{"allow":["GET"]}}],"collection":[{"href":"https:\/\/labestiapolitica.com.mx\/index.php?rest_route=\/wp\/v2\/posts"}],"about":[{"href":"https:\/\/labestiapolitica.com.mx\/index.php?rest_route=\/wp\/v2\/types\/post"}],"author":[{"embeddable":true,"href":"https:\/\/labestiapolitica.com.mx\/index.php?rest_route=\/wp\/v2\/users\/3"}],"replies":[{"embeddable":true,"href":"https:\/\/labestiapolitica.com.mx\/index.php?rest_route=%2Fwp%2Fv2%2Fcomments&post=58833"}],"version-history":[{"count":1,"href":"https:\/\/labestiapolitica.com.mx\/index.php?rest_route=\/wp\/v2\/posts\/58833\/revisions"}],"predecessor-version":[{"id":58839,"href":"https:\/\/labestiapolitica.com.mx\/index.php?rest_route=\/wp\/v2\/posts\/58833\/revisions\/58839"}],"wp:featuredmedia":[{"embeddable":true,"href":"https:\/\/labestiapolitica.com.mx\/index.php?rest_route=\/wp\/v2\/media\/58834"}],"wp:attachment":[{"href":"https:\/\/labestiapolitica.com.mx\/index.php?rest_route=%2Fwp%2Fv2%2Fmedia&parent=58833"}],"wp:term":[{"taxonomy":"category","embeddable":true,"href":"https:\/\/labestiapolitica.com.mx\/index.php?rest_route=%2Fwp%2Fv2%2Fcategories&post=58833"},{"taxonomy":"post_tag","embeddable":true,"href":"https:\/\/labestiapolitica.com.mx\/index.php?rest_route=%2Fwp%2Fv2%2Ftags&post=58833"}],"curies":[{"name":"wp","href":"https:\/\/api.w.org\/{rel}","templated":true}]}}