{"id":58844,"date":"2026-01-20T13:17:12","date_gmt":"2026-01-20T19:17:12","guid":{"rendered":"https:\/\/labestiapolitica.com.mx\/?p=58844"},"modified":"2026-01-20T13:20:26","modified_gmt":"2026-01-20T19:20:26","slug":"cedh-conmemora-dia-naranja-con-reflexion-sobre-el-derecho-al-aguay","status":"publish","type":"post","link":"https:\/\/labestiapolitica.com.mx\/?p=58844","title":{"rendered":"CEDH conmemora \u201cD\u00eda Naranja\u201d con reflexi\u00f3n sobre el derecho al agua"},"content":{"rendered":"<blockquote>\n<p class=\"p1\" style=\"text-align: justify;\">Autoridades estatales y una experta internacional destacaron que la falta de acceso al agua impacta desproporcionadamente a mujeres y ni\u00f1as, recarg\u00e1ndolas con trabajo no remunerado y limitando sus derechos<\/p>\n<\/blockquote>\n<p class=\"p1\" style=\"text-align: justify;\"><span class=\"s1\">Ana S\u00e1nchez \/\/ En el marco de la conmemoraci\u00f3n mensual del D\u00eda Naranja, dedicado a erradicar la violencia contra las mujeres, la Comisi\u00f3n Estatal de Derechos Humanos (CEDHT) alberg\u00f3 la conferencia magistral \u00abMujeres y el Derecho al Agua\u00bb, impartida por Raquel Caballero de Guevara, procuradora general de Derechos Humanos de El Salvador y Presidenta del Consejo de Instituciones Nacionales de Derechos Humanos de Centroam\u00e9rica y Rep\u00fablica Dominicana.<\/span><\/p>\n<p class=\"p1\" style=\"text-align: justify;\"><span class=\"s1\">El evento, realizado en el Centro de Di\u00e1logo y Promoci\u00f3n de la Cultura de Paz de la CEDHT, reuni\u00f3 a personas servidoras p\u00fablicas de los tres poderes del estado.<\/span><\/p>\n<p class=\"p1\" style=\"text-align: justify;\"><span class=\"s1\">Durante la inauguraci\u00f3n, la presidenta de la CEDHT, Jakqueline Ordo\u00f1ez Brasdefer, enfatiz\u00f3 que el deber de las instituciones no se limita a la denuncia, sino a \u00abconocer las m\u00faltiples aristas de la actividad humana y procurar su materializaci\u00f3n a partir de las necesidades reales\u00bb. <\/span><\/p>\n<p class=\"p1\" style=\"text-align: justify;\"><span class=\"s1\">Destac\u00f3 que, \u00abel derecho al agua no solo se trata de infraestructura o de servicios; se trata de justicia social, de igualdad sustantiva y de derechos humanos en su expresi\u00f3n m\u00e1s b\u00e1sica y m\u00e1s humana\u00bb, afirm\u00f3 Ordo\u00f1ez Brasdefer. Se\u00f1al\u00f3 que para muchas mujeres y ni\u00f1as, el acceso al agua \u00abno es un derecho garantizado al 100%, sino una lucha diaria\u00bb, una carga hist\u00f3rica e invisible.<\/span><\/p>\n<p class=\"p1\" style=\"text-align: justify;\"><span class=\"s1\">Por su parte, la diputada Lorena Ruiz Garc\u00eda, presidenta de la Comisi\u00f3n de Igualdad de G\u00e9nero y contra la Trata de Personas del Congreso local, subray\u00f3 que el derecho al agua es un tema fundamental que ha mantenido \u00abinvisibilizada la experiencia de las mujeres y las ni\u00f1as\u00bb.<\/span><\/p>\n<p class=\"p1\" style=\"text-align: justify;\"><span class=\"s1\">\u00abHablar del agua es hablar de vida, de salud, de dignidad y de igualdad, para millones de mujeres en el mundo, la falta de acceso al agua potable implica jornadas extenuantes de trabajo no remunerado, riesgos para su salud, limitaciones para su educaci\u00f3n y obst\u00e1culos para el ejercicio pleno de otros derechos\u00bb, expuso la legisladora.<\/span><\/p>\n<p class=\"p1\" style=\"text-align: justify;\"><span class=\"s1\">Ruiz Garc\u00eda afirm\u00f3 que la desigualdad en el acceso al agua \u00abtiene un rostro claramente femenino\u00bb y recae sobre las mujeres la responsabilidad de conseguirla, administrarla y enfrentar los riesgos de su privatizaci\u00f3n o contaminaci\u00f3n.<\/span><\/p>\n<p class=\"p1\" style=\"text-align: justify;\"><span class=\"s1\">La diputada concluy\u00f3 haciendo un llamado a traducir las reflexiones en acciones concretas y una agenda com\u00fan que defienda el agua \u00abcomo lo que es: un derecho humano, no un privilegio\u00bb.<\/span><\/p>\n<p class=\"p1\" style=\"text-align: justify;\"><span class=\"s1\">El pres\u00eddium del acto protocolario estuvo integrado, adem\u00e1s por la magistrada presidenta del Tribunal Superior de Justicia del Estado, Fanny Margarita Amador Montes, y la ponente internacional,<span class=\"Apple-converted-space\">\u00a0 <\/span>Raquel Caballero de Guevara.<\/span><\/p>\n","protected":false},"excerpt":{"rendered":"<p>Autoridades estatales y una experta internacional destacaron que la falta de acceso al agua impacta desproporcionadamente a mujeres y ni\u00f1as, recarg\u00e1ndolas con trabajo no remunerado y limitando sus derechos Ana S\u00e1nchez \/\/ En el marco de la conmemoraci\u00f3n mensual del D\u00eda Naranja, dedicado a erradicar la violencia contra las mujeres, la Comisi\u00f3n Estatal de Derechos [&hellip;]<\/p>\n","protected":false},"author":3,"featured_media":58845,"comment_status":"open","ping_status":"open","sticky":false,"template":"","format":"standard","meta":{"footnotes":""},"categories":[3,232],"tags":[],"class_list":["post-58844","post","type-post","status-publish","format-standard","has-post-thumbnail","hentry","category-8-columnas","category-derechos-humanos-tlaxcala"],"amp_enabled":true,"_links":{"self":[{"href":"https:\/\/labestiapolitica.com.mx\/index.php?rest_route=\/wp\/v2\/posts\/58844","targetHints":{"allow":["GET"]}}],"collection":[{"href":"https:\/\/labestiapolitica.com.mx\/index.php?rest_route=\/wp\/v2\/posts"}],"about":[{"href":"https:\/\/labestiapolitica.com.mx\/index.php?rest_route=\/wp\/v2\/types\/post"}],"author":[{"embeddable":true,"href":"https:\/\/labestiapolitica.com.mx\/index.php?rest_route=\/wp\/v2\/users\/3"}],"replies":[{"embeddable":true,"href":"https:\/\/labestiapolitica.com.mx\/index.php?rest_route=%2Fwp%2Fv2%2Fcomments&post=58844"}],"version-history":[{"count":3,"href":"https:\/\/labestiapolitica.com.mx\/index.php?rest_route=\/wp\/v2\/posts\/58844\/revisions"}],"predecessor-version":[{"id":58854,"href":"https:\/\/labestiapolitica.com.mx\/index.php?rest_route=\/wp\/v2\/posts\/58844\/revisions\/58854"}],"wp:featuredmedia":[{"embeddable":true,"href":"https:\/\/labestiapolitica.com.mx\/index.php?rest_route=\/wp\/v2\/media\/58845"}],"wp:attachment":[{"href":"https:\/\/labestiapolitica.com.mx\/index.php?rest_route=%2Fwp%2Fv2%2Fmedia&parent=58844"}],"wp:term":[{"taxonomy":"category","embeddable":true,"href":"https:\/\/labestiapolitica.com.mx\/index.php?rest_route=%2Fwp%2Fv2%2Fcategories&post=58844"},{"taxonomy":"post_tag","embeddable":true,"href":"https:\/\/labestiapolitica.com.mx\/index.php?rest_route=%2Fwp%2Fv2%2Ftags&post=58844"}],"curies":[{"name":"wp","href":"https:\/\/api.w.org\/{rel}","templated":true}]}}