{"id":58849,"date":"2026-01-20T13:21:05","date_gmt":"2026-01-20T19:21:05","guid":{"rendered":"https:\/\/labestiapolitica.com.mx\/?p=58849"},"modified":"2026-01-20T13:21:05","modified_gmt":"2026-01-20T19:21:05","slug":"%f0%9f%8c%8d%f0%9f%93%9a-en-madrid-gobernadora-lorena-cuellar-participa-en-el-seminario-tlaxcaltecas-y-espanoles-un-encuentro-que-marco-la-historia","status":"publish","type":"post","link":"https:\/\/labestiapolitica.com.mx\/?p=58849","title":{"rendered":"\ud83c\udf0d\ud83d\udcda En Madrid, gobernadora Lorena Cu\u00e9llar participa en el seminario \u201cTlaxcaltecas y espa\u00f1oles, un encuentro que marc\u00f3 la historia\u201d"},"content":{"rendered":"<p style=\"text-align: justify;\" data-start=\"143\" data-end=\"562\">La gobernadora de Tlaxcala, <span class=\"hover:entity-accent entity-underline inline cursor-pointer align-baseline\"><span class=\"whitespace-normal\">Lorena Cu\u00e9llar Cisneros<\/span><\/span>, particip\u00f3 en el Seminario \u201cTlaxcaltecas y espa\u00f1oles: un encuentro que marc\u00f3 la Historia (siglos XVI y XVII)\u201d, realizado en <span class=\"hover:entity-accent entity-underline inline cursor-pointer align-baseline\"><span class=\"whitespace-normal\">Casa de Am\u00e9rica<\/span><\/span>, en Madrid, como parte de la gira de promoci\u00f3n tur\u00edstica, cultural y comercial que encabeza en Espa\u00f1a en el marco de la <span class=\"hover:entity-accent entity-underline inline cursor-pointer align-baseline\"><span class=\"whitespace-normal\">Feria Internacional de Turismo<\/span><\/span> (FITUR) 2026.<\/p>\n<p style=\"text-align: justify;\" data-start=\"564\" data-end=\"959\">Ante autoridades, acad\u00e9micos e investigadores, as\u00ed como la secretaria de Turismo del Gobierno de M\u00e9xico, <span class=\"hover:entity-accent entity-underline inline cursor-pointer align-baseline\"><span class=\"whitespace-normal\">Josefina Rodr\u00edguez Zamora<\/span><\/span>, y <span class=\"hover:entity-accent entity-underline inline cursor-pointer align-baseline\"><span class=\"whitespace-normal\">Beatriz Paredes Rangel<\/span><\/span>, la mandataria subray\u00f3 que \u201cdecir que sin Tlaxcala no hay M\u00e9xico no es una consigna: es una conclusi\u00f3n hist\u00f3rica\u201d, al destacar el papel fundamental de la entidad en el origen y conformaci\u00f3n del pa\u00eds.<\/p>\n<p style=\"text-align: justify;\" data-start=\"961\" data-end=\"1300\">Durante su intervenci\u00f3n, Cu\u00e9llar Cisneros se\u00f1al\u00f3 que mirar la historia con rigor y justicia permite reconocer que Tlaxcala no fue un actor secundario, sino protagonista de un primer encuentro intercultural sin precedentes, sustentado en una tradici\u00f3n pol\u00edtica basada en el acuerdo, la deliberaci\u00f3n colectiva y la autonom\u00eda territorial.<\/p>\n<p style=\"text-align: justify;\" data-start=\"1302\" data-end=\"1586\">\u201cComo Gobernadora de Tlaxcala, esta conversaci\u00f3n me importa de manera muy especial. No s\u00f3lo por lo que dice la historia, sino por lo que dice de las personas que la han vivido, interpretado y transmitido. Para Tlaxcala, este di\u00e1logo significa ser mirados con mayor justicia\u201d, expres\u00f3.<\/p>\n<p style=\"text-align: justify;\" data-start=\"1588\" data-end=\"1940\">La gobernadora afirm\u00f3 que revisar el a\u00f1o 1519 no implica negar las consecuencias de la conquista, sino comprender que de ese encuentro surgieron procesos que trascendieron su tiempo, como la fundaci\u00f3n de ciudades y la expansi\u00f3n de la organizaci\u00f3n, lengua y memoria tlaxcalteca a distintos territorios de la Nueva Espa\u00f1a e incluso fuera de ella.<\/p>\n<p style=\"text-align: justify;\" data-start=\"1942\" data-end=\"2212\">Asimismo, destac\u00f3 el valor cultural del Lienzo de Tlaxcala como un testimonio temprano desde la perspectiva ind\u00edgena, que articula identidad, territorio y memoria, y que permite comprender c\u00f3mo un pueblo originario se pens\u00f3 a s\u00ed mismo en un mundo radicalmente nuevo.<\/p>\n<p style=\"text-align: justify;\" data-start=\"2214\" data-end=\"2450\">Cu\u00e9llar Cisneros se\u00f1al\u00f3 que Tlaxcala forma parte no s\u00f3lo de la historia nacional mexicana, sino de una historia iberoamericana compartida, marcada por procesos de negociaci\u00f3n, convivencia y reorganizaci\u00f3n entre sociedades distintas.<\/p>\n<p style=\"text-align: justify;\" data-start=\"2452\" data-end=\"2880\">La mandataria agradeci\u00f3 la hospitalidad del Gobierno de Espa\u00f1a, de la Secretar\u00eda General Iberoamericana (SEGIB), de la Agencia Espa\u00f1ola de Cooperaci\u00f3n Internacional para el Desarrollo, del <span class=\"hover:entity-accent entity-underline inline cursor-pointer align-baseline\"><span class=\"whitespace-normal\">Instituto Nacional de Antropolog\u00eda e Historia<\/span><\/span> (INAH) y de la Embajada de M\u00e9xico en Espa\u00f1a, y destac\u00f3 que este tipo de encuentros honran la historia cuando se revisa con apertura, rigor acad\u00e9mico y cooperaci\u00f3n institucional.<\/p>\n<p style=\"text-align: justify;\" data-start=\"2882\" data-end=\"3328\">El seminario cont\u00f3 con la presencia de <span class=\"hover:entity-accent entity-underline inline cursor-pointer align-baseline\"><span class=\"whitespace-normal\">Le\u00f3n de la Torre<\/span><\/span>, director general de Casa de Am\u00e9rica, y <span class=\"hover:entity-accent entity-underline inline cursor-pointer align-baseline\"><span class=\"whitespace-normal\">Eva Granados Galiano<\/span><\/span>. Se desarrollaron ponencias y mesas redondas con la participaci\u00f3n de especialistas de universidades e instituciones de M\u00e9xico y Espa\u00f1a, abordando temas como la evangelizaci\u00f3n, la presencia tlaxcalteca en Am\u00e9rica y Asia, y la alianza hist\u00f3rica entre tlaxcaltecas y la Corona espa\u00f1ola.<\/p>\n<p data-start=\"2882\" data-end=\"3328\"><img loading=\"lazy\" decoding=\"async\" class=\"alignnone size-full wp-image-58852\" src=\"https:\/\/labestiapolitica.com.mx\/wp-content\/uploads\/2026\/01\/WhatsApp-Image-2.jpeg\" alt=\"\" width=\"1280\" height=\"854\" srcset=\"https:\/\/labestiapolitica.com.mx\/wp-content\/uploads\/2026\/01\/WhatsApp-Image-2.jpeg 1280w, https:\/\/labestiapolitica.com.mx\/wp-content\/uploads\/2026\/01\/WhatsApp-Image-2-300x200.jpeg 300w, https:\/\/labestiapolitica.com.mx\/wp-content\/uploads\/2026\/01\/WhatsApp-Image-2-1024x683.jpeg 1024w, https:\/\/labestiapolitica.com.mx\/wp-content\/uploads\/2026\/01\/WhatsApp-Image-2-768x512.jpeg 768w\" sizes=\"auto, (max-width: 1280px) 100vw, 1280px\" \/> <img loading=\"lazy\" decoding=\"async\" class=\"alignnone size-full wp-image-58853\" src=\"https:\/\/labestiapolitica.com.mx\/wp-content\/uploads\/2026\/01\/WhatsApp-Image-2026-01-20-at-.jpeg\" alt=\"\" width=\"1280\" height=\"854\" srcset=\"https:\/\/labestiapolitica.com.mx\/wp-content\/uploads\/2026\/01\/WhatsApp-Image-2026-01-20-at-.jpeg 1280w, https:\/\/labestiapolitica.com.mx\/wp-content\/uploads\/2026\/01\/WhatsApp-Image-2026-01-20-at--300x200.jpeg 300w, https:\/\/labestiapolitica.com.mx\/wp-content\/uploads\/2026\/01\/WhatsApp-Image-2026-01-20-at--1024x683.jpeg 1024w, https:\/\/labestiapolitica.com.mx\/wp-content\/uploads\/2026\/01\/WhatsApp-Image-2026-01-20-at--768x512.jpeg 768w\" sizes=\"auto, (max-width: 1280px) 100vw, 1280px\" \/> <img loading=\"lazy\" decoding=\"async\" class=\"alignnone size-full wp-image-58855\" src=\"https:\/\/labestiapolitica.com.mx\/wp-content\/uploads\/2026\/01\/lorenasd.jpeg\" alt=\"\" width=\"739\" height=\"1600\" srcset=\"https:\/\/labestiapolitica.com.mx\/wp-content\/uploads\/2026\/01\/lorenasd.jpeg 739w, https:\/\/labestiapolitica.com.mx\/wp-content\/uploads\/2026\/01\/lorenasd-139x300.jpeg 139w, https:\/\/labestiapolitica.com.mx\/wp-content\/uploads\/2026\/01\/lorenasd-473x1024.jpeg 473w, https:\/\/labestiapolitica.com.mx\/wp-content\/uploads\/2026\/01\/lorenasd-709x1536.jpeg 709w\" sizes=\"auto, (max-width: 739px) 100vw, 739px\" \/> <img loading=\"lazy\" decoding=\"async\" class=\"alignnone size-full wp-image-58857\" src=\"https:\/\/labestiapolitica.com.mx\/wp-content\/uploads\/2026\/01\/WhatsApp-Image-2026-01-20-at-10.20.58-AM-2.jpeg\" alt=\"\" width=\"1280\" height=\"854\" srcset=\"https:\/\/labestiapolitica.com.mx\/wp-content\/uploads\/2026\/01\/WhatsApp-Image-2026-01-20-at-10.20.58-AM-2.jpeg 1280w, https:\/\/labestiapolitica.com.mx\/wp-content\/uploads\/2026\/01\/WhatsApp-Image-2026-01-20-at-10.20.58-AM-2-300x200.jpeg 300w, https:\/\/labestiapolitica.com.mx\/wp-content\/uploads\/2026\/01\/WhatsApp-Image-2026-01-20-at-10.20.58-AM-2-1024x683.jpeg 1024w, https:\/\/labestiapolitica.com.mx\/wp-content\/uploads\/2026\/01\/WhatsApp-Image-2026-01-20-at-10.20.58-AM-2-768x512.jpeg 768w\" sizes=\"auto, (max-width: 1280px) 100vw, 1280px\" \/> <img loading=\"lazy\" decoding=\"async\" class=\"alignnone size-full wp-image-58858\" src=\"https:\/\/labestiapolitica.com.mx\/wp-content\/uploads\/2026\/01\/WhatsApp-Image-2026-01-20-at-10.20.58-AM.jpeg\" alt=\"\" width=\"1280\" height=\"854\" srcset=\"https:\/\/labestiapolitica.com.mx\/wp-content\/uploads\/2026\/01\/WhatsApp-Image-2026-01-20-at-10.20.58-AM.jpeg 1280w, https:\/\/labestiapolitica.com.mx\/wp-content\/uploads\/2026\/01\/WhatsApp-Image-2026-01-20-at-10.20.58-AM-300x200.jpeg 300w, https:\/\/labestiapolitica.com.mx\/wp-content\/uploads\/2026\/01\/WhatsApp-Image-2026-01-20-at-10.20.58-AM-1024x683.jpeg 1024w, https:\/\/labestiapolitica.com.mx\/wp-content\/uploads\/2026\/01\/WhatsApp-Image-2026-01-20-at-10.20.58-AM-768x512.jpeg 768w\" sizes=\"auto, (max-width: 1280px) 100vw, 1280px\" \/><\/p>\n","protected":false},"excerpt":{"rendered":"<p>La gobernadora de Tlaxcala, Lorena Cu\u00e9llar Cisneros, particip\u00f3 en el Seminario \u201cTlaxcaltecas y espa\u00f1oles: un encuentro que marc\u00f3 la Historia (siglos XVI y XVII)\u201d, realizado en Casa de Am\u00e9rica, en Madrid, como parte de la gira de promoci\u00f3n tur\u00edstica, cultural y comercial que encabeza en Espa\u00f1a en el marco de la Feria Internacional de Turismo [&hellip;]<\/p>\n","protected":false},"author":3,"featured_media":58850,"comment_status":"open","ping_status":"open","sticky":false,"template":"","format":"standard","meta":{"footnotes":""},"categories":[236],"tags":[],"class_list":["post-58849","post","type-post","status-publish","format-standard","has-post-thumbnail","hentry","category-gobierno-de-tlaxcala"],"amp_enabled":true,"_links":{"self":[{"href":"https:\/\/labestiapolitica.com.mx\/index.php?rest_route=\/wp\/v2\/posts\/58849","targetHints":{"allow":["GET"]}}],"collection":[{"href":"https:\/\/labestiapolitica.com.mx\/index.php?rest_route=\/wp\/v2\/posts"}],"about":[{"href":"https:\/\/labestiapolitica.com.mx\/index.php?rest_route=\/wp\/v2\/types\/post"}],"author":[{"embeddable":true,"href":"https:\/\/labestiapolitica.com.mx\/index.php?rest_route=\/wp\/v2\/users\/3"}],"replies":[{"embeddable":true,"href":"https:\/\/labestiapolitica.com.mx\/index.php?rest_route=%2Fwp%2Fv2%2Fcomments&post=58849"}],"version-history":[{"count":1,"href":"https:\/\/labestiapolitica.com.mx\/index.php?rest_route=\/wp\/v2\/posts\/58849\/revisions"}],"predecessor-version":[{"id":58859,"href":"https:\/\/labestiapolitica.com.mx\/index.php?rest_route=\/wp\/v2\/posts\/58849\/revisions\/58859"}],"wp:featuredmedia":[{"embeddable":true,"href":"https:\/\/labestiapolitica.com.mx\/index.php?rest_route=\/wp\/v2\/media\/58850"}],"wp:attachment":[{"href":"https:\/\/labestiapolitica.com.mx\/index.php?rest_route=%2Fwp%2Fv2%2Fmedia&parent=58849"}],"wp:term":[{"taxonomy":"category","embeddable":true,"href":"https:\/\/labestiapolitica.com.mx\/index.php?rest_route=%2Fwp%2Fv2%2Fcategories&post=58849"},{"taxonomy":"post_tag","embeddable":true,"href":"https:\/\/labestiapolitica.com.mx\/index.php?rest_route=%2Fwp%2Fv2%2Ftags&post=58849"}],"curies":[{"name":"wp","href":"https:\/\/api.w.org\/{rel}","templated":true}]}}