{"id":58860,"date":"2026-01-20T13:32:05","date_gmt":"2026-01-20T19:32:05","guid":{"rendered":"https:\/\/labestiapolitica.com.mx\/?p=58860"},"modified":"2026-01-20T13:32:05","modified_gmt":"2026-01-20T19:32:05","slug":"%f0%9f%8c%8d%e2%9c%88%ef%b8%8f-lorena-cuellar-presenta-la-estrategia-destino-tlaxcala-ante-tour-operadores-y-medios-especializados-en-espana","status":"publish","type":"post","link":"https:\/\/labestiapolitica.com.mx\/?p=58860","title":{"rendered":"\ud83c\udf0d\u2708\ufe0f Lorena Cu\u00e9llar presenta la estrategia \u201cDestino Tlaxcala\u201d ante tour operadores y medios especializados en Espa\u00f1a"},"content":{"rendered":"<p style=\"text-align: justify;\" data-start=\"128\" data-end=\"512\">Desde <span class=\"hover:entity-accent entity-underline inline cursor-pointer align-baseline\"><span class=\"whitespace-normal\">Casa M\u00e9xico<\/span><\/span>, en Madrid, la gobernadora <span class=\"hover:entity-accent entity-underline inline cursor-pointer align-baseline\"><span class=\"whitespace-normal\">Lorena Cu\u00e9llar Cisneros<\/span><\/span> present\u00f3 la estrategia \u201cDestino Tlaxcala\u201d, con la que el estado busca posicionarse como puerta de entrada cultural a M\u00e9xico para visitantes internacionales, a partir de una oferta basada en historia viva, convivencia comunitaria y experiencias aut\u00e9nticas.<\/p>\n<p style=\"text-align: justify;\" data-start=\"514\" data-end=\"808\">En el marco de la <span class=\"hover:entity-accent entity-underline inline cursor-pointer align-baseline\"><span class=\"whitespace-normal\">Feria Internacional de Turismo<\/span><\/span> (FITUR) 2026, la mandataria destac\u00f3 que Tlaxcala se presenta como un destino confiable, seguro y con identidad propia, respaldado por un incremento superior al 400 % en la captaci\u00f3n de turistas extranjeros en los \u00faltimos a\u00f1os.<\/p>\n<p style=\"text-align: justify;\" data-start=\"810\" data-end=\"1290\">Acompa\u00f1ada por el secretario de Turismo, <span class=\"hover:entity-accent entity-underline inline cursor-pointer align-baseline\"><span class=\"whitespace-normal\">Fabricio Mena Rodr\u00edguez<\/span><\/span>, y el coordinador de Comunicaci\u00f3n del Gobierno del Estado, <span class=\"hover:entity-accent entity-underline inline cursor-pointer align-baseline\"><span class=\"whitespace-normal\">Antonio Mart\u00ednez Vel\u00e1zquez<\/span><\/span>, Cu\u00e9llar Cisneros sostuvo un encuentro con tour operadores y medios especializados durante el evento <em data-start=\"1099\" data-end=\"1139\">\u201cComercializaci\u00f3n de destino Tlaxcala\u201d<\/em>, donde subray\u00f3 que la proyecci\u00f3n internacional responde a una visi\u00f3n de largo plazo para fortalecer el turismo como motor de desarrollo local.<\/p>\n<p style=\"text-align: justify;\" data-start=\"1292\" data-end=\"1584\">En este contexto, resalt\u00f3 que Tlaxcala ser\u00e1 el primer estado del pa\u00eds en contar con un Polo de Bienestar y Desarrollo Econ\u00f3mico, proyecto que articular\u00e1 infraestructura, inversi\u00f3n y vocaci\u00f3n productiva con la actividad tur\u00edstica, para generar mayor derrama econ\u00f3mica y empleo.<\/p>\n<p style=\"text-align: justify;\" data-start=\"1586\" data-end=\"1869\">La gobernadora se\u00f1al\u00f3 que uno de los pilares de la estrategia es la seguridad, factor clave para generar confianza en mercados internacionales, atraer inversi\u00f3n y albergar eventos deportivos de talla mundial, manteniendo a Tlaxcala entre los estados m\u00e1s seguros del pa\u00eds.<\/p>\n<p style=\"text-align: justify;\" data-start=\"1871\" data-end=\"2135\">\u201cM\u00e9xico se conoce mejor cuando se empieza por su origen, y ese origen est\u00e1 en Tlaxcala\u201d, expres\u00f3, al enfatizar que el objetivo no es solo atraer visitantes, sino construir relaciones basadas en la integraci\u00f3n a la vida local y el respeto a las tradiciones.<\/p>\n<p style=\"text-align: justify;\" data-start=\"2137\" data-end=\"2800\">Durante la presentaci\u00f3n, Fabricio Mena expuso la oferta integral del estado: patrimonio hist\u00f3rico, riqueza cultural, gastronom\u00eda tradicional y atractivos naturales con enfoque de conservaci\u00f3n y sostenibilidad. Destac\u00f3 zonas arqueol\u00f3gicas como <span class=\"hover:entity-accent entity-underline inline cursor-pointer align-baseline\"><span class=\"whitespace-normal\">Cacaxtla<\/span><\/span>, as\u00ed como sitios clave como <span class=\"hover:entity-accent entity-underline inline cursor-pointer align-baseline\"><span class=\"whitespace-normal\">Xicoht\u00e9ncatl<\/span><\/span>, <span class=\"hover:entity-accent entity-underline inline cursor-pointer align-baseline\"><span class=\"whitespace-normal\">Teocoaque<\/span><\/span> y <span class=\"hover:entity-accent entity-underline inline cursor-pointer align-baseline\"><span class=\"whitespace-normal\">Tizatl\u00e1n<\/span><\/span>. Tambi\u00e9n resalt\u00f3 el patrimonio art\u00edstico y arquitect\u00f3nico, la Talavera con denominaci\u00f3n de origen compartida, el uso de ma\u00edces nativos y el reconocimiento de Tlaxcala como cuna de los tacos de canasta.<\/p>\n<p style=\"text-align: justify;\" data-start=\"2802\" data-end=\"3223\">Posteriormente, la <span class=\"hover:entity-accent entity-underline inline cursor-pointer align-baseline\"><span class=\"whitespace-normal\">Secretar\u00eda de Turismo de Tlaxcala<\/span><\/span> firm\u00f3 dos Cartas Compromiso para la promoci\u00f3n tur\u00edstica del estado, con la gobernadora como testigo de honor: una con <span class=\"hover:entity-accent entity-underline inline cursor-pointer align-baseline\"><span class=\"whitespace-normal\">Consejo Nacional de Exportadores de Servicios Tur\u00edsticos<\/span><\/span> (Conexstur), presidido por <span class=\"hover:entity-accent entity-underline inline cursor-pointer align-baseline\"><span class=\"whitespace-normal\">Birgit Grund<\/span><\/span>, y otra con la <span class=\"hover:entity-accent entity-underline inline cursor-pointer align-baseline\"><span class=\"whitespace-normal\">Asociaci\u00f3n Metropolitana de Agencias de Viajes<\/span><\/span>, encabezada por <span class=\"hover:entity-accent entity-underline inline cursor-pointer align-baseline\"><span class=\"whitespace-normal\">Alicia Hern\u00e1ndez Ortega<\/span><\/span>.<\/p>\n<p style=\"text-align: justify;\" data-start=\"3225\" data-end=\"3455\">Ambos instrumentos fortalecer\u00e1n la proyecci\u00f3n internacional de Tlaxcala, al vincularlo con redes clave de tour operadores, agencias de viajes, aerol\u00edneas, hoteles y navieras, impulsando el flujo tur\u00edstico hacia la entidad.<\/p>\n<p data-start=\"3225\" data-end=\"3455\"><img loading=\"lazy\" decoding=\"async\" class=\"alignnone size-full wp-image-58863\" src=\"https:\/\/labestiapolitica.com.mx\/wp-content\/uploads\/2026\/01\/WhatsApp-Image-2026-01-20-at-11.22.54-AM.jpeg\" alt=\"\" width=\"1280\" height=\"854\" srcset=\"https:\/\/labestiapolitica.com.mx\/wp-content\/uploads\/2026\/01\/WhatsApp-Image-2026-01-20-at-11.22.54-AM.jpeg 1280w, https:\/\/labestiapolitica.com.mx\/wp-content\/uploads\/2026\/01\/WhatsApp-Image-2026-01-20-at-11.22.54-AM-300x200.jpeg 300w, https:\/\/labestiapolitica.com.mx\/wp-content\/uploads\/2026\/01\/WhatsApp-Image-2026-01-20-at-11.22.54-AM-1024x683.jpeg 1024w, https:\/\/labestiapolitica.com.mx\/wp-content\/uploads\/2026\/01\/WhatsApp-Image-2026-01-20-at-11.22.54-AM-768x512.jpeg 768w\" sizes=\"auto, (max-width: 1280px) 100vw, 1280px\" \/> <img loading=\"lazy\" decoding=\"async\" class=\"alignnone size-full wp-image-58864\" src=\"https:\/\/labestiapolitica.com.mx\/wp-content\/uploads\/2026\/01\/WhatsApp-Image-2026-01-20-at-11.22.55-AM-1.jpeg\" alt=\"\" width=\"1280\" height=\"854\" srcset=\"https:\/\/labestiapolitica.com.mx\/wp-content\/uploads\/2026\/01\/WhatsApp-Image-2026-01-20-at-11.22.55-AM-1.jpeg 1280w, https:\/\/labestiapolitica.com.mx\/wp-content\/uploads\/2026\/01\/WhatsApp-Image-2026-01-20-at-11.22.55-AM-1-300x200.jpeg 300w, https:\/\/labestiapolitica.com.mx\/wp-content\/uploads\/2026\/01\/WhatsApp-Image-2026-01-20-at-11.22.55-AM-1-1024x683.jpeg 1024w, https:\/\/labestiapolitica.com.mx\/wp-content\/uploads\/2026\/01\/WhatsApp-Image-2026-01-20-at-11.22.55-AM-1-768x512.jpeg 768w\" sizes=\"auto, (max-width: 1280px) 100vw, 1280px\" \/> <img loading=\"lazy\" decoding=\"async\" class=\"alignnone size-full wp-image-58865\" src=\"https:\/\/labestiapolitica.com.mx\/wp-content\/uploads\/2026\/01\/WhatsApp-Image-2026-01-20-at-11.22.55-AM.jpeg\" alt=\"\" width=\"1280\" height=\"854\" srcset=\"https:\/\/labestiapolitica.com.mx\/wp-content\/uploads\/2026\/01\/WhatsApp-Image-2026-01-20-at-11.22.55-AM.jpeg 1280w, https:\/\/labestiapolitica.com.mx\/wp-content\/uploads\/2026\/01\/WhatsApp-Image-2026-01-20-at-11.22.55-AM-300x200.jpeg 300w, https:\/\/labestiapolitica.com.mx\/wp-content\/uploads\/2026\/01\/WhatsApp-Image-2026-01-20-at-11.22.55-AM-1024x683.jpeg 1024w, https:\/\/labestiapolitica.com.mx\/wp-content\/uploads\/2026\/01\/WhatsApp-Image-2026-01-20-at-11.22.55-AM-768x512.jpeg 768w\" sizes=\"auto, (max-width: 1280px) 100vw, 1280px\" \/><\/p>\n<p data-start=\"3225\" data-end=\"3455\"><img loading=\"lazy\" decoding=\"async\" class=\"alignnone size-full wp-image-58866\" src=\"https:\/\/labestiapolitica.com.mx\/wp-content\/uploads\/2026\/01\/WhatsApp-Image-2026-01-20-at-11.23.05-AM-1-1.jpeg\" alt=\"\" width=\"1280\" height=\"854\" srcset=\"https:\/\/labestiapolitica.com.mx\/wp-content\/uploads\/2026\/01\/WhatsApp-Image-2026-01-20-at-11.23.05-AM-1-1.jpeg 1280w, https:\/\/labestiapolitica.com.mx\/wp-content\/uploads\/2026\/01\/WhatsApp-Image-2026-01-20-at-11.23.05-AM-1-1-300x200.jpeg 300w, https:\/\/labestiapolitica.com.mx\/wp-content\/uploads\/2026\/01\/WhatsApp-Image-2026-01-20-at-11.23.05-AM-1-1-1024x683.jpeg 1024w, https:\/\/labestiapolitica.com.mx\/wp-content\/uploads\/2026\/01\/WhatsApp-Image-2026-01-20-at-11.23.05-AM-1-1-768x512.jpeg 768w\" sizes=\"auto, (max-width: 1280px) 100vw, 1280px\" \/> <img loading=\"lazy\" decoding=\"async\" class=\"alignnone size-full wp-image-58867\" src=\"https:\/\/labestiapolitica.com.mx\/wp-content\/uploads\/2026\/01\/WhatsApp-Image-2026-01-20-at-11.23.05-AM.jpeg\" alt=\"\" width=\"1280\" height=\"854\" srcset=\"https:\/\/labestiapolitica.com.mx\/wp-content\/uploads\/2026\/01\/WhatsApp-Image-2026-01-20-at-11.23.05-AM.jpeg 1280w, https:\/\/labestiapolitica.com.mx\/wp-content\/uploads\/2026\/01\/WhatsApp-Image-2026-01-20-at-11.23.05-AM-300x200.jpeg 300w, https:\/\/labestiapolitica.com.mx\/wp-content\/uploads\/2026\/01\/WhatsApp-Image-2026-01-20-at-11.23.05-AM-1024x683.jpeg 1024w, https:\/\/labestiapolitica.com.mx\/wp-content\/uploads\/2026\/01\/WhatsApp-Image-2026-01-20-at-11.23.05-AM-768x512.jpeg 768w\" sizes=\"auto, (max-width: 1280px) 100vw, 1280px\" \/> <img loading=\"lazy\" decoding=\"async\" class=\"alignnone size-full wp-image-58868\" src=\"https:\/\/labestiapolitica.com.mx\/wp-content\/uploads\/2026\/01\/WhatsApp-Image-2026-01-20-at-11.22.56-AM.jpeg\" alt=\"\" width=\"1280\" height=\"854\" srcset=\"https:\/\/labestiapolitica.com.mx\/wp-content\/uploads\/2026\/01\/WhatsApp-Image-2026-01-20-at-11.22.56-AM.jpeg 1280w, https:\/\/labestiapolitica.com.mx\/wp-content\/uploads\/2026\/01\/WhatsApp-Image-2026-01-20-at-11.22.56-AM-300x200.jpeg 300w, https:\/\/labestiapolitica.com.mx\/wp-content\/uploads\/2026\/01\/WhatsApp-Image-2026-01-20-at-11.22.56-AM-1024x683.jpeg 1024w, https:\/\/labestiapolitica.com.mx\/wp-content\/uploads\/2026\/01\/WhatsApp-Image-2026-01-20-at-11.22.56-AM-768x512.jpeg 768w\" sizes=\"auto, (max-width: 1280px) 100vw, 1280px\" \/> <img loading=\"lazy\" decoding=\"async\" class=\"alignnone size-full wp-image-58869\" src=\"https:\/\/labestiapolitica.com.mx\/wp-content\/uploads\/2026\/01\/WhatsApp-Image-2026-01-20-at-11.22.57-AM-1.jpeg\" alt=\"\" width=\"1280\" height=\"854\" srcset=\"https:\/\/labestiapolitica.com.mx\/wp-content\/uploads\/2026\/01\/WhatsApp-Image-2026-01-20-at-11.22.57-AM-1.jpeg 1280w, https:\/\/labestiapolitica.com.mx\/wp-content\/uploads\/2026\/01\/WhatsApp-Image-2026-01-20-at-11.22.57-AM-1-300x200.jpeg 300w, https:\/\/labestiapolitica.com.mx\/wp-content\/uploads\/2026\/01\/WhatsApp-Image-2026-01-20-at-11.22.57-AM-1-1024x683.jpeg 1024w, https:\/\/labestiapolitica.com.mx\/wp-content\/uploads\/2026\/01\/WhatsApp-Image-2026-01-20-at-11.22.57-AM-1-768x512.jpeg 768w\" sizes=\"auto, (max-width: 1280px) 100vw, 1280px\" \/><\/p>\n<p data-start=\"3225\" data-end=\"3455\"><img loading=\"lazy\" decoding=\"async\" class=\"alignnone size-full wp-image-58870\" src=\"https:\/\/labestiapolitica.com.mx\/wp-content\/uploads\/2026\/01\/WhatsApp-Image-2026-01-20-at-11.22.57-AM.jpeg\" alt=\"\" width=\"1280\" height=\"854\" srcset=\"https:\/\/labestiapolitica.com.mx\/wp-content\/uploads\/2026\/01\/WhatsApp-Image-2026-01-20-at-11.22.57-AM.jpeg 1280w, https:\/\/labestiapolitica.com.mx\/wp-content\/uploads\/2026\/01\/WhatsApp-Image-2026-01-20-at-11.22.57-AM-300x200.jpeg 300w, https:\/\/labestiapolitica.com.mx\/wp-content\/uploads\/2026\/01\/WhatsApp-Image-2026-01-20-at-11.22.57-AM-1024x683.jpeg 1024w, https:\/\/labestiapolitica.com.mx\/wp-content\/uploads\/2026\/01\/WhatsApp-Image-2026-01-20-at-11.22.57-AM-768x512.jpeg 768w\" sizes=\"auto, (max-width: 1280px) 100vw, 1280px\" \/><\/p>\n","protected":false},"excerpt":{"rendered":"<p>Desde Casa M\u00e9xico, en Madrid, la gobernadora Lorena Cu\u00e9llar Cisneros present\u00f3 la estrategia \u201cDestino Tlaxcala\u201d, con la que el estado busca posicionarse como puerta de entrada cultural a M\u00e9xico para visitantes internacionales, a partir de una oferta basada en historia viva, convivencia comunitaria y experiencias aut\u00e9nticas. En el marco de la Feria Internacional de Turismo [&hellip;]<\/p>\n","protected":false},"author":3,"featured_media":58862,"comment_status":"open","ping_status":"open","sticky":false,"template":"","format":"standard","meta":{"footnotes":""},"categories":[236],"tags":[],"class_list":["post-58860","post","type-post","status-publish","format-standard","has-post-thumbnail","hentry","category-gobierno-de-tlaxcala"],"amp_enabled":true,"_links":{"self":[{"href":"https:\/\/labestiapolitica.com.mx\/index.php?rest_route=\/wp\/v2\/posts\/58860","targetHints":{"allow":["GET"]}}],"collection":[{"href":"https:\/\/labestiapolitica.com.mx\/index.php?rest_route=\/wp\/v2\/posts"}],"about":[{"href":"https:\/\/labestiapolitica.com.mx\/index.php?rest_route=\/wp\/v2\/types\/post"}],"author":[{"embeddable":true,"href":"https:\/\/labestiapolitica.com.mx\/index.php?rest_route=\/wp\/v2\/users\/3"}],"replies":[{"embeddable":true,"href":"https:\/\/labestiapolitica.com.mx\/index.php?rest_route=%2Fwp%2Fv2%2Fcomments&post=58860"}],"version-history":[{"count":1,"href":"https:\/\/labestiapolitica.com.mx\/index.php?rest_route=\/wp\/v2\/posts\/58860\/revisions"}],"predecessor-version":[{"id":58871,"href":"https:\/\/labestiapolitica.com.mx\/index.php?rest_route=\/wp\/v2\/posts\/58860\/revisions\/58871"}],"wp:featuredmedia":[{"embeddable":true,"href":"https:\/\/labestiapolitica.com.mx\/index.php?rest_route=\/wp\/v2\/media\/58862"}],"wp:attachment":[{"href":"https:\/\/labestiapolitica.com.mx\/index.php?rest_route=%2Fwp%2Fv2%2Fmedia&parent=58860"}],"wp:term":[{"taxonomy":"category","embeddable":true,"href":"https:\/\/labestiapolitica.com.mx\/index.php?rest_route=%2Fwp%2Fv2%2Fcategories&post=58860"},{"taxonomy":"post_tag","embeddable":true,"href":"https:\/\/labestiapolitica.com.mx\/index.php?rest_route=%2Fwp%2Fv2%2Ftags&post=58860"}],"curies":[{"name":"wp","href":"https:\/\/api.w.org\/{rel}","templated":true}]}}